{"id":37840,"date":"2026-04-29T08:21:06","date_gmt":"2026-04-29T08:21:06","guid":{"rendered":"https:\/\/acronoticias.com\/index.php\/2026\/04\/29\/el-inabie-interviene-sabana-perdida-con-jornada-de-salud-en-beneficio-de-mas-de-1000-estudiantes\/"},"modified":"2026-04-29T08:21:06","modified_gmt":"2026-04-29T08:21:06","slug":"el-inabie-interviene-sabana-perdida-con-jornada-de-salud-en-beneficio-de-mas-de-1000-estudiantes","status":"publish","type":"post","link":"https:\/\/acronoticias.com\/index.php\/2026\/04\/29\/el-inabie-interviene-sabana-perdida-con-jornada-de-salud-en-beneficio-de-mas-de-1000-estudiantes\/","title":{"rendered":"El INABIE interviene Sabana Perdida con jornada de salud en beneficio de m\u00e1s de 1,000 estudiantes"},"content":{"rendered":"<div>\n<p><strong>Santo Domingo Norte. \u2013<\/strong> El Instituto Nacional de Bienestar Estudiantil (INABIE) lleva a cabo una Jornada de Salud Integral en Sabana Perdida, beneficiando a m\u00e1s de mil estudiantes de distintos centros educativos, como parte de sus esfuerzos por fortalecer el bienestar de la poblaci\u00f3n estudiantil.<\/p>\n<p>La iniciativa impacta a alumnos de la Escuela Primaria Mara\u00f1\u00f3n I, as\u00ed como de los centros educativos Cardenal Sancha (Fe y Alegr\u00eda), Mar\u00eda Teresa Mirabal (Fe y Esperanza), Mar\u00eda Teresa Mirabal y el Centro Cristiano de Educaci\u00f3n para Sordos, quienes reciben atenciones en diversas \u00e1reas de la salud.<\/p>\n<p>Durante un recorrido por la jornada, el director ejecutivo del INABIE, Adolfo P\u00e9rez, reafirm\u00f3 el compromiso de la instituci\u00f3n de acercar servicios m\u00e9dicos esenciales a las comunidades educativas.<\/p>\n<p>\u201cCon esta jornada seguimos garantizando atenci\u00f3n oportuna y de calidad para los estudiantes. Para este 2026, tenemos programadas m\u00e1s de 10 jornadas integrales a nivel nacional. Ya hemos realizado cuatro y proyectamos beneficiar a m\u00e1s de medio mill\u00f3n de alumnos del sistema educativo p\u00fablico\u201d, expres\u00f3.<\/p>\n<p>El INABIE destac\u00f3 que estas jornadas est\u00e1n enfocadas en la prevenci\u00f3n, el diagn\u00f3stico temprano y la atenci\u00f3n oportuna, con el objetivo de reducir las barreras de acceso a servicios m\u00e9dicos y contribuir con el desarrollo integral de los estudiantes.<\/p>\n<p><strong>Servicios ofrecidos<\/strong><\/p>\n<p>En el \u00e1rea de salud bucal, el equipo m\u00e9dico del INABIE realiza procedimientos como restauraciones dentales, extracciones, profilaxis, aplicaci\u00f3n de fl\u00faor y evaluaciones especializadas.<\/p>\n<p>En salud visual, los estudiantes son evaluados mediante oftalmoscopia, autorefracci\u00f3n, pruebas de lentes y tonometr\u00eda. Aquellos que requer\u00edan correcci\u00f3n visual recibieron la prescripci\u00f3n y, posteriormente, los lentes fabricados por la instituci\u00f3n.<\/p>\n<p>Asimismo, en medicina auditiva realizan audiometr\u00edas y adaptaci\u00f3n de auxiliares auditivos, los cuales son entregados de manera inmediata a quienes los necesitaban.<\/p>\n<p>En el componente de salud preventiva y nutricional, efect\u00faan chequeos generales y suministran medicamentos para afecciones comunes en edad escolar.<\/p>\n<p><strong>Valoraci\u00f3n de la comunidad<\/strong><\/p>\n<p>Padres y tutores destacaron el impacto positivo de la jornada. Flogenly Sajuin, madre de un estudiante beneficiado, resalt\u00f3 la importancia del apoyo recibido.<\/p>\n<p>\u201cMi hijo tiene problemas de la vista y gracias a esta ayuda podr\u00e1 aprender mejor. No siempre contamos con los recursos para consultas m\u00e9dicas, por lo que esto representa una gran oportunidad para su desarrollo\u201d, manifest\u00f3.<\/p>\n<p>De igual forma, la directora del centro educativo, Santa Reyes, calific\u00f3 la jornada como un respaldo significativo para la comunidad escolar.<\/p>\n<p>\u201cEsta iniciativa permite que los estudiantes reciban atenciones de salud sin interrumpir su proceso educativo, adem\u00e1s de representar un alivio para muchas familias\u201d, se\u00f1al\u00f3.<\/p>\n<p>Durante el recorrido, el director ejecutivo del INABIE estuvo acompa\u00f1ado por el director de Salud y Nutrici\u00f3n de la instituci\u00f3n, Luis Lizardo; la directora de la Regional 10 de Educaci\u00f3n, Dominga Mosquea; la directora del Distrito Educativo 10-02, Lucibel Silva; los subdirectores de Promese\/Cal, Andrea Dif\u00f3 y Carlos Padilla, y la regidora Adalgisa N\u00fa\u00f1ez.<\/p>\n<p>Con este tipo de acciones, el INABIE reafirma su compromiso de garantizar mejores condiciones de salud para los estudiantes, contribuyendo con su aprendizaje y desarrollo integral.<\/p>\n<\/div>\n","protected":false},"excerpt":{"rendered":"<p>Santo Domingo Norte. \u2013 El Instituto Nacional de Bienestar Estudiantil (INABIE) lleva a cabo una Jornada de Salud Integral en Sabana Perdida, beneficiando a m\u00e1s de mil estudiantes de distintos centros educativos, como parte de sus esfuerzos por fortalecer el bienestar de la poblaci\u00f3n estudiantil. La iniciativa impacta a alumnos de la Escuela Primaria Mara\u00f1\u00f3n<\/p>\n","protected":false},"author":1,"featured_media":37841,"comment_status":"open","ping_status":"open","sticky":false,"template":"","format":"standard","meta":{"footnotes":""},"categories":[1],"tags":[],"class_list":["post-37840","post","type-post","status-publish","format-standard","has-post-thumbnail","hentry","category-nacionales"],"_links":{"self":[{"href":"https:\/\/acronoticias.com\/index.php\/wp-json\/wp\/v2\/posts\/37840","targetHints":{"allow":["GET"]}}],"collection":[{"href":"https:\/\/acronoticias.com\/index.php\/wp-json\/wp\/v2\/posts"}],"about":[{"href":"https:\/\/acronoticias.com\/index.php\/wp-json\/wp\/v2\/types\/post"}],"author":[{"embeddable":true,"href":"https:\/\/acronoticias.com\/index.php\/wp-json\/wp\/v2\/users\/1"}],"replies":[{"embeddable":true,"href":"https:\/\/acronoticias.com\/index.php\/wp-json\/wp\/v2\/comments?post=37840"}],"version-history":[{"count":0,"href":"https:\/\/acronoticias.com\/index.php\/wp-json\/wp\/v2\/posts\/37840\/revisions"}],"wp:featuredmedia":[{"embeddable":true,"href":"https:\/\/acronoticias.com\/index.php\/wp-json\/wp\/v2\/media\/37841"}],"wp:attachment":[{"href":"https:\/\/acronoticias.com\/index.php\/wp-json\/wp\/v2\/media?parent=37840"}],"wp:term":[{"taxonomy":"category","embeddable":true,"href":"https:\/\/acronoticias.com\/index.php\/wp-json\/wp\/v2\/categories?post=37840"},{"taxonomy":"post_tag","embeddable":true,"href":"https:\/\/acronoticias.com\/index.php\/wp-json\/wp\/v2\/tags?post=37840"}],"curies":[{"name":"wp","href":"https:\/\/api.w.org\/{rel}","templated":true}]}}