{"id":37836,"date":"2026-04-29T08:05:05","date_gmt":"2026-04-29T08:05:05","guid":{"rendered":"https:\/\/acronoticias.com\/index.php\/2026\/04\/29\/rd150-millones-para-transformar-la-movilidad-en-los-praditos\/"},"modified":"2026-04-29T08:05:05","modified_gmt":"2026-04-29T08:05:05","slug":"rd150-millones-para-transformar-la-movilidad-en-los-praditos","status":"publish","type":"post","link":"https:\/\/acronoticias.com\/index.php\/2026\/04\/29\/rd150-millones-para-transformar-la-movilidad-en-los-praditos\/","title":{"rendered":"RD$150 millones para transformar la movilidad en Los Praditos"},"content":{"rendered":"<div data-td-block-uid=\"tdi_100\">\n<div class=\"tdb-block-inner td-fix-index\">\n<p><strong>SANTO DOMINGO.<\/strong>\u2013 Con una inversi\u00f3n de RD$150 millones, el Ministerio de Vivienda, H\u00e1bitat y Edificaciones (Mivhed) inici\u00f3 la transformaci\u00f3n vial y urbana del sector Los Praditos, en el Distrito Nacional, con el objetivo de corregir m\u00e1s de cinco d\u00e9cadas de caos en la movilidad y recuperar espacios p\u00fablicos para la comunidad.<\/p>\n<p>El proyecto, encabezado por el ministro V\u00edctor -Ito- Bison\u00f3, contempla la ampliaci\u00f3n y conexi\u00f3n de las calles 6, 9 y 11, lo que permitir\u00e1 enlazar la avenida Olof Palme con la calle Heriberto N\u00fa\u00f1ez y abrir nuevos ejes internos hacia la Doctor Defill\u00f3. La intervenci\u00f3n incluye aceras seguras, iluminaci\u00f3n LED, \u00e1reas verdes, parqueos p\u00fablicos y mobiliario urbano.<\/p>\n<figure class=\"wp-block-image size-large\"><img data-recalc-dims=\"1\" fetchpriority=\"high\" decoding=\"async\" width=\"683\" height=\"1024\" data-attachment-id=\"499424\" data-permalink=\"https:\/\/rnn.com.do\/rd150-millones-para-transformar-la-movilidad-en-los-praditos\/to-bisono-presenta-proyecto-vial-y-urbano-en-los-praditos-con-inversion-de-rd150-millones-4\/\" data-orig-file=\"https:\/\/i0.wp.com\/rnn.com.do\/wp-content\/uploads\/2026\/04\/to-Bisono-presenta-proyecto-vial-y-urbano-en-Los-Praditos-con-inversion-de-RD150-millones-4.jpeg?fit=854%2C1280&amp;ssl=1\" data-orig-size=\"854,1280\" data-comments-opened=\"1\" data-image-meta=\"{&quot;aperture&quot;:&quot;0&quot;,&quot;credit&quot;:&quot;&quot;,&quot;camera&quot;:&quot;&quot;,&quot;caption&quot;:&quot;&quot;,&quot;created_timestamp&quot;:&quot;0&quot;,&quot;copyright&quot;:&quot;&quot;,&quot;focal_length&quot;:&quot;0&quot;,&quot;iso&quot;:&quot;0&quot;,&quot;shutter_speed&quot;:&quot;0&quot;,&quot;title&quot;:&quot;&quot;,&quot;orientation&quot;:&quot;0&quot;}\" data-image-title=\"to-Bisono-presenta-proyecto-vial-y-urbano-en-Los-Praditos-con-inversion-de-RD150-millones-4\" data-image-description=\"\" data-image-caption=\"\" data-large-file=\"https:\/\/i0.wp.com\/rnn.com.do\/wp-content\/uploads\/2026\/04\/to-Bisono-presenta-proyecto-vial-y-urbano-en-Los-Praditos-con-inversion-de-RD150-millones-4.jpeg?fit=683%2C1024&amp;ssl=1\" src=\"https:\/\/i0.wp.com\/rnn.com.do\/wp-content\/uploads\/2026\/04\/to-Bisono-presenta-proyecto-vial-y-urbano-en-Los-Praditos-con-inversion-de-RD150-millones-4.jpeg?resize=683%2C1024&amp;ssl=1\" alt=\"\" class=\"wp-image-499424\" srcset=\"https:\/\/i0.wp.com\/rnn.com.do\/wp-content\/uploads\/2026\/04\/to-Bisono-presenta-proyecto-vial-y-urbano-en-Los-Praditos-con-inversion-de-RD150-millones-4.jpeg?resize=683%2C1024&amp;ssl=1 683w, https:\/\/i0.wp.com\/rnn.com.do\/wp-content\/uploads\/2026\/04\/to-Bisono-presenta-proyecto-vial-y-urbano-en-Los-Praditos-con-inversion-de-RD150-millones-4.jpeg?resize=200%2C300&amp;ssl=1 200w, https:\/\/i0.wp.com\/rnn.com.do\/wp-content\/uploads\/2026\/04\/to-Bisono-presenta-proyecto-vial-y-urbano-en-Los-Praditos-con-inversion-de-RD150-millones-4.jpeg?resize=768%2C1151&amp;ssl=1 768w, https:\/\/i0.wp.com\/rnn.com.do\/wp-content\/uploads\/2026\/04\/to-Bisono-presenta-proyecto-vial-y-urbano-en-Los-Praditos-con-inversion-de-RD150-millones-4.jpeg?resize=280%2C420&amp;ssl=1 280w, https:\/\/i0.wp.com\/rnn.com.do\/wp-content\/uploads\/2026\/04\/to-Bisono-presenta-proyecto-vial-y-urbano-en-Los-Praditos-con-inversion-de-RD150-millones-4.jpeg?resize=150%2C225&amp;ssl=1 150w, https:\/\/i0.wp.com\/rnn.com.do\/wp-content\/uploads\/2026\/04\/to-Bisono-presenta-proyecto-vial-y-urbano-en-Los-Praditos-con-inversion-de-RD150-millones-4.jpeg?resize=300%2C450&amp;ssl=1 300w, https:\/\/i0.wp.com\/rnn.com.do\/wp-content\/uploads\/2026\/04\/to-Bisono-presenta-proyecto-vial-y-urbano-en-Los-Praditos-con-inversion-de-RD150-millones-4.jpeg?resize=696%2C1043&amp;ssl=1 696w, https:\/\/i0.wp.com\/rnn.com.do\/wp-content\/uploads\/2026\/04\/to-Bisono-presenta-proyecto-vial-y-urbano-en-Los-Praditos-con-inversion-de-RD150-millones-4.jpeg?w=854&amp;ssl=1 854w\" sizes=\"(max-width: 683px) 100vw, 683px\"\/><\/figure>\n<p>\u201cEstamos corrigiendo una situaci\u00f3n que se arrastra por m\u00e1s de 50 a\u00f1os y que hoy limita el acceso de servicios esenciales, como ambulancias o unidades de emergencia. Aqu\u00ed estamos recuperando espacios para la gente y creando condiciones para un entorno m\u00e1s digno y seguro\u201d, afirm\u00f3 Bison\u00f3.<\/p>\n<p>La alcaldesa del Distrito Nacional, Carolina Mej\u00eda, destac\u00f3 que la conectividad tendr\u00e1 efectos directos en la calidad de vida y el dinamismo comercial del sector. \u201cEsta conectividad mejora los accesos y el comercio, y redunda en bienestar de nuestra gente\u201d, se\u00f1al\u00f3.<\/p>\n<figure class=\"wp-block-image size-large\"><img loading=\"lazy\" data-recalc-dims=\"1\" decoding=\"async\" width=\"696\" height=\"464\" data-attachment-id=\"499425\" data-permalink=\"https:\/\/rnn.com.do\/rd150-millones-para-transformar-la-movilidad-en-los-praditos\/to-bisono-presenta-proyecto-vial-y-urbano-en-los-praditos-con-inversion-de-rd150-millones-1\/\" data-orig-file=\"https:\/\/i0.wp.com\/rnn.com.do\/wp-content\/uploads\/2026\/04\/to-Bisono-presenta-proyecto-vial-y-urbano-en-Los-Praditos-con-inversion-de-RD150-millones-1.jpeg?fit=1280%2C854&amp;ssl=1\" data-orig-size=\"1280,854\" data-comments-opened=\"1\" data-image-meta=\"{&quot;aperture&quot;:&quot;0&quot;,&quot;credit&quot;:&quot;&quot;,&quot;camera&quot;:&quot;&quot;,&quot;caption&quot;:&quot;&quot;,&quot;created_timestamp&quot;:&quot;0&quot;,&quot;copyright&quot;:&quot;&quot;,&quot;focal_length&quot;:&quot;0&quot;,&quot;iso&quot;:&quot;0&quot;,&quot;shutter_speed&quot;:&quot;0&quot;,&quot;title&quot;:&quot;&quot;,&quot;orientation&quot;:&quot;0&quot;}\" data-image-title=\"to-Bisono-presenta-proyecto-vial-y-urbano-en-Los-Praditos-con-inversion-de-RD150-millones-1\" data-image-description=\"\" data-image-caption=\"\" data-large-file=\"https:\/\/i0.wp.com\/rnn.com.do\/wp-content\/uploads\/2026\/04\/to-Bisono-presenta-proyecto-vial-y-urbano-en-Los-Praditos-con-inversion-de-RD150-millones-1.jpeg?fit=696%2C464&amp;ssl=1\" src=\"https:\/\/i0.wp.com\/rnn.com.do\/wp-content\/uploads\/2026\/04\/to-Bisono-presenta-proyecto-vial-y-urbano-en-Los-Praditos-con-inversion-de-RD150-millones-1.jpeg?resize=696%2C464&amp;ssl=1\" alt=\"\" class=\"wp-image-499425\" srcset=\"https:\/\/i0.wp.com\/rnn.com.do\/wp-content\/uploads\/2026\/04\/to-Bisono-presenta-proyecto-vial-y-urbano-en-Los-Praditos-con-inversion-de-RD150-millones-1.jpeg?resize=1024%2C683&amp;ssl=1 1024w, https:\/\/i0.wp.com\/rnn.com.do\/wp-content\/uploads\/2026\/04\/to-Bisono-presenta-proyecto-vial-y-urbano-en-Los-Praditos-con-inversion-de-RD150-millones-1.jpeg?resize=300%2C200&amp;ssl=1 300w, https:\/\/i0.wp.com\/rnn.com.do\/wp-content\/uploads\/2026\/04\/to-Bisono-presenta-proyecto-vial-y-urbano-en-Los-Praditos-con-inversion-de-RD150-millones-1.jpeg?resize=768%2C512&amp;ssl=1 768w, https:\/\/i0.wp.com\/rnn.com.do\/wp-content\/uploads\/2026\/04\/to-Bisono-presenta-proyecto-vial-y-urbano-en-Los-Praditos-con-inversion-de-RD150-millones-1.jpeg?resize=630%2C420&amp;ssl=1 630w, https:\/\/i0.wp.com\/rnn.com.do\/wp-content\/uploads\/2026\/04\/to-Bisono-presenta-proyecto-vial-y-urbano-en-Los-Praditos-con-inversion-de-RD150-millones-1.jpeg?resize=150%2C100&amp;ssl=1 150w, https:\/\/i0.wp.com\/rnn.com.do\/wp-content\/uploads\/2026\/04\/to-Bisono-presenta-proyecto-vial-y-urbano-en-Los-Praditos-con-inversion-de-RD150-millones-1.jpeg?resize=696%2C464&amp;ssl=1 696w, https:\/\/i0.wp.com\/rnn.com.do\/wp-content\/uploads\/2026\/04\/to-Bisono-presenta-proyecto-vial-y-urbano-en-Los-Praditos-con-inversion-de-RD150-millones-1.jpeg?resize=1068%2C713&amp;ssl=1 1068w, https:\/\/i0.wp.com\/rnn.com.do\/wp-content\/uploads\/2026\/04\/to-Bisono-presenta-proyecto-vial-y-urbano-en-Los-Praditos-con-inversion-de-RD150-millones-1.jpeg?w=1280&amp;ssl=1 1280w\" sizes=\"auto, (max-width: 696px) 100vw, 696px\"\/><\/figure>\n<p>Los trabajos ya avanzan en las calles 9 y 11, donde se realizan demoliciones progresivas bajo acuerdos comunitarios. El ministro asegur\u00f3 que el proceso se desarrolla con acompa\u00f1amiento permanente a los residentes y participaci\u00f3n organizada de la comunidad.<\/p>\n<figure class=\"wp-block-image size-large\"><img loading=\"lazy\" data-recalc-dims=\"1\" decoding=\"async\" width=\"696\" height=\"464\" data-attachment-id=\"499426\" data-permalink=\"https:\/\/rnn.com.do\/rd150-millones-para-transformar-la-movilidad-en-los-praditos\/to-bisono-presenta-proyecto-vial-y-urbano-en-los-praditos-con-inversion-de-rd150-millones-9\/\" data-orig-file=\"https:\/\/i0.wp.com\/rnn.com.do\/wp-content\/uploads\/2026\/04\/to-Bisono-presenta-proyecto-vial-y-urbano-en-Los-Praditos-con-inversion-de-RD150-millones-9.jpeg?fit=1280%2C854&amp;ssl=1\" data-orig-size=\"1280,854\" data-comments-opened=\"1\" data-image-meta=\"{&quot;aperture&quot;:&quot;0&quot;,&quot;credit&quot;:&quot;&quot;,&quot;camera&quot;:&quot;&quot;,&quot;caption&quot;:&quot;&quot;,&quot;created_timestamp&quot;:&quot;0&quot;,&quot;copyright&quot;:&quot;&quot;,&quot;focal_length&quot;:&quot;0&quot;,&quot;iso&quot;:&quot;0&quot;,&quot;shutter_speed&quot;:&quot;0&quot;,&quot;title&quot;:&quot;&quot;,&quot;orientation&quot;:&quot;0&quot;}\" data-image-title=\"to-Bisono-presenta-proyecto-vial-y-urbano-en-Los-Praditos-con-inversion-de-RD150-millones-9\" data-image-description=\"\" data-image-caption=\"\" data-large-file=\"https:\/\/i0.wp.com\/rnn.com.do\/wp-content\/uploads\/2026\/04\/to-Bisono-presenta-proyecto-vial-y-urbano-en-Los-Praditos-con-inversion-de-RD150-millones-9.jpeg?fit=696%2C464&amp;ssl=1\" src=\"https:\/\/i0.wp.com\/rnn.com.do\/wp-content\/uploads\/2026\/04\/to-Bisono-presenta-proyecto-vial-y-urbano-en-Los-Praditos-con-inversion-de-RD150-millones-9.jpeg?resize=696%2C464&amp;ssl=1\" alt=\"\" class=\"wp-image-499426\" srcset=\"https:\/\/i0.wp.com\/rnn.com.do\/wp-content\/uploads\/2026\/04\/to-Bisono-presenta-proyecto-vial-y-urbano-en-Los-Praditos-con-inversion-de-RD150-millones-9.jpeg?resize=1024%2C683&amp;ssl=1 1024w, https:\/\/i0.wp.com\/rnn.com.do\/wp-content\/uploads\/2026\/04\/to-Bisono-presenta-proyecto-vial-y-urbano-en-Los-Praditos-con-inversion-de-RD150-millones-9.jpeg?resize=300%2C200&amp;ssl=1 300w, https:\/\/i0.wp.com\/rnn.com.do\/wp-content\/uploads\/2026\/04\/to-Bisono-presenta-proyecto-vial-y-urbano-en-Los-Praditos-con-inversion-de-RD150-millones-9.jpeg?resize=768%2C512&amp;ssl=1 768w, https:\/\/i0.wp.com\/rnn.com.do\/wp-content\/uploads\/2026\/04\/to-Bisono-presenta-proyecto-vial-y-urbano-en-Los-Praditos-con-inversion-de-RD150-millones-9.jpeg?resize=630%2C420&amp;ssl=1 630w, https:\/\/i0.wp.com\/rnn.com.do\/wp-content\/uploads\/2026\/04\/to-Bisono-presenta-proyecto-vial-y-urbano-en-Los-Praditos-con-inversion-de-RD150-millones-9.jpeg?resize=150%2C100&amp;ssl=1 150w, https:\/\/i0.wp.com\/rnn.com.do\/wp-content\/uploads\/2026\/04\/to-Bisono-presenta-proyecto-vial-y-urbano-en-Los-Praditos-con-inversion-de-RD150-millones-9.jpeg?resize=696%2C464&amp;ssl=1 696w, https:\/\/i0.wp.com\/rnn.com.do\/wp-content\/uploads\/2026\/04\/to-Bisono-presenta-proyecto-vial-y-urbano-en-Los-Praditos-con-inversion-de-RD150-millones-9.jpeg?resize=1068%2C713&amp;ssl=1 1068w, https:\/\/i0.wp.com\/rnn.com.do\/wp-content\/uploads\/2026\/04\/to-Bisono-presenta-proyecto-vial-y-urbano-en-Los-Praditos-con-inversion-de-RD150-millones-9.jpeg?w=1280&amp;ssl=1 1280w\" sizes=\"auto, (max-width: 696px) 100vw, 696px\"\/><\/figure>\n<p>La intervenci\u00f3n busca no solo mejorar la circulaci\u00f3n vehicular, sino tambi\u00e9n devolver espacios para el uso comunitario. Con este plan, el Mivhed apuesta a transformar Los Praditos en un entorno m\u00e1s accesible, ordenado y funcional, marcando un cambio estructural en la vida de sus habitantes.<\/p>\n<\/div>\n<\/div>\n","protected":false},"excerpt":{"rendered":"<p>SANTO DOMINGO.\u2013 Con una inversi\u00f3n de RD$150 millones, el Ministerio de Vivienda, H\u00e1bitat y Edificaciones (Mivhed) inici\u00f3 la transformaci\u00f3n vial y urbana del sector Los Praditos, en el Distrito Nacional, con el objetivo de corregir m\u00e1s de cinco d\u00e9cadas de caos en la movilidad y recuperar espacios p\u00fablicos para la comunidad. El proyecto, encabezado por<\/p>\n","protected":false},"author":1,"featured_media":37837,"comment_status":"open","ping_status":"open","sticky":false,"template":"","format":"standard","meta":{"footnotes":""},"categories":[1],"tags":[],"class_list":["post-37836","post","type-post","status-publish","format-standard","has-post-thumbnail","hentry","category-nacionales"],"_links":{"self":[{"href":"https:\/\/acronoticias.com\/index.php\/wp-json\/wp\/v2\/posts\/37836","targetHints":{"allow":["GET"]}}],"collection":[{"href":"https:\/\/acronoticias.com\/index.php\/wp-json\/wp\/v2\/posts"}],"about":[{"href":"https:\/\/acronoticias.com\/index.php\/wp-json\/wp\/v2\/types\/post"}],"author":[{"embeddable":true,"href":"https:\/\/acronoticias.com\/index.php\/wp-json\/wp\/v2\/users\/1"}],"replies":[{"embeddable":true,"href":"https:\/\/acronoticias.com\/index.php\/wp-json\/wp\/v2\/comments?post=37836"}],"version-history":[{"count":0,"href":"https:\/\/acronoticias.com\/index.php\/wp-json\/wp\/v2\/posts\/37836\/revisions"}],"wp:featuredmedia":[{"embeddable":true,"href":"https:\/\/acronoticias.com\/index.php\/wp-json\/wp\/v2\/media\/37837"}],"wp:attachment":[{"href":"https:\/\/acronoticias.com\/index.php\/wp-json\/wp\/v2\/media?parent=37836"}],"wp:term":[{"taxonomy":"category","embeddable":true,"href":"https:\/\/acronoticias.com\/index.php\/wp-json\/wp\/v2\/categories?post=37836"},{"taxonomy":"post_tag","embeddable":true,"href":"https:\/\/acronoticias.com\/index.php\/wp-json\/wp\/v2\/tags?post=37836"}],"curies":[{"name":"wp","href":"https:\/\/api.w.org\/{rel}","templated":true}]}}