{"id":37834,"date":"2026-04-29T07:48:48","date_gmt":"2026-04-29T07:48:48","guid":{"rendered":"https:\/\/acronoticias.com\/index.php\/2026\/04\/29\/fiscales-piden-prision-preventiva-para-cabecilla-de-supuesta-red-de-contrabandistas\/"},"modified":"2026-04-29T07:48:48","modified_gmt":"2026-04-29T07:48:48","slug":"fiscales-piden-prision-preventiva-para-cabecilla-de-supuesta-red-de-contrabandistas","status":"publish","type":"post","link":"https:\/\/acronoticias.com\/index.php\/2026\/04\/29\/fiscales-piden-prision-preventiva-para-cabecilla-de-supuesta-red-de-contrabandistas\/","title":{"rendered":"Fiscales piden prisi\u00f3n preventiva para cabecilla de supuesta red de contrabandistas"},"content":{"rendered":"<div>\n<p>Santo Domingo.- La Oficina Judicial de Servicios de Atenci\u00f3n Permanente de Santo Domingo Este aplaz\u00f3 para ma\u00f1ana mi\u00e9rcoles el conocimiento de las medidas de coerci\u00f3n que solicit\u00f3 el Ministerio P\u00fablico contra siete dominicanos arrestados, luego de que se les ocuparan m\u00e1s de 500 televisores y otros art\u00edculos que introdujeron de contrabando al pa\u00eds.<\/p>\n<p>El organismo pide prisi\u00f3n preventiva para el presunto cabecilla Sergio Luis C\u00e1ceres Leonardo, de 38 a\u00f1os, as\u00ed como otras medidas de coerci\u00f3n contra los imputados Nike Eduardo Rosario Villanueva, de 33 a\u00f1os; Ram\u00f3n Francisco de Jes\u00fas Batista, de 21; Francis Montero Pe\u00f1a, de 24; Junior Drullard, de 34; Jhon Dairo Torres Ozuna, de 36, y Francis Mojica Matos, de 39 a\u00f1os.<\/p>\n<p>El grupo enfrenta cargos por la presunta comisi\u00f3n de delitos de defraudaci\u00f3n aduanera, contrabando, violaci\u00f3n impositiva, violaci\u00f3n al pago del impuesto selectivo al consumo y asociaci\u00f3n de malhechores. En el caso de C\u00e1ceres Leonardo tambi\u00e9n se le atribuye el porte y tenencia de arma de fuego ilegal.<\/p>\n<p>La solicitud de la medida de coerci\u00f3n del Ministerio P\u00fablico fue presentada ante la Oficina Coordinadora de los Juzgados de la Instrucci\u00f3n de Santo Domingo Este.<\/p>\n<p>Los integrantes de la red fueron identificados mediante seguimiento por parte de miembros de la Direcci\u00f3n de Inteligencia Delictiva (Dintel), de la Polic\u00eda Nacional, quienes el pasado 20 de abril los sorprendieron en flagrante delito cuando realizaban el transbordo de m\u00e1s de 500 televisores de la marca TCL de un furg\u00f3n a los camiones incautados.<\/p>\n<p>Los aparatos fueron trasladados en un veh\u00edculo tipo furg\u00f3n desde el muelle de Puerto Plata hasta el sector Alma Rosa, de Santo Domingo Este.<\/p>\n<p>Durante la continuaci\u00f3n de las pesquisas el Ministerio P\u00fablico, conjuntamente con miembros de la Polic\u00eda Nacional, ejecut\u00f3 una orden judicial de allanamiento en el sector Valle del Este, de Santo Domingo Este, donde procedi\u00f3 tambi\u00e9n con la incautaci\u00f3n de decenas de televisores y varios DVR, y otros art\u00edculos electr\u00f3nicos.<\/p>\n<p>Asimismo, fueron decomisados m\u00e1s de 280,000 pesos, cinco camiones, una jeepeta y una pistola.<\/p>\n<\/div>\n","protected":false},"excerpt":{"rendered":"<p>Santo Domingo.- La Oficina Judicial de Servicios de Atenci\u00f3n Permanente de Santo Domingo Este aplaz\u00f3 para ma\u00f1ana mi\u00e9rcoles el conocimiento de las medidas de coerci\u00f3n que solicit\u00f3 el Ministerio P\u00fablico contra siete dominicanos arrestados, luego de que se les ocuparan m\u00e1s de 500 televisores y otros art\u00edculos que introdujeron de contrabando al pa\u00eds. El organismo<\/p>\n","protected":false},"author":1,"featured_media":37835,"comment_status":"open","ping_status":"open","sticky":false,"template":"","format":"standard","meta":{"footnotes":""},"categories":[1],"tags":[],"class_list":["post-37834","post","type-post","status-publish","format-standard","has-post-thumbnail","hentry","category-nacionales"],"_links":{"self":[{"href":"https:\/\/acronoticias.com\/index.php\/wp-json\/wp\/v2\/posts\/37834","targetHints":{"allow":["GET"]}}],"collection":[{"href":"https:\/\/acronoticias.com\/index.php\/wp-json\/wp\/v2\/posts"}],"about":[{"href":"https:\/\/acronoticias.com\/index.php\/wp-json\/wp\/v2\/types\/post"}],"author":[{"embeddable":true,"href":"https:\/\/acronoticias.com\/index.php\/wp-json\/wp\/v2\/users\/1"}],"replies":[{"embeddable":true,"href":"https:\/\/acronoticias.com\/index.php\/wp-json\/wp\/v2\/comments?post=37834"}],"version-history":[{"count":0,"href":"https:\/\/acronoticias.com\/index.php\/wp-json\/wp\/v2\/posts\/37834\/revisions"}],"wp:featuredmedia":[{"embeddable":true,"href":"https:\/\/acronoticias.com\/index.php\/wp-json\/wp\/v2\/media\/37835"}],"wp:attachment":[{"href":"https:\/\/acronoticias.com\/index.php\/wp-json\/wp\/v2\/media?parent=37834"}],"wp:term":[{"taxonomy":"category","embeddable":true,"href":"https:\/\/acronoticias.com\/index.php\/wp-json\/wp\/v2\/categories?post=37834"},{"taxonomy":"post_tag","embeddable":true,"href":"https:\/\/acronoticias.com\/index.php\/wp-json\/wp\/v2\/tags?post=37834"}],"curies":[{"name":"wp","href":"https:\/\/api.w.org\/{rel}","templated":true}]}}