{"id":37831,"date":"2026-04-29T07:32:43","date_gmt":"2026-04-29T07:32:43","guid":{"rendered":"https:\/\/acronoticias.com\/index.php\/2026\/04\/29\/familia-de-victima-del-caso-jet-set-formaliza-querella-contra-jhossan-capell-por-agresion\/"},"modified":"2026-04-29T07:32:43","modified_gmt":"2026-04-29T07:32:43","slug":"familia-de-victima-del-caso-jet-set-formaliza-querella-contra-jhossan-capell-por-agresion","status":"publish","type":"post","link":"https:\/\/acronoticias.com\/index.php\/2026\/04\/29\/familia-de-victima-del-caso-jet-set-formaliza-querella-contra-jhossan-capell-por-agresion\/","title":{"rendered":"Familia de v\u00edctima del caso Jet Set formaliza querella contra Jhossan Capell por agresi\u00f3n"},"content":{"rendered":"<div data-td-block-uid=\"tdi_100\">\n<div class=\"tdb-block-inner td-fix-index\">\n<p><strong>SANTO DOMINGO<\/strong>\u00a0\u2013 El comunicador Jhossan Capell enfrenta una denuncia formal ante la Fiscal\u00eda del Distrito Nacional por la presunta violaci\u00f3n del art\u00edculo 309 del C\u00f3digo Penal, que tipifica los golpes y heridas. La querella surge tras la agresi\u00f3n f\u00edsica cometida por Capell contra Jos\u00e9 Luis Custodio, padre de una de las v\u00edctimas del caso relacionado con la discoteca Jet Set.<\/p>\n<p>El incidente se registr\u00f3 en el Palacio de Justicia de Ciudad Nueva. Seg\u00fan el expediente n\u00famero 11001-2026-001821, Capell propin\u00f3 una bofetada a Custodio luego de que este lo interrumpiera durante una declaraci\u00f3n a la prensa. En ese momento, el comunicador defend\u00eda p\u00fablicamente a los propietarios del establecimiento, los hermanos Antonio y Maribel Espaillat.<\/p>\n<p>El abogado de la familia damnificada, Yan Carlos Mart\u00ednez, anunci\u00f3 que el proceso incluir\u00e1 una constituci\u00f3n en actor civil. Aunque el comunicador emiti\u00f3 una disculpa p\u00fablica tras la difusi\u00f3n del video en redes sociales, la representaci\u00f3n legal de la v\u00edctima confirm\u00f3 que mantendr\u00e1 el curso de la denuncia por el da\u00f1o f\u00edsico y moral causado.<\/p>\n<p>La intervenci\u00f3n de agentes de Protecci\u00f3n Judicial fue necesaria para retirar a Capell del recinto y evitar mayores altercados. El Ministerio P\u00fablico deber\u00e1 ahora determinar las medidas a seguir tras el dep\u00f3sito de la querella en el Departamento de Sistema de Atenci\u00f3n al Ciudadano.<\/p>\n<\/div>\n<\/div>\n","protected":false},"excerpt":{"rendered":"<p>SANTO DOMINGO\u00a0\u2013 El comunicador Jhossan Capell enfrenta una denuncia formal ante la Fiscal\u00eda del Distrito Nacional por la presunta violaci\u00f3n del art\u00edculo 309 del C\u00f3digo Penal, que tipifica los golpes y heridas. La querella surge tras la agresi\u00f3n f\u00edsica cometida por Capell contra Jos\u00e9 Luis Custodio, padre de una de las v\u00edctimas del caso relacionado<\/p>\n","protected":false},"author":1,"featured_media":37832,"comment_status":"open","ping_status":"open","sticky":false,"template":"","format":"standard","meta":{"footnotes":""},"categories":[1],"tags":[],"class_list":["post-37831","post","type-post","status-publish","format-standard","has-post-thumbnail","hentry","category-nacionales"],"_links":{"self":[{"href":"https:\/\/acronoticias.com\/index.php\/wp-json\/wp\/v2\/posts\/37831","targetHints":{"allow":["GET"]}}],"collection":[{"href":"https:\/\/acronoticias.com\/index.php\/wp-json\/wp\/v2\/posts"}],"about":[{"href":"https:\/\/acronoticias.com\/index.php\/wp-json\/wp\/v2\/types\/post"}],"author":[{"embeddable":true,"href":"https:\/\/acronoticias.com\/index.php\/wp-json\/wp\/v2\/users\/1"}],"replies":[{"embeddable":true,"href":"https:\/\/acronoticias.com\/index.php\/wp-json\/wp\/v2\/comments?post=37831"}],"version-history":[{"count":0,"href":"https:\/\/acronoticias.com\/index.php\/wp-json\/wp\/v2\/posts\/37831\/revisions"}],"wp:featuredmedia":[{"embeddable":true,"href":"https:\/\/acronoticias.com\/index.php\/wp-json\/wp\/v2\/media\/37832"}],"wp:attachment":[{"href":"https:\/\/acronoticias.com\/index.php\/wp-json\/wp\/v2\/media?parent=37831"}],"wp:term":[{"taxonomy":"category","embeddable":true,"href":"https:\/\/acronoticias.com\/index.php\/wp-json\/wp\/v2\/categories?post=37831"},{"taxonomy":"post_tag","embeddable":true,"href":"https:\/\/acronoticias.com\/index.php\/wp-json\/wp\/v2\/tags?post=37831"}],"curies":[{"name":"wp","href":"https:\/\/api.w.org\/{rel}","templated":true}]}}