{"id":37823,"date":"2026-04-29T06:45:54","date_gmt":"2026-04-29T06:45:54","guid":{"rendered":"https:\/\/acronoticias.com\/index.php\/2026\/04\/29\/emiratos-dejan-opep-por-la-crisis\/"},"modified":"2026-04-29T06:45:54","modified_gmt":"2026-04-29T06:45:54","slug":"emiratos-dejan-opep-por-la-crisis","status":"publish","type":"post","link":"https:\/\/acronoticias.com\/index.php\/2026\/04\/29\/emiratos-dejan-opep-por-la-crisis\/","title":{"rendered":"Emiratos dejan OPEP por la crisis"},"content":{"rendered":"<div>\n<div class=\"c-detail__author full\">\n<div>\n<div class=\"c-detail__author__thumb\">\n<figure>\n                                <picture src=\"https:\/\/imagenes.hoy.com.do\/files\/image_square_xs\/uploads\/2025\/11\/18\/691c7d5bed035.jpeg\" data-size=\"w:40,h:40\">\n                                    <img decoding=\"async\" loading=\"lazy\" alt=\"EFE EFE\" width=\"40\" height=\"40\" src=\"https:\/\/imagenes.hoy.com.do\/files\/image_square_xs\/uploads\/2025\/11\/18\/691c7d5bed035.jpeg\"\/>\n                                <\/picture>\n                                <\/figure>\n<\/div>\n<\/div>\n<\/div>\n<p>                                                                                            <!-- --><\/p>\n<p class=\"paragraph\">Dub\u00e1i.- EFE<\/p>\n<p class=\"paragraph\">Emiratos \u00c1rabes Unidos (EAU) anunci\u00f3 este martes su retirada de la <b>Organizaci\u00f3n de Pa\u00edses Exportadores<\/b> de Petr\u00f3leo (OPEP) y la alianza OPEP+ por las \u201cperturbaciones en el golfo P\u00e9rsico y el estrecho de Ormuz\u201d a partir del pr\u00f3ximo 1 de mayo de 2026, inform\u00f3 la agencia de noticias oficial emirat\u00ed WAM.<\/p>\n<p class=\"paragraph\">La agencia se\u00f1al\u00f3 que esta decisi\u00f3n es impulsada \u201cpor los intereses nacionales y el compromiso del pa\u00eds de contribuir activamente a satisfacer las necesidades urgentes del mercado, especialmente dada la actual volatilidad geopol\u00edtica a corto plazo derivada de las perturbaciones en el golfo P\u00e9rsico y el estrecho de Ormuz, que afectan a la din\u00e1mica de la oferta&#8221;.<\/p>\n<p class=\"paragraph\">Asimismo, se\u00f1al\u00f3 que \u201clas tendencias fundamentales indican un crecimiento continuo de la demanda mundial de energ\u00eda a medio y largo plazo\u201d, y defendi\u00f3 que \u201cla estabilidad del sistema energ\u00e9tico mundial depende de la disponibilidad de suministros flexibles, fiables y asequibles&#8221;.   La retirada de los Emiratos llega en un momento en que la producci\u00f3n de OPEP se redujo en marzo casi 8 millones de barriles diarios (mbd), un 27.5 % menos de lo bombeado en febrero, debido a la guerra de Ir\u00e1n y al bloqueo del estrecho de Ormuz, que afect\u00f3 sobre todo a Irak y a los pa\u00edses del golfo P\u00e9rsico.   El ministro de Energ\u00eda defendi\u00f3 que la retirada de la OPEP \u201crefleja una evoluci\u00f3n pol\u00edtica alineada con los fundamentos del mercado a largo plazo&#8221;. Emiratos entr\u00f3 a la OPEP en 1967, y tras su salida quedan  Arabia Saudita, Ir\u00e1n, Irak,  Kuwait, Venezuela,  Argelia,  Congo, Gab\u00f3n, Guinea Ecuatorial, Libia y Nigeria.\u00a0<\/p>\n<div class=\"c-detail__box \">\n<article class=\"c-detail__sumario \">\n<figure class=\"c-detail__sumario__thumb\" style=\"display: block;\">\n            <a href=\"#\" title=\"\">\n                <picture data-size=\"w:140,h:140\" loading=\"lazy\" src=\"https:\/\/imagenes.hoy.com.do\/files\/related_image\/uploads\/2026\/04\/28\/69f03387a0933.jpeg\" data-full-src=\"https:\/\/imagenes.hoy.com.do\/uploads\/2026\/04\/28\/69f03387a0933.jpeg\">\n                    <img loading=\"lazy\" decoding=\"async\" width=\"140\" height=\"140\" alt=\"Las bolsas mundiales siguen atentas al tema de Ir\u00e1n. Efe\" src=\"https:\/\/imagenes.hoy.com.do\/uploads\/2026\/04\/28\/69f03387a0933.jpeg\"\/>\n                <\/picture>\n            <\/a><br \/>\n        <\/figure>\n<\/article>\n<\/div><\/div>\n","protected":false},"excerpt":{"rendered":"<p>Dub\u00e1i.- EFE Emiratos \u00c1rabes Unidos (EAU) anunci\u00f3 este martes su retirada de la Organizaci\u00f3n de Pa\u00edses Exportadores de Petr\u00f3leo (OPEP) y la alianza OPEP+ por las \u201cperturbaciones en el golfo P\u00e9rsico y el estrecho de Ormuz\u201d a partir del pr\u00f3ximo 1 de mayo de 2026, inform\u00f3 la agencia de noticias oficial emirat\u00ed WAM. La agencia<\/p>\n","protected":false},"author":1,"featured_media":37824,"comment_status":"open","ping_status":"open","sticky":false,"template":"","format":"standard","meta":{"footnotes":""},"categories":[3],"tags":[],"class_list":["post-37823","post","type-post","status-publish","format-standard","has-post-thumbnail","hentry","category-internacionales"],"_links":{"self":[{"href":"https:\/\/acronoticias.com\/index.php\/wp-json\/wp\/v2\/posts\/37823","targetHints":{"allow":["GET"]}}],"collection":[{"href":"https:\/\/acronoticias.com\/index.php\/wp-json\/wp\/v2\/posts"}],"about":[{"href":"https:\/\/acronoticias.com\/index.php\/wp-json\/wp\/v2\/types\/post"}],"author":[{"embeddable":true,"href":"https:\/\/acronoticias.com\/index.php\/wp-json\/wp\/v2\/users\/1"}],"replies":[{"embeddable":true,"href":"https:\/\/acronoticias.com\/index.php\/wp-json\/wp\/v2\/comments?post=37823"}],"version-history":[{"count":0,"href":"https:\/\/acronoticias.com\/index.php\/wp-json\/wp\/v2\/posts\/37823\/revisions"}],"wp:featuredmedia":[{"embeddable":true,"href":"https:\/\/acronoticias.com\/index.php\/wp-json\/wp\/v2\/media\/37824"}],"wp:attachment":[{"href":"https:\/\/acronoticias.com\/index.php\/wp-json\/wp\/v2\/media?parent=37823"}],"wp:term":[{"taxonomy":"category","embeddable":true,"href":"https:\/\/acronoticias.com\/index.php\/wp-json\/wp\/v2\/categories?post=37823"},{"taxonomy":"post_tag","embeddable":true,"href":"https:\/\/acronoticias.com\/index.php\/wp-json\/wp\/v2\/tags?post=37823"}],"curies":[{"name":"wp","href":"https:\/\/api.w.org\/{rel}","templated":true}]}}