{"id":37821,"date":"2026-04-29T06:44:43","date_gmt":"2026-04-29T06:44:43","guid":{"rendered":"https:\/\/acronoticias.com\/index.php\/2026\/04\/29\/abinader-reabre-museo-nacional-de-historia-y-geografia-tras-mas-de-una-decada-cerrado\/"},"modified":"2026-04-29T06:44:43","modified_gmt":"2026-04-29T06:44:43","slug":"abinader-reabre-museo-nacional-de-historia-y-geografia-tras-mas-de-una-decada-cerrado","status":"publish","type":"post","link":"https:\/\/acronoticias.com\/index.php\/2026\/04\/29\/abinader-reabre-museo-nacional-de-historia-y-geografia-tras-mas-de-una-decada-cerrado\/","title":{"rendered":"Abinader reabre Museo Nacional de Historia y Geograf\u00eda tras m\u00e1s de una d\u00e9cada cerrado\u00a0"},"content":{"rendered":"<div>\n<p><strong>Santo Domingo.<\/strong> -El presidente Luis Abinader encabez\u00f3 este martes la reapertura del Museo Nacional de Historia y Geograf\u00eda (MNHG) en la Plaza de la Cultura Juan Pablo Duarte, un espacio que permaneci\u00f3 clausurado por m\u00e1s de diez a\u00f1os y que ahora vuelve con siete salas renovadas para narrar episodios decisivos de la historia dominicana.\u00a0<\/p>\n<p>En el acto, acompa\u00f1ado de la primera dama Raquel Arbaje, el ministro de Cultura Roberto \u00c1ngel Salcedo, el director general de Museos Carlos And\u00fajar, el director del MNHG Jos\u00e9 Guerrero S\u00e1nchez y el presidente del Voluntariado Marcial Najri, se destac\u00f3 la importancia de rescatar este patrimonio cultural.\u00a0<\/p>\n<p>Salcedo reconoci\u00f3 que el museo llevaba \u201cm\u00e1s de una d\u00e9cada\u201d cerrado y que su reapertura responde a la necesidad de conectar pasado, presente y futuro: \u201cEl museo no aguantaba m\u00e1s con sus puertas cerradas; hoy vuelve a tener contacto directo con la sociedad dominicana\u201d, expres\u00f3.\u00a0<\/p>\n<p><strong>Siete salas tem\u00e1ticas<\/strong><\/p>\n<p>El MNHG reabre con espacios que abordan momentos clave de la historia nacional:\u00a0<\/p>\n<p>\u2013 La Patria\u00a0<\/p>\n<p>\u2013 Los Presidentes\u00a0<\/p>\n<p>\u2013 Trujillo: una era de terror\u00a0<\/p>\n<p>\u2013 La Guerrilla de Caama\u00f1o\u00a0<\/p>\n<p>\u2013 La Guerra de Abril de 1965\u00a0<\/p>\n<p>\u2013 Colecci\u00f3n de piezas museogr\u00e1ficas\u00a0<\/p>\n<p>\u2013 El Jard\u00edn de Hostos\u00a0<\/p>\n<p>Cada sala incorpora recursos narrativos y visuales modernos para acercar la historia a estudiantes, investigadores y visitantes.\u00a0<\/p>\n<p><strong>Contexto hist\u00f3rico<\/strong><\/p>\n<p>Fundado en 1981 e inaugurado en 1982, el museo tiene como misi\u00f3n preservar y difundir la memoria hist\u00f3rica y geogr\u00e1fica del pa\u00eds. Desde 2023, lleva oficialmente el nombre del historiador Emilio Cordero Michel, en virtud de la Ley 23-23.\u00a0<\/p>\n<p><strong>Cierre con tensi\u00f3n actual<\/strong><\/p>\n<p>La reapertura ocurre en medio de reclamos por mayor inversi\u00f3n en infraestructura cultural y educativa, lo que convierte al museo en s\u00edmbolo de rescate patrimonial, pero tambi\u00e9n en recordatorio de las deudas pendientes con otros espacios culturales del pa\u00eds.\u00a0<\/p>\n<\/div>\n","protected":false},"excerpt":{"rendered":"<p>Santo Domingo. -El presidente Luis Abinader encabez\u00f3 este martes la reapertura del Museo Nacional de Historia y Geograf\u00eda (MNHG) en la Plaza de la Cultura Juan Pablo Duarte, un espacio que permaneci\u00f3 clausurado por m\u00e1s de diez a\u00f1os y que ahora vuelve con siete salas renovadas para narrar episodios decisivos de la historia dominicana.\u00a0 En<\/p>\n","protected":false},"author":1,"featured_media":37822,"comment_status":"open","ping_status":"open","sticky":false,"template":"","format":"standard","meta":{"footnotes":""},"categories":[1],"tags":[],"class_list":["post-37821","post","type-post","status-publish","format-standard","has-post-thumbnail","hentry","category-nacionales"],"_links":{"self":[{"href":"https:\/\/acronoticias.com\/index.php\/wp-json\/wp\/v2\/posts\/37821","targetHints":{"allow":["GET"]}}],"collection":[{"href":"https:\/\/acronoticias.com\/index.php\/wp-json\/wp\/v2\/posts"}],"about":[{"href":"https:\/\/acronoticias.com\/index.php\/wp-json\/wp\/v2\/types\/post"}],"author":[{"embeddable":true,"href":"https:\/\/acronoticias.com\/index.php\/wp-json\/wp\/v2\/users\/1"}],"replies":[{"embeddable":true,"href":"https:\/\/acronoticias.com\/index.php\/wp-json\/wp\/v2\/comments?post=37821"}],"version-history":[{"count":0,"href":"https:\/\/acronoticias.com\/index.php\/wp-json\/wp\/v2\/posts\/37821\/revisions"}],"wp:featuredmedia":[{"embeddable":true,"href":"https:\/\/acronoticias.com\/index.php\/wp-json\/wp\/v2\/media\/37822"}],"wp:attachment":[{"href":"https:\/\/acronoticias.com\/index.php\/wp-json\/wp\/v2\/media?parent=37821"}],"wp:term":[{"taxonomy":"category","embeddable":true,"href":"https:\/\/acronoticias.com\/index.php\/wp-json\/wp\/v2\/categories?post=37821"},{"taxonomy":"post_tag","embeddable":true,"href":"https:\/\/acronoticias.com\/index.php\/wp-json\/wp\/v2\/tags?post=37821"}],"curies":[{"name":"wp","href":"https:\/\/api.w.org\/{rel}","templated":true}]}}