{"id":37814,"date":"2026-04-29T05:55:13","date_gmt":"2026-04-29T05:55:13","guid":{"rendered":"https:\/\/acronoticias.com\/index.php\/2026\/04\/29\/ministro-bisono-presento-proyecto-de-integracion-vial-y-urbana-en-los-praditos\/"},"modified":"2026-04-29T05:55:13","modified_gmt":"2026-04-29T05:55:13","slug":"ministro-bisono-presento-proyecto-de-integracion-vial-y-urbana-en-los-praditos","status":"publish","type":"post","link":"https:\/\/acronoticias.com\/index.php\/2026\/04\/29\/ministro-bisono-presento-proyecto-de-integracion-vial-y-urbana-en-los-praditos\/","title":{"rendered":"Ministro Bison\u00f3 present\u00f3 proyecto de integraci\u00f3n vial y urbana en Los Praditos"},"content":{"rendered":"<div id=\"mvp-content-main\">\n<h2 class=\"wp-block-heading\">-Dice que el proyecto es para mejorar la movilidad y recuperar espacios p\u00fablicos; trabajos est\u00e1n en marcha-<\/h2>\n<p><strong>Santo Domingo.- <\/strong>La iniciativa fue encabezada por el ministro V\u00edctor -Ito- Bison\u00f3, quien explic\u00f3 que se trata de una soluci\u00f3n estructural a una situaci\u00f3n acumulada durante d\u00e9cadas, producto de un crecimiento progresivo que impact\u00f3 la organizaci\u00f3n de sus v\u00edas y el uso del espacio urbano.<\/p>\n<p>\u201cEste proyecto representa un paso firme para corregir una situaci\u00f3n que se ha desarrollado durante m\u00e1s de 50 a\u00f1os y que hoy limita la movilidad y el acceso en este sector. Aqu\u00ed estamos recuperando espacios para la gente y garantizando que servicios esenciales, como ambulancias o unidades de emergencia, puedan acceder sin dificultad\u201d, expres\u00f3 el ministro.<\/p>\n<p>Asimismo, destac\u00f3 que se trata de una intervenci\u00f3n con un alto impacto social. \u201cNo solo estamos mejorando calles, estamos mejorando la vida de la gente. Estamos creando condiciones para un entorno m\u00e1s digno, m\u00e1s seguro y funcional para todos\u201d, agreg\u00f3.<\/p>\n<p>En la actividad tambi\u00e9n particip\u00f3 la alcaldesa del Distrito Nacional, Carolina Mej\u00eda quien indic\u00f3 \u201cQue esta conectividad mejora la calidad de vida y en los accesos y en lo que respecta a una mejora comercial, adem\u00e1s, en el impacto urbano y todo eso redunda en bienestar de nuestra gente\u201d.<\/p>\n<p>\u201cIto, muchas gracias de coraz\u00f3n sobre todo porque desde que llegaste a la gesti\u00f3n tambi\u00e9n le has impregnado a nuevos proyectos que tenemos en carpeta esa rapidez necesaria para poder lograrlos y disfrutar de ellos, as\u00ed que dios me los bendiga y felicidades\u201d, expres\u00f3 la alcaldesa.<\/p>\n<p><strong>Una intervenci\u00f3n para mejorar la conexi\u00f3n del sector<\/strong><\/p>\n<p>El proyecto contempla la unificaci\u00f3n y ampliaci\u00f3n de las calles 9 y 11, permitiendo conectar la avenida Olof Palme con la calle Heriberto N\u00fa\u00f1ez, creando nuevos ejes de conexi\u00f3n que mejorar\u00e1n significativamente el flujo vehicular en la zona.<\/p>\n<figure class=\"wp-block-image size-large\"><a href=\"https:\/\/cdn.ultimasnoticias.com.do\/2026\/04\/Captura-de-pantalla-2026-04-28-a-las-6.28.56-p.-m.png\"><img loading=\"lazy\" decoding=\"async\" width=\"1024\" height=\"676\" alt=\"Captura De Pantalla 2026 04 28 A Las 6.28.56 P. M\" class=\"wp-image-217291 cwvlazyload\" src=\"https:\/\/cdn.ultimasnoticias.com.do\/2026\/04\/Captura-de-pantalla-2026-04-28-a-las-6.28.56-p.-m-1024x676.png\" srcset=\"https:\/\/cdn.ultimasnoticias.com.do\/2026\/04\/Captura-de-pantalla-2026-04-28-a-las-6.28.56-p.-m-1024x676.png 1024w, https:\/\/cdn.ultimasnoticias.com.do\/2026\/04\/Captura-de-pantalla-2026-04-28-a-las-6.28.56-p.-m-300x198.png 300w, https:\/\/cdn.ultimasnoticias.com.do\/2026\/04\/Captura-de-pantalla-2026-04-28-a-las-6.28.56-p.-m-768x507.png 768w, https:\/\/cdn.ultimasnoticias.com.do\/2026\/04\/Captura-de-pantalla-2026-04-28-a-las-6.28.56-p.-m-1536x1013.png 1536w, https:\/\/cdn.ultimasnoticias.com.do\/2026\/04\/Captura-de-pantalla-2026-04-28-a-las-6.28.56-p.-m.png 1910w\" data-sizes=\"(max-width: 1024px) 100vw, 1024px\"\/><\/a><\/figure>\n<p>Como parte de esta intervenci\u00f3n, los trabajos ya han iniciado en estas v\u00edas, marcando el comienzo de la primera fase del proyecto.<\/p>\n<p>Asimismo, el plan incluye la ampliaci\u00f3n y extensi\u00f3n de la calle 6, que generar\u00e1 nuevas conexiones internas para facilitar el acceso hacia la calle Doctor Defill\u00f3.<\/p>\n<p>Los trabajos est\u00e1n previstos para una duraci\u00f3n de 18 meses iniciados desde el mes de febrero para concluir las intervenciones en las calles, 6, 9 y 11. Asimismo, este proyecto conllevar\u00e1 una inversi\u00f3n total de unos RD$150 millones.<\/p>\n<p>Adem\u00e1s de la mejora vial, el proyecto incorpora la construcci\u00f3n de aceras seguras, la instalaci\u00f3n de iluminaci\u00f3n LED, el desarrollo de parques lineales y \u00e1reas verdes, la creaci\u00f3n de parqueos p\u00fablicos, as\u00ed como intervenciones de paisajismo y mobiliario urbano.<\/p>\n<p><strong>Un proceso participativo y en ejecuci\u00f3n<\/strong><\/p>\n<p>El ministro V\u00edctor -Ito- Bison\u00f3 destac\u00f3 que el proyecto se ha desarrollado bajo un enfoque participativo, en coordinaci\u00f3n con la comunidad y basado en acuerdos que han permitido avanzar de manera organizada.<\/p>\n<figure class=\"wp-block-image size-large\"><a href=\"https:\/\/cdn.ultimasnoticias.com.do\/2026\/04\/Captura-de-pantalla-2026-04-28-a-las-6.29.14-p.-m.png\"><img loading=\"lazy\" decoding=\"async\" width=\"1024\" height=\"680\" alt=\"Captura De Pantalla 2026 04 28 A Las 6.29.14 P. M\" class=\"wp-image-217292 cwvlazyload\" src=\"https:\/\/cdn.ultimasnoticias.com.do\/2026\/04\/Captura-de-pantalla-2026-04-28-a-las-6.29.14-p.-m-1024x680.png\" srcset=\"https:\/\/cdn.ultimasnoticias.com.do\/2026\/04\/Captura-de-pantalla-2026-04-28-a-las-6.29.14-p.-m-1024x680.png 1024w, https:\/\/cdn.ultimasnoticias.com.do\/2026\/04\/Captura-de-pantalla-2026-04-28-a-las-6.29.14-p.-m-300x199.png 300w, https:\/\/cdn.ultimasnoticias.com.do\/2026\/04\/Captura-de-pantalla-2026-04-28-a-las-6.29.14-p.-m-768x510.png 768w, https:\/\/cdn.ultimasnoticias.com.do\/2026\/04\/Captura-de-pantalla-2026-04-28-a-las-6.29.14-p.-m-1536x1021.png 1536w, https:\/\/cdn.ultimasnoticias.com.do\/2026\/04\/Captura-de-pantalla-2026-04-28-a-las-6.29.14-p.-m.png 1872w\" data-sizes=\"auto, (max-width: 1024px) 100vw, 1024px\"\/><\/a><\/figure>\n<p>Indic\u00f3 que los trabajos ya se encuentran en ejecuci\u00f3n en el sector, espec\u00edficamente en las calles 9 y 11, donde se han iniciado las intervenciones como parte de esta primera etapa.<\/p>\n<p>En ese sentido, explic\u00f3 que las demoliciones se han llevado a cabo de manera progresiva, priorizando aquellas estructuras donde se han alcanzado acuerdos, lo que ha permitido avanzar de forma ordenada y respetuosa.<\/p>\n<p>Asimismo, inform\u00f3 que se estar\u00e1 manteniendo un acompa\u00f1amiento permanente con la comunidad durante todo el proceso, garantizando informaci\u00f3n continua y seguimiento a cada etapa del proyecto.<\/p>\n<p><strong>Impacto en la movilidad y la calidad de vida<\/strong><\/p>\n<p>Esta intervenci\u00f3n permitir\u00e1 mejorar significativamente la circulaci\u00f3n vehicular, crear nuevas conexiones dentro del sector y recuperar espacios para el uso de la comunidad.<\/p>\n<p>El proyecto contribuir\u00e1 a transformar el entorno urbano en un espacio m\u00e1s accesible, organizado y seguro, beneficiando tanto a los residentes como a las zonas aleda\u00f1as.<\/p>\n<p>Con esta iniciativa, el MIVHED reafirma su compromiso con el desarrollo de proyectos que mejoren la vida de la gente y aporten a una ciudad m\u00e1s ordenada, conectada y funcional.<\/p>\n<\/div>\n","protected":false},"excerpt":{"rendered":"<p>-Dice que el proyecto es para mejorar la movilidad y recuperar espacios p\u00fablicos; trabajos est\u00e1n en marcha- Santo Domingo.- La iniciativa fue encabezada por el ministro V\u00edctor -Ito- Bison\u00f3, quien explic\u00f3 que se trata de una soluci\u00f3n estructural a una situaci\u00f3n acumulada durante d\u00e9cadas, producto de un crecimiento progresivo que impact\u00f3 la organizaci\u00f3n de sus<\/p>\n","protected":false},"author":1,"featured_media":37815,"comment_status":"open","ping_status":"open","sticky":false,"template":"","format":"standard","meta":{"footnotes":""},"categories":[1],"tags":[],"class_list":["post-37814","post","type-post","status-publish","format-standard","has-post-thumbnail","hentry","category-nacionales"],"_links":{"self":[{"href":"https:\/\/acronoticias.com\/index.php\/wp-json\/wp\/v2\/posts\/37814","targetHints":{"allow":["GET"]}}],"collection":[{"href":"https:\/\/acronoticias.com\/index.php\/wp-json\/wp\/v2\/posts"}],"about":[{"href":"https:\/\/acronoticias.com\/index.php\/wp-json\/wp\/v2\/types\/post"}],"author":[{"embeddable":true,"href":"https:\/\/acronoticias.com\/index.php\/wp-json\/wp\/v2\/users\/1"}],"replies":[{"embeddable":true,"href":"https:\/\/acronoticias.com\/index.php\/wp-json\/wp\/v2\/comments?post=37814"}],"version-history":[{"count":0,"href":"https:\/\/acronoticias.com\/index.php\/wp-json\/wp\/v2\/posts\/37814\/revisions"}],"wp:featuredmedia":[{"embeddable":true,"href":"https:\/\/acronoticias.com\/index.php\/wp-json\/wp\/v2\/media\/37815"}],"wp:attachment":[{"href":"https:\/\/acronoticias.com\/index.php\/wp-json\/wp\/v2\/media?parent=37814"}],"wp:term":[{"taxonomy":"category","embeddable":true,"href":"https:\/\/acronoticias.com\/index.php\/wp-json\/wp\/v2\/categories?post=37814"},{"taxonomy":"post_tag","embeddable":true,"href":"https:\/\/acronoticias.com\/index.php\/wp-json\/wp\/v2\/tags?post=37814"}],"curies":[{"name":"wp","href":"https:\/\/api.w.org\/{rel}","templated":true}]}}