{"id":37812,"date":"2026-04-29T05:44:55","date_gmt":"2026-04-29T05:44:55","guid":{"rendered":"https:\/\/acronoticias.com\/index.php\/2026\/04\/29\/rey-carlos-iii-insta-a-reino-unido-reconciliarse-eeuu\/"},"modified":"2026-04-29T05:44:55","modified_gmt":"2026-04-29T05:44:55","slug":"rey-carlos-iii-insta-a-reino-unido-reconciliarse-eeuu","status":"publish","type":"post","link":"https:\/\/acronoticias.com\/index.php\/2026\/04\/29\/rey-carlos-iii-insta-a-reino-unido-reconciliarse-eeuu\/","title":{"rendered":"Rey Carlos III insta a Reino Unido reconciliarse EEUU"},"content":{"rendered":"<div>\n<div class=\"c-detail__author full\">\n<div>\n<div class=\"c-detail__author__thumb\">\n<figure>\n                                <picture src=\"https:\/\/imagenes.hoy.com.do\/files\/image_square_xs\/uploads\/2025\/11\/18\/691c7d5bed035.jpeg\" data-size=\"w:40,h:40\">\n                                    <img decoding=\"async\" loading=\"lazy\" alt=\"EFE EFE\" width=\"40\" height=\"40\" src=\"https:\/\/imagenes.hoy.com.do\/files\/image_square_xs\/uploads\/2025\/11\/18\/691c7d5bed035.jpeg\"\/>\n                                <\/picture>\n                                <\/figure>\n<\/div>\n<\/div>\n<\/div>\n<p>                                                                                            <!-- --><\/p>\n<p class=\"paragraph\">Washington. EFE.<\/p>\n<p class=\"paragraph\">El<b> rey Carlos III del Reino Unido <\/b>llam\u00f3 ayer a la reconciliaci\u00f3n entre su pa\u00eds y Estados Unidos en medio de las tensiones entre el Gobierno laborista de Keir Starmer y la Administraci\u00f3n de<b> Donald Trump, durante un discurso  en el Capitolio con motivo del 250 aniversario<\/b> de la independencia estadounidense.<\/p>\n<p class=\"paragraph\">La intervenci\u00f3n, de menos de media hora y pronunciada ante las dos C\u00e1maras del Congreso, es uno de los actos centrales de la visita de Estado de Carlos III y la reina Camila, la primera que la pareja real realiza a Estados Unidos desde su coronaci\u00f3n.<\/p>\n<p class=\"paragraph\">El viaje tiene lugar en un momento en el que la relaci\u00f3n entre Washington y Londres, una de las m\u00e1s s\u00f3lidas del \u00faltimo siglo, atraviesa uno de sus niveles m\u00e1s bajos debido a las constantes cr\u00edticas de Trump a Starmer, especialmente por su negativa a implicarse militarmente en la guerra de Ir\u00e1n iniciada por EU.<\/p>\n<div class=\"c-detail__box \">\n<article class=\"c-detail__sumario \">\n<figure class=\"c-detail__sumario__thumb\" style=\"display: block;\">\n            <a href=\"#\" title=\"\">\n                <picture data-size=\"w:140,h:140\" loading=\"lazy\" src=\"https:\/\/imagenes.hoy.com.do\/files\/related_image\/uploads\/2026\/04\/28\/69f10242881e2.webp\" data-full-src=\"https:\/\/imagenes.hoy.com.do\/uploads\/2026\/04\/28\/69f10242881e2.webp\">\n                    <img loading=\"lazy\" decoding=\"async\" width=\"140\" height=\"140\" alt=\"Jimmy Kimmel\" src=\"https:\/\/imagenes.hoy.com.do\/uploads\/2026\/04\/28\/69f10242881e2.webp\"\/>\n                <\/picture>\n            <\/a><br \/>\n        <\/figure>\n<\/article>\n<\/div>\n<p class=\"paragraph\">Trump no estaba en el Congreso, pero, ante la mirada del vicepresidente, JD Vance, el monarca brit\u00e1nico no eludi\u00f3 temas espinosos y subray\u00f3  importancia de mantener la alianza entre EU y Londres.\u00a0<\/p>\n<\/p><\/div>\n","protected":false},"excerpt":{"rendered":"<p>Washington. EFE. El rey Carlos III del Reino Unido llam\u00f3 ayer a la reconciliaci\u00f3n entre su pa\u00eds y Estados Unidos en medio de las tensiones entre el Gobierno laborista de Keir Starmer y la Administraci\u00f3n de Donald Trump, durante un discurso en el Capitolio con motivo del 250 aniversario de la independencia estadounidense. La intervenci\u00f3n,<\/p>\n","protected":false},"author":1,"featured_media":37813,"comment_status":"open","ping_status":"open","sticky":false,"template":"","format":"standard","meta":{"footnotes":""},"categories":[3],"tags":[],"class_list":["post-37812","post","type-post","status-publish","format-standard","has-post-thumbnail","hentry","category-internacionales"],"_links":{"self":[{"href":"https:\/\/acronoticias.com\/index.php\/wp-json\/wp\/v2\/posts\/37812","targetHints":{"allow":["GET"]}}],"collection":[{"href":"https:\/\/acronoticias.com\/index.php\/wp-json\/wp\/v2\/posts"}],"about":[{"href":"https:\/\/acronoticias.com\/index.php\/wp-json\/wp\/v2\/types\/post"}],"author":[{"embeddable":true,"href":"https:\/\/acronoticias.com\/index.php\/wp-json\/wp\/v2\/users\/1"}],"replies":[{"embeddable":true,"href":"https:\/\/acronoticias.com\/index.php\/wp-json\/wp\/v2\/comments?post=37812"}],"version-history":[{"count":0,"href":"https:\/\/acronoticias.com\/index.php\/wp-json\/wp\/v2\/posts\/37812\/revisions"}],"wp:featuredmedia":[{"embeddable":true,"href":"https:\/\/acronoticias.com\/index.php\/wp-json\/wp\/v2\/media\/37813"}],"wp:attachment":[{"href":"https:\/\/acronoticias.com\/index.php\/wp-json\/wp\/v2\/media?parent=37812"}],"wp:term":[{"taxonomy":"category","embeddable":true,"href":"https:\/\/acronoticias.com\/index.php\/wp-json\/wp\/v2\/categories?post=37812"},{"taxonomy":"post_tag","embeddable":true,"href":"https:\/\/acronoticias.com\/index.php\/wp-json\/wp\/v2\/tags?post=37812"}],"curies":[{"name":"wp","href":"https:\/\/api.w.org\/{rel}","templated":true}]}}