{"id":37808,"date":"2026-04-29T05:23:41","date_gmt":"2026-04-29T05:23:41","guid":{"rendered":"https:\/\/acronoticias.com\/index.php\/2026\/04\/29\/abinader-y-roberto-angel-salcedo-encabezan-reapertura-del-museo-nacional-de-historia-y-geografia\/"},"modified":"2026-04-29T05:23:41","modified_gmt":"2026-04-29T05:23:41","slug":"abinader-y-roberto-angel-salcedo-encabezan-reapertura-del-museo-nacional-de-historia-y-geografia","status":"publish","type":"post","link":"https:\/\/acronoticias.com\/index.php\/2026\/04\/29\/abinader-y-roberto-angel-salcedo-encabezan-reapertura-del-museo-nacional-de-historia-y-geografia\/","title":{"rendered":"Abinader y Roberto \u00c1ngel Salcedo encabezan reapertura del Museo Nacional de Historia y Geograf\u00eda"},"content":{"rendered":"<p>El presidente de la Rep\u00fablica,<strong> Luis Abinader<\/strong>, asisti\u00f3 este martes al acto de reapertura del <em>Museo Nacional de Historia y Geograf\u00eda (MNHG)<\/em>, renombrado <strong>Emilio Cordero Michel<\/strong>, luego de un proceso de remozamiento integral que renov\u00f3 sus salas expositivas y moderniz\u00f3 los espacios donde el pa\u00eds conserva y narra su memoria hist\u00f3rica.<\/p>\n<p>La ceremonia, celebrada en la <em>Plaza de la Cultura Juan Pablo Duarte<\/em>, cont\u00f3 con la presencia del ministro de Cultura, <strong>Roberto \u00c1ngel Salcedo<\/strong>; el director general de Museos, <strong>Carlos And\u00fajar<\/strong>; el director del MNHG, <strong>Jos\u00e9 Guerrero S\u00e1nchez<\/strong>; el presidente del Voluntariado del museo, <strong>Marcial Najri<\/strong>; as\u00ed como funcionarios gubernamentales e invitados especiales.<\/p>\n<p><em><strong>\u00abEsto se enmarca dentro de una pol\u00edtica y una visi\u00f3n muy clara: que estos espacios pueden conectarnos con el pasado, nos hacen reflexionar el presente y proyectar el futuro\u00bb<\/strong><\/em>, expres\u00f3 el ministro Salcedo, al tiempo que manifest\u00f3 que estos museos deben estar a disposici\u00f3n de los j\u00f3venes de las escuelas y colegios, as\u00ed como de los estudiantes universitarios.<\/p>\n<figure class=\"wp-block-image size-full\"><img loading=\"lazy\" decoding=\"async\" width=\"1280\" height=\"854\" src=\"https:\/\/multimedia.noticiassin.com\/wp-content\/uploads\/2026\/04\/abinader-y-roberto-angel-salcedo-encabezan-reapertura-del-museo-nacional-de-hist-20260429-001904-73dS.jpeg\" alt=\"\" class=\"wp-image-1988303\" \/><\/figure>\n<ul class=\"wp-block-list\">\n<li>El acto marc\u00f3 la apertura oficial de siete salas renovadas: Guerra de Abril, La Patria, Los Presidentes, Trujillo: una era de terror, <strong>La Guerrilla de Caama\u00f1o<\/strong>, la colecci\u00f3n de piezas museogr\u00e1ficas y <em>El Jard\u00edn de Hostos<\/em>, espacios dedicados a episodios y figuras fundamentales de la historia nacional que recuperan protagonismo en el principal museo hist\u00f3rico del pa\u00eds.<\/li>\n<\/ul>\n<p>Tras el corte de cinta, el presidente <strong>Abinader <\/strong>recorri\u00f3 las instalaciones junto al ministro Salcedo, acompa\u00f1ados por Guerrero, And\u00fajar y Najri, quienes ofrecieron detalles sobre las \u00e1reas intervenidas y los criterios curatoriales que guiaron la actualizaci\u00f3n de la muestra permanente.<\/p>\n<blockquote class=\"wp-block-quote is-layout-flow wp-block-quote-is-layout-flow\">\n<p>Durante el acto, el mandatario destac\u00f3 la importancia de rescatar y fortalecer los <strong>espacios culturales<\/strong> y muse\u00edsticos del pa\u00eds como v\u00eda para afianzar la identidad nacional y acercar a las nuevas generaciones al conocimiento de la historia dominicana.<\/p>\n<\/blockquote>\n<p>De su lado, el ministro <strong>Salcedo<\/strong> calific\u00f3 la reapertura como un paso trascendental, al se\u00f1alar que este remozamiento devuelve al pa\u00eds un espacio esencial para la reflexi\u00f3n hist\u00f3rica, la educaci\u00f3n y la construcci\u00f3n de ciudadan\u00eda.<\/p>\n<p>Asimismo, <strong>Carlos And\u00fajar<\/strong> agradeci\u00f3 al presidente Abinader el respaldo brindado para fortalecer y revitalizar las instituciones muse\u00edsticas en todo el territorio nacional.<\/p>\n<ul class=\"wp-block-list\">\n<li>Jos\u00e9 Guerrero S\u00e1nchez, por su parte, destac\u00f3 que la instituci\u00f3n recibir\u00e1 a estudiantes, investigadores y visitantes nacionales y extranjeros con una misi\u00f3n clara: preservar y difundir la memoria hist\u00f3rica y los valores que definen a la Rep\u00fablica Dominicana.<\/li>\n<\/ul>\n<p>La intervenci\u00f3n incluy\u00f3 trabajos en las \u00e1reas interiores y exteriores del edificio, orientados a mejorar las condiciones de conservaci\u00f3n, <strong>accesibilidad <\/strong>y experiencia de los visitantes.<\/p>\n<h2 class=\"wp-block-heading\">Historia del museo<\/h2>\n<blockquote class=\"wp-block-quote is-layout-flow wp-block-quote-is-layout-flow\">\n<p>Fundado en <strong>1981 <\/strong>e inaugurado el 1 de marzo de 1982 en el edificio del antiguo Liceo Uni\u00f3n Panamericana, el Museo Nacional de Historia y Geograf\u00eda tiene como misi\u00f3n resguardar el patrimonio hist\u00f3rico y geogr\u00e1fico dominicano, as\u00ed como promover su investigaci\u00f3n cient\u00edfica.<\/p>\n<\/blockquote>\n<figure class=\"wp-block-image size-full\"><img decoding=\"async\" loading=\"lazy\" width=\"1280\" height=\"854\" src=\"https:\/\/multimedia.noticiassin.com\/wp-content\/uploads\/2026\/04\/abinader-y-roberto-angel-salcedo-encabezan-reapertura-del-museo-nacional-de-hist-20260429-002000-W2Q2.jpeg\" alt=\"\" class=\"wp-image-1988304\" \/><\/figure>\n<p>Desde 2023, el edificio lleva oficialmente el nombre del historiador <strong>Emilio Cordero Michel<\/strong>, en virtud de la Ley 23-23, promulgada el 28 de febrero de ese a\u00f1o. Con su valiosa colecci\u00f3n de objetos y obras distribuidas en diversas salas, el museo se consolida como uno de los principales referentes de la memoria hist\u00f3rica nacional.<\/p>\n","protected":false},"excerpt":{"rendered":"<p>El presidente de la Rep\u00fablica, Luis Abinader, asisti\u00f3 este martes al acto de reapertura del Museo Nacional de Historia y Geograf\u00eda (MNHG), renombrado Emilio Cordero Michel, luego de un proceso de remozamiento integral que renov\u00f3 sus salas expositivas y moderniz\u00f3 los espacios donde el pa\u00eds conserva y narra su memoria hist\u00f3rica. La ceremonia, celebrada en<\/p>\n","protected":false},"author":1,"featured_media":37809,"comment_status":"open","ping_status":"open","sticky":false,"template":"","format":"standard","meta":{"footnotes":""},"categories":[1],"tags":[],"class_list":["post-37808","post","type-post","status-publish","format-standard","has-post-thumbnail","hentry","category-nacionales"],"_links":{"self":[{"href":"https:\/\/acronoticias.com\/index.php\/wp-json\/wp\/v2\/posts\/37808","targetHints":{"allow":["GET"]}}],"collection":[{"href":"https:\/\/acronoticias.com\/index.php\/wp-json\/wp\/v2\/posts"}],"about":[{"href":"https:\/\/acronoticias.com\/index.php\/wp-json\/wp\/v2\/types\/post"}],"author":[{"embeddable":true,"href":"https:\/\/acronoticias.com\/index.php\/wp-json\/wp\/v2\/users\/1"}],"replies":[{"embeddable":true,"href":"https:\/\/acronoticias.com\/index.php\/wp-json\/wp\/v2\/comments?post=37808"}],"version-history":[{"count":0,"href":"https:\/\/acronoticias.com\/index.php\/wp-json\/wp\/v2\/posts\/37808\/revisions"}],"wp:featuredmedia":[{"embeddable":true,"href":"https:\/\/acronoticias.com\/index.php\/wp-json\/wp\/v2\/media\/37809"}],"wp:attachment":[{"href":"https:\/\/acronoticias.com\/index.php\/wp-json\/wp\/v2\/media?parent=37808"}],"wp:term":[{"taxonomy":"category","embeddable":true,"href":"https:\/\/acronoticias.com\/index.php\/wp-json\/wp\/v2\/categories?post=37808"},{"taxonomy":"post_tag","embeddable":true,"href":"https:\/\/acronoticias.com\/index.php\/wp-json\/wp\/v2\/tags?post=37808"}],"curies":[{"name":"wp","href":"https:\/\/api.w.org\/{rel}","templated":true}]}}