{"id":37806,"date":"2026-04-29T05:07:59","date_gmt":"2026-04-29T05:07:59","guid":{"rendered":"https:\/\/acronoticias.com\/index.php\/2026\/04\/29\/rd-mantiene-estabilidad-en-precios-de-alimentos-pese-a-crisis-internacional-segun-comerciantes\/"},"modified":"2026-04-29T05:07:59","modified_gmt":"2026-04-29T05:07:59","slug":"rd-mantiene-estabilidad-en-precios-de-alimentos-pese-a-crisis-internacional-segun-comerciantes","status":"publish","type":"post","link":"https:\/\/acronoticias.com\/index.php\/2026\/04\/29\/rd-mantiene-estabilidad-en-precios-de-alimentos-pese-a-crisis-internacional-segun-comerciantes\/","title":{"rendered":"RD mantiene estabilidad en precios de alimentos pese a crisis internacional, seg\u00fan comerciantes"},"content":{"rendered":"<p>Santo Domingo.\u2013 La Rep\u00fablica Dominicana figura entre las econom\u00edas de la regi\u00f3n que mejor han resistido el<strong> impacto de la crisis global <\/strong>provocada por el conflicto en Medio Oriente, al mantener los precios de los productos de la canasta b\u00e1sica alimentaria por debajo de los registrados en Centroam\u00e9rica y el Caribe.<\/p>\n<p>El presidente del Consejo Nacional del Comercio en Provisiones (CNCP), Jorge Jerez, asegur\u00f3 que art\u00edculos esenciales como <strong>arroz, az\u00facar, aceite, pollo y pasta de tomate<\/strong> contin\u00faan con precios estables en el pa\u00eds.<\/p>\n<ul class=\"wp-block-list\">\n<li>\u201cEsto ocurre a pesar del impacto del conflicto entre Estados Unidos, Israel e Ir\u00e1n, que ha sacudido los mercados globales y provocado aumentos en materias primas y costos de producci\u00f3n\u201d, explic\u00f3.<\/li>\n<\/ul>\n<h3 class=\"wp-block-heading\">Menor impacto frente a la inflaci\u00f3n regional<\/h3>\n<p>Jerez afirm\u00f3 que, mientras en varios pa\u00edses de Centroam\u00e9rica se han registrado <strong>desabastecimientos e incrementos significativos<\/strong>, en la Rep\u00fablica Dominicana el efecto ha sido menor, con una presi\u00f3n inflacionaria m\u00e1s contenida.<\/p>\n<p>Indic\u00f3 que este an\u00e1lisis se sustenta en un informe comparativo elaborado por el C<strong>onsejo de Protecci\u00f3n al Consumidor de Centroam\u00e9rica<\/strong> y Rep\u00fablica Dominicana (CONCADECO), que evalu\u00f3 precios de productos de alto consumo utilizando el d\u00f3lar como referencia.<\/p>\n<p>Seg\u00fan el dirigente comercial, los resultados muestran que en otras naciones los precios han experimentado <strong>fuertes alzas y fluctuaciones<\/strong>, mientras que en el pa\u00eds el impacto ha sido considerablemente m\u00e1s leve.<\/p>\n<h3 class=\"wp-block-heading\">Medidas gubernamentales amortiguan la crisis<\/h3>\n<p>El presidente del CNCP atribuy\u00f3 este comportamiento a las acciones implementadas por el Gobierno de <strong>Luis Abinader <\/strong>para mitigar el impacto de la crisis internacional en la poblaci\u00f3n.<\/p>\n<p>\u201cEn comparaci\u00f3n con<strong> Centroam\u00e9rica y el Caribe<\/strong>, donde los precios han sido m\u00e1s inestables, aqu\u00ed el aumento ha sido menos perceptible, lo que ha favorecido el poder adquisitivo\u201d, sostuvo.<\/p>\n<p>Agreg\u00f3 que algunos productos incluso <strong>no han registrado variaciones<\/strong> desde el inicio del conflicto, lo que, a su juicio, evidencia la efectividad de las pol\u00edticas aplicadas para frenar la inflaci\u00f3n.<\/p>\n<p>Finalmente, el <strong>CNCP <\/strong>consider\u00f3 clave integrar al comercio organizado en las estrategias de distribuci\u00f3n e importaci\u00f3n, con el objetivo de garantizar el acceso oportuno a alimentos a precios estables.<\/p>\n<p>\u201cLa estabilidad de la<strong> canasta b\u00e1sica <\/strong>en la Rep\u00fablica Dominicana se consolida como un factor determinante para la seguridad alimentaria y la econom\u00eda familiar\u201d, concluy\u00f3.<\/p>\n<figure class=\"wp-block-image size-full\"><img loading=\"lazy\" decoding=\"async\" width=\"1080\" height=\"810\" src=\"https:\/\/multimedia.noticiassin.com\/wp-content\/uploads\/2026\/04\/rd-mantiene-estabilidad-en-precios-de-alimentos-pese-a-crisis-internacional-seg-20260429-012001-U97U.png\" alt=\"\" class=\"wp-image-1988324\" \/><\/figure>\n","protected":false},"excerpt":{"rendered":"<p>Santo Domingo.\u2013 La Rep\u00fablica Dominicana figura entre las econom\u00edas de la regi\u00f3n que mejor han resistido el impacto de la crisis global provocada por el conflicto en Medio Oriente, al mantener los precios de los productos de la canasta b\u00e1sica alimentaria por debajo de los registrados en Centroam\u00e9rica y el Caribe. El presidente del Consejo<\/p>\n","protected":false},"author":1,"featured_media":37807,"comment_status":"open","ping_status":"open","sticky":false,"template":"","format":"standard","meta":{"footnotes":""},"categories":[1],"tags":[],"class_list":["post-37806","post","type-post","status-publish","format-standard","has-post-thumbnail","hentry","category-nacionales"],"_links":{"self":[{"href":"https:\/\/acronoticias.com\/index.php\/wp-json\/wp\/v2\/posts\/37806","targetHints":{"allow":["GET"]}}],"collection":[{"href":"https:\/\/acronoticias.com\/index.php\/wp-json\/wp\/v2\/posts"}],"about":[{"href":"https:\/\/acronoticias.com\/index.php\/wp-json\/wp\/v2\/types\/post"}],"author":[{"embeddable":true,"href":"https:\/\/acronoticias.com\/index.php\/wp-json\/wp\/v2\/users\/1"}],"replies":[{"embeddable":true,"href":"https:\/\/acronoticias.com\/index.php\/wp-json\/wp\/v2\/comments?post=37806"}],"version-history":[{"count":0,"href":"https:\/\/acronoticias.com\/index.php\/wp-json\/wp\/v2\/posts\/37806\/revisions"}],"wp:featuredmedia":[{"embeddable":true,"href":"https:\/\/acronoticias.com\/index.php\/wp-json\/wp\/v2\/media\/37807"}],"wp:attachment":[{"href":"https:\/\/acronoticias.com\/index.php\/wp-json\/wp\/v2\/media?parent=37806"}],"wp:term":[{"taxonomy":"category","embeddable":true,"href":"https:\/\/acronoticias.com\/index.php\/wp-json\/wp\/v2\/categories?post=37806"},{"taxonomy":"post_tag","embeddable":true,"href":"https:\/\/acronoticias.com\/index.php\/wp-json\/wp\/v2\/tags?post=37806"}],"curies":[{"name":"wp","href":"https:\/\/api.w.org\/{rel}","templated":true}]}}