{"id":37800,"date":"2026-04-29T04:44:10","date_gmt":"2026-04-29T04:44:10","guid":{"rendered":"https:\/\/acronoticias.com\/index.php\/2026\/04\/29\/espana-reafirma-su-compromiso-con-haiti\/"},"modified":"2026-04-29T04:44:10","modified_gmt":"2026-04-29T04:44:10","slug":"espana-reafirma-su-compromiso-con-haiti","status":"publish","type":"post","link":"https:\/\/acronoticias.com\/index.php\/2026\/04\/29\/espana-reafirma-su-compromiso-con-haiti\/","title":{"rendered":"Espa\u00f1a reafirma su compromiso con Hait\u00ed"},"content":{"rendered":"<div>\n<div class=\"c-detail__author full\">\n<div>\n<div class=\"c-detail__author__thumb\">\n<figure>\n                                <picture src=\"https:\/\/imagenes.hoy.com.do\/files\/image_square_xs\/uploads\/2025\/11\/18\/691c7d5bed035.jpeg\" data-size=\"w:40,h:40\">\n                                    <img decoding=\"async\" loading=\"lazy\" alt=\"EFE EFE\" width=\"40\" height=\"40\" src=\"https:\/\/imagenes.hoy.com.do\/files\/image_square_xs\/uploads\/2025\/11\/18\/691c7d5bed035.jpeg\"\/>\n                                <\/picture>\n                                <\/figure>\n<\/div>\n<\/div>\n<\/div>\n<p>                                                                                            <!-- --><\/p>\n<p class=\"paragraph\">Santo Domingo.- EFE<\/p>\n<p class=\"paragraph\">El ministro espa\u00f1ol de Asuntos Exteriores, Jos\u00e9 Manuel Albares, reafirm\u00f3 ayer, martes, el compromiso de Espa\u00f1a con la estabilidad de Hait\u00ed, sumido desde hace a\u00f1os en una crisis multifactorial, agravada por la violencia de las bandas armadas.<\/p>\n<p class=\"paragraph\">\u201cLo que nosotros deseamos para Hait\u00ed, por supuesto, y trabajamos conjuntamente con Rep\u00fablica Dominicana es en un primer momento que desaparezcan todas las bandas, en un segundo momento la estabilidad del pa\u00eds y en un tercer momento su desarrollo\u201d, dijo Albares en declaraciones a la prensa espa\u00f1ola durante su visita oficial a la Rep\u00fablica Dominicana, vecina de Hait\u00ed.<\/p>\n<p class=\"paragraph\">Espa\u00f1a \u201cva a estar ah\u00ed. Somos uno de los pocos pa\u00edses del mundo que nunca ha cerrado su embajada, que la ha mantenido. Nuestra cooperaci\u00f3n ha intentado trabajar siempre que ha sido posible\u201d, apunt\u00f3 el diplom\u00e1tico espa\u00f1ol, quien previamente se reuni\u00f3 con su hom\u00f3logo dominicano, Roberto \u00c1lvarez, en la Canciller\u00eda dominicana, y con quien, asegur\u00f3, tambi\u00e9n abord\u00f3 la crisis haitiana.<\/p>\n<div class=\"c-detail__box \">\n<article class=\"c-detail__sumario \">\n<figure class=\"c-detail__sumario__thumb\" style=\"display: block;\">\n            <a href=\"#\" title=\"\">\n                <picture data-size=\"w:140,h:140\" loading=\"lazy\" src=\"https:\/\/imagenes.hoy.com.do\/files\/related_image\/uploads\/2026\/04\/28\/69f11f1c23c30.jpeg\" data-full-src=\"https:\/\/imagenes.hoy.com.do\/uploads\/2026\/04\/28\/69f11f1c23c30.jpeg\">\n                    <img loading=\"lazy\" decoding=\"async\" width=\"140\" height=\"140\" alt=\"Cancilleres de RD y Espa\u00f1a abordan Hait\u00ed y cooperaci\u00f3n regional en encuentro bilateral\" src=\"https:\/\/imagenes.hoy.com.do\/uploads\/2026\/04\/28\/69f11f1c23c30.jpeg\"\/>\n                <\/picture>\n            <\/a><br \/>\n        <\/figure>\n<\/article>\n<\/div>\n<p class=\"paragraph\">\u201cEspa\u00f1a ha estado presente y lo volver\u00e1 a estar\u201d en Hait\u00ed, que cuenta con una nueva Fuerza de Supresi\u00f3n de Pandillas (GSF,  en ingl\u00e9s), cuyos primeros contingentes llegaron a principios de este mes y que contar\u00e1 con uniformados procedentes de \u00c1frica, Asia, Am\u00e9rica Latina y el Caribe.<\/p>\n<p class=\"paragraph\">El diplom\u00e1tico espa\u00f1ol record\u00f3 que hace dos a\u00f1os, cuando se baraj\u00f3 otra fuerza multinacional para ayudar a la estabilidad de Hait\u00ed, Espa\u00f1a habl\u00f3 de una contribuci\u00f3n econ\u00f3mica y de una participaci\u00f3n en el \u00e1mbito policial.<\/p>\n<p class=\"paragraph\">Ahora, la misi\u00f3n desplegada en el deprimido pa\u00eds no es \u201cexactamente igual\u201d a la que se habl\u00f3 entonces, pero \u201cen cualquier caso, Espa\u00f1a, como en anteriores ocasiones, est\u00e1 dispuesta a participar de ambas formas\u201d, afirm\u00f3.   Las bandas armada  han expandido su dominio este \u00faltimo a\u00f1o m\u00e1s all\u00e1 de Puerto Pr\u00edncipe, la capital de Hait\u00ed, hacia los departamentos de Centro y Artibonite, en medio de altos niveles de violencia entre pandillas, fuerzas de seguridad, empresas privadas y grupos de \u201cautodefensa&#8221;.  Entre el 1 de marzo de 2025 y el 15 de enero de este a\u00f1o ha habido 5,519 muertos y 2,608 heridos.<\/p>\n<\/p><\/div>\n","protected":false},"excerpt":{"rendered":"<p>Santo Domingo.- EFE El ministro espa\u00f1ol de Asuntos Exteriores, Jos\u00e9 Manuel Albares, reafirm\u00f3 ayer, martes, el compromiso de Espa\u00f1a con la estabilidad de Hait\u00ed, sumido desde hace a\u00f1os en una crisis multifactorial, agravada por la violencia de las bandas armadas. \u201cLo que nosotros deseamos para Hait\u00ed, por supuesto, y trabajamos conjuntamente con Rep\u00fablica Dominicana es<\/p>\n","protected":false},"author":1,"featured_media":37801,"comment_status":"open","ping_status":"open","sticky":false,"template":"","format":"standard","meta":{"footnotes":""},"categories":[3],"tags":[],"class_list":["post-37800","post","type-post","status-publish","format-standard","has-post-thumbnail","hentry","category-internacionales"],"_links":{"self":[{"href":"https:\/\/acronoticias.com\/index.php\/wp-json\/wp\/v2\/posts\/37800","targetHints":{"allow":["GET"]}}],"collection":[{"href":"https:\/\/acronoticias.com\/index.php\/wp-json\/wp\/v2\/posts"}],"about":[{"href":"https:\/\/acronoticias.com\/index.php\/wp-json\/wp\/v2\/types\/post"}],"author":[{"embeddable":true,"href":"https:\/\/acronoticias.com\/index.php\/wp-json\/wp\/v2\/users\/1"}],"replies":[{"embeddable":true,"href":"https:\/\/acronoticias.com\/index.php\/wp-json\/wp\/v2\/comments?post=37800"}],"version-history":[{"count":0,"href":"https:\/\/acronoticias.com\/index.php\/wp-json\/wp\/v2\/posts\/37800\/revisions"}],"wp:featuredmedia":[{"embeddable":true,"href":"https:\/\/acronoticias.com\/index.php\/wp-json\/wp\/v2\/media\/37801"}],"wp:attachment":[{"href":"https:\/\/acronoticias.com\/index.php\/wp-json\/wp\/v2\/media?parent=37800"}],"wp:term":[{"taxonomy":"category","embeddable":true,"href":"https:\/\/acronoticias.com\/index.php\/wp-json\/wp\/v2\/categories?post=37800"},{"taxonomy":"post_tag","embeddable":true,"href":"https:\/\/acronoticias.com\/index.php\/wp-json\/wp\/v2\/tags?post=37800"}],"curies":[{"name":"wp","href":"https:\/\/api.w.org\/{rel}","templated":true}]}}