{"id":37798,"date":"2026-04-29T04:35:52","date_gmt":"2026-04-29T04:35:52","guid":{"rendered":"https:\/\/acronoticias.com\/index.php\/2026\/04\/29\/accidente-entre-camion-y-autobus-en-sabaneta-deja-varios-heridos\/"},"modified":"2026-04-29T04:35:52","modified_gmt":"2026-04-29T04:35:52","slug":"accidente-entre-camion-y-autobus-en-sabaneta-deja-varios-heridos","status":"publish","type":"post","link":"https:\/\/acronoticias.com\/index.php\/2026\/04\/29\/accidente-entre-camion-y-autobus-en-sabaneta-deja-varios-heridos\/","title":{"rendered":"Accidente entre cami\u00f3n y autob\u00fas en Sabaneta deja varios heridos"},"content":{"rendered":"<p><img decoding=\"async\" width=\"355\" height=\"200\" src=\"https:\/\/nuevodiario-assets.s3.us-east-2.amazonaws.com\/wp-content\/uploads\/2026\/04\/accidente-END.jpg-1-1-355x200.jpeg\" class=\"webfeedsFeaturedVisual not-transparent wp-post-image\" alt=\"\" style=\"--dominant-color: #6c4a3f;margin-bottom: 5px;clear:both;max-width: 100%\" loading=\"lazy\" data-has-transparency=\"false\" data-dominant-color=\"6c4a3f\" \/><\/p>\n<p data-start=\"70\" data-end=\"256\">EL NUEVO DIARIO, REDACCI\u00d3N DIGITAL. &#8211; Un accidente de tr\u00e1nsito ocurrido la noche de este martes en Sabaneta dej\u00f3 varias personas heridas, tras la colisi\u00f3n entre un cami\u00f3n y un autob\u00fas de pasajeros.<\/p>\n<p data-start=\"258\" data-end=\"494\">De acuerdo con las informaciones preliminares, el impacto involucr\u00f3 a la unidad de transporte de pasajeros y un cami\u00f3n, generando lesiones en varios ocupantes, aunque no se han ofrecido detalles oficiales sobre la cantidad exacta de afectados.<\/p>\n<p data-start=\"496\" data-end=\"666\">Reportan que el conductor del cami\u00f3n ser\u00eda un menor de edad, quien result\u00f3 con fracturas en las piernas, adem\u00e1s de golpes y laceraciones en distintas partes del cuerpo.<\/p>\n<p data-start=\"668\" data-end=\"827\" data-is-last-node=\"\" data-is-only-node=\"\">Las circunstancias en que ocurri\u00f3 el accidente no han sido esclarecidas.<\/p>\n<p>La entrada <a href=\"https:\/\/elnuevodiario.com.do\/accidente-entre-camion-y-autobus-en-sabaneta-deja-varios-heridos\/\">Accidente entre cami\u00f3n y autob\u00fas en Sabaneta deja varios heridos<\/a> se public\u00f3 primero en <a href=\"https:\/\/elnuevodiario.com.do\">El Nuevo Diario (Rep\u00fablica Dominicana)<\/a>.<\/p>\n","protected":false},"excerpt":{"rendered":"<p>EL NUEVO DIARIO, REDACCI\u00d3N DIGITAL. &#8211; Un accidente de tr\u00e1nsito ocurrido la noche de este martes en Sabaneta dej\u00f3 varias personas heridas, tras la colisi\u00f3n entre un cami\u00f3n y un autob\u00fas de pasajeros. De acuerdo con las informaciones preliminares, el impacto involucr\u00f3 a la unidad de transporte de pasajeros y un cami\u00f3n, generando lesiones en<\/p>\n","protected":false},"author":1,"featured_media":37799,"comment_status":"open","ping_status":"open","sticky":false,"template":"","format":"standard","meta":{"footnotes":""},"categories":[1],"tags":[],"class_list":["post-37798","post","type-post","status-publish","format-standard","has-post-thumbnail","hentry","category-nacionales"],"_links":{"self":[{"href":"https:\/\/acronoticias.com\/index.php\/wp-json\/wp\/v2\/posts\/37798","targetHints":{"allow":["GET"]}}],"collection":[{"href":"https:\/\/acronoticias.com\/index.php\/wp-json\/wp\/v2\/posts"}],"about":[{"href":"https:\/\/acronoticias.com\/index.php\/wp-json\/wp\/v2\/types\/post"}],"author":[{"embeddable":true,"href":"https:\/\/acronoticias.com\/index.php\/wp-json\/wp\/v2\/users\/1"}],"replies":[{"embeddable":true,"href":"https:\/\/acronoticias.com\/index.php\/wp-json\/wp\/v2\/comments?post=37798"}],"version-history":[{"count":0,"href":"https:\/\/acronoticias.com\/index.php\/wp-json\/wp\/v2\/posts\/37798\/revisions"}],"wp:featuredmedia":[{"embeddable":true,"href":"https:\/\/acronoticias.com\/index.php\/wp-json\/wp\/v2\/media\/37799"}],"wp:attachment":[{"href":"https:\/\/acronoticias.com\/index.php\/wp-json\/wp\/v2\/media?parent=37798"}],"wp:term":[{"taxonomy":"category","embeddable":true,"href":"https:\/\/acronoticias.com\/index.php\/wp-json\/wp\/v2\/categories?post=37798"},{"taxonomy":"post_tag","embeddable":true,"href":"https:\/\/acronoticias.com\/index.php\/wp-json\/wp\/v2\/tags?post=37798"}],"curies":[{"name":"wp","href":"https:\/\/api.w.org\/{rel}","templated":true}]}}