{"id":37796,"date":"2026-04-29T04:19:33","date_gmt":"2026-04-29T04:19:33","guid":{"rendered":"https:\/\/acronoticias.com\/index.php\/2026\/04\/29\/presidenta-de-ccrd-aclara-no-buscaba-aumento-salarial-sino-incentivos-por-desempeno\/"},"modified":"2026-04-29T04:19:33","modified_gmt":"2026-04-29T04:19:33","slug":"presidenta-de-ccrd-aclara-no-buscaba-aumento-salarial-sino-incentivos-por-desempeno","status":"publish","type":"post","link":"https:\/\/acronoticias.com\/index.php\/2026\/04\/29\/presidenta-de-ccrd-aclara-no-buscaba-aumento-salarial-sino-incentivos-por-desempeno\/","title":{"rendered":"Presidenta de CCRD aclara no buscaba aumento salarial sino \u00abincentivos por desempe\u00f1o\u00bb"},"content":{"rendered":"<p><img decoding=\"async\" width=\"355\" height=\"200\" src=\"https:\/\/nuevodiario-assets.s3.us-east-2.amazonaws.com\/wp-content\/uploads\/2026\/04\/Emma-Polanco-355x200.jpeg\" class=\"webfeedsFeaturedVisual not-transparent wp-post-image\" alt=\"\" style=\"--dominant-color: #8c857f;margin-bottom: 5px;clear:both;max-width: 100%\" loading=\"lazy\" data-has-transparency=\"false\" data-dominant-color=\"8c857f\" \/><\/p>\n<p>EL NUEVO DIARIO, SANTO DOMINGO.- La presidenta de la C\u00e1mara de Cuentas (CCRD), Emma Polanco, aclar\u00f3 este martes que en ning\u00fan momento el pleno de ese \u00f3rgano contempl\u00f3 un aumento de salarios, sino la implementaci\u00f3n de incentivos como reconocimiento al trabajo realizado por sus miembros y el personal t\u00e9cnico.<\/p>\n<p>Polanco explic\u00f3 que la intenci\u00f3n era motivar al equipo ante la carga laboral y los resultados obtenidos en los \u00faltimos meses, destacando que la actual gesti\u00f3n ha realizado decenas de auditor\u00edas en un per\u00edodo reducido, superando significativamente el desempe\u00f1o de administraciones anteriores.<\/p>\n<p>\u00abNosotros no hemos hablado en ning\u00fan momento de salario. Hemos hablado de una motivaci\u00f3n, un incentivo por el trabajo tan arduo que ha hecho la C\u00e1mara de Cuentas\u00bb, afirm\u00f3.<\/p>\n<p><a href=\"https:\/\/videos.files.wordpress.com\/ybvfcHjy\/emma-polanco.mp4\">emma-polanco-mp4<\/a><\/p>\n<div class=\"flex max-w-full flex-col gap-4 grow\">\n<div class=\"min-h-8 text-message relative flex w-full flex-col items-end gap-2 text-start break-words whitespace-normal outline-none keyboard-focused:focus-ring [.text-message+&amp;]:mt-1\" dir=\"auto\" data-message-author-role=\"assistant\" data-message-id=\"c85443bf-72f4-41d4-b3fd-7ad72625882a\" data-message-model-slug=\"gpt-5-3\" data-turn-start-message=\"true\">\n<div class=\"flex w-full flex-col gap-1 empty:hidden\">\n<div class=\"markdown prose dark:prose-invert w-full wrap-break-word light markdown-new-styling\">\n<p data-start=\"0\" data-end=\"272\">Asimismo, se\u00f1al\u00f3 que el trabajo desarrollado ha implicado jornadas intensas y un mayor nivel de exigencia, por lo que consideraron necesario establecer mecanismos de est\u00edmulo, no un incremento salarial, como sali\u00f3 a relucir, generando pol\u00e9mica en la entidad fiscalizadora.<\/p>\n<p data-start=\"274\" data-end=\"507\">La funcionaria sostuvo que la instituci\u00f3n mantiene su compromiso de continuar fortaleciendo la transparencia y la fiscalizaci\u00f3n de los recursos p\u00fablicos, dejando claro que el enfoque principal sigue siendo ofrecer resultados al pa\u00eds.<\/p>\n<p data-start=\"509\" data-end=\"685\">Tambi\u00e9n reiter\u00f3 que el tema ha quedado cerrado y que la C\u00e1mara de Cuentas continuar\u00e1 enfocada en sus funciones, priorizando la rendici\u00f3n de cuentas y el cumplimiento de la ley.<\/p>\n<p data-start=\"687\" data-end=\"816\">\u00abYa todo eso ha quedado en el pasado. Nuestro compromiso es trabajar y dar resultados al pa\u00eds, nada m\u00e1s\u00bb, destac\u00f3 la funcionaria.<\/p>\n<p data-start=\"818\" data-end=\"1013\">Emma Polanco hizo la aclaraci\u00f3n tras concluir su discurso de rendici\u00f3n de cuentas del primer a\u00f1o de gesti\u00f3n al frente del \u00f3rgano responsable de velar por el buen manejo de los recursos estatales.<\/p>\n<p data-start=\"1015\" data-end=\"1129\" data-is-last-node=\"\" data-is-only-node=\"\">En su alocuci\u00f3n, Polanco resalt\u00f3 los avances logrados hasta ahora, donde se han aprobado 75 informes de auditor\u00eda.<\/p>\n<\/div>\n<\/div>\n<\/div>\n<\/div>\n<p>JSB\/<\/p>\n<p>La entrada <a href=\"https:\/\/elnuevodiario.com.do\/presidenta-de-ccrd-aclara-no-buscaba-aumento-salarial-sino-incentivos-por-desempeno\/\">Presidenta de CCRD aclara no buscaba aumento salarial sino \u00abincentivos por desempe\u00f1o\u00bb<\/a> se public\u00f3 primero en <a href=\"https:\/\/elnuevodiario.com.do\">El Nuevo Diario (Rep\u00fablica Dominicana)<\/a>.<\/p>\n","protected":false},"excerpt":{"rendered":"<p>EL NUEVO DIARIO, SANTO DOMINGO.- La presidenta de la C\u00e1mara de Cuentas (CCRD), Emma Polanco, aclar\u00f3 este martes que en ning\u00fan momento el pleno de ese \u00f3rgano contempl\u00f3 un aumento de salarios, sino la implementaci\u00f3n de incentivos como reconocimiento al trabajo realizado por sus miembros y el personal t\u00e9cnico. Polanco explic\u00f3 que la intenci\u00f3n era<\/p>\n","protected":false},"author":1,"featured_media":37797,"comment_status":"open","ping_status":"open","sticky":false,"template":"","format":"standard","meta":{"footnotes":""},"categories":[1],"tags":[],"class_list":["post-37796","post","type-post","status-publish","format-standard","has-post-thumbnail","hentry","category-nacionales"],"_links":{"self":[{"href":"https:\/\/acronoticias.com\/index.php\/wp-json\/wp\/v2\/posts\/37796","targetHints":{"allow":["GET"]}}],"collection":[{"href":"https:\/\/acronoticias.com\/index.php\/wp-json\/wp\/v2\/posts"}],"about":[{"href":"https:\/\/acronoticias.com\/index.php\/wp-json\/wp\/v2\/types\/post"}],"author":[{"embeddable":true,"href":"https:\/\/acronoticias.com\/index.php\/wp-json\/wp\/v2\/users\/1"}],"replies":[{"embeddable":true,"href":"https:\/\/acronoticias.com\/index.php\/wp-json\/wp\/v2\/comments?post=37796"}],"version-history":[{"count":0,"href":"https:\/\/acronoticias.com\/index.php\/wp-json\/wp\/v2\/posts\/37796\/revisions"}],"wp:featuredmedia":[{"embeddable":true,"href":"https:\/\/acronoticias.com\/index.php\/wp-json\/wp\/v2\/media\/37797"}],"wp:attachment":[{"href":"https:\/\/acronoticias.com\/index.php\/wp-json\/wp\/v2\/media?parent=37796"}],"wp:term":[{"taxonomy":"category","embeddable":true,"href":"https:\/\/acronoticias.com\/index.php\/wp-json\/wp\/v2\/categories?post=37796"},{"taxonomy":"post_tag","embeddable":true,"href":"https:\/\/acronoticias.com\/index.php\/wp-json\/wp\/v2\/tags?post=37796"}],"curies":[{"name":"wp","href":"https:\/\/api.w.org\/{rel}","templated":true}]}}