{"id":37794,"date":"2026-04-29T04:03:44","date_gmt":"2026-04-29T04:03:44","guid":{"rendered":"https:\/\/acronoticias.com\/index.php\/2026\/04\/29\/menor-de-14-anos-muere-tras-ser-arrollado-por-locomotora-en-villa-central-barahona\/"},"modified":"2026-04-29T04:03:44","modified_gmt":"2026-04-29T04:03:44","slug":"menor-de-14-anos-muere-tras-ser-arrollado-por-locomotora-en-villa-central-barahona","status":"publish","type":"post","link":"https:\/\/acronoticias.com\/index.php\/2026\/04\/29\/menor-de-14-anos-muere-tras-ser-arrollado-por-locomotora-en-villa-central-barahona\/","title":{"rendered":"Menor de 14 a\u00f1os muere tras ser arrollado por locomotora en Villa Central, Barahona"},"content":{"rendered":"<p><img decoding=\"async\" width=\"355\" height=\"200\" src=\"https:\/\/nuevodiario-assets.s3.us-east-2.amazonaws.com\/wp-content\/uploads\/2026\/04\/Menor-de-14-anos-muere-arrollado-por-locomotora-del-CAC-en-Villa-Central-Barahona.jpg-355x200.jpeg\" class=\"webfeedsFeaturedVisual not-transparent wp-post-image\" alt=\"\" style=\"--dominant-color: #795147;margin-bottom: 5px;clear:both;max-width: 100%\" loading=\"lazy\" data-has-transparency=\"false\" data-dominant-color=\"795147\" \/><\/p>\n<p data-start=\"89\" data-end=\"369\">EL NUEVO DIARIO, BARAHONA.\u2013 Un menor de 14 a\u00f1os falleci\u00f3 la noche de este martes luego de ser arrollado por una locomotora del <span class=\"hover:entity-accent entity-underline inline cursor-pointer align-baseline\"><span class=\"whitespace-normal\">Consorcio Azucarero Central<\/span><\/span> (CAC), en un hecho ocurrido en las proximidades del vertedero del municipio de <span class=\"hover:entity-accent entity-underline inline cursor-pointer align-baseline\"><span class=\"whitespace-normal\">Villa Central<\/span><\/span>.<\/p>\n<p data-start=\"371\" data-end=\"542\">De acuerdo con informaciones preliminares, el adolescente fue impactado por la locomotora, sufriendo heridas de gravedad que le provocaron la muerte de manera instant\u00e1nea.<\/p>\n<p><a href=\"https:\/\/elnuevodiario.com.do\/menor-de-14-anos-muere-tras-ser-arrollado-por-locomotora-en-villa-central-barahona\/menor-de-14-anos-muere-tras-ser-arrollado-por-locomotora-en-villa-central-barahona-1-2\/\"><img decoding=\"async\" data-recalc-dims=\"1\" loading=\"lazy\" width=\"640\" height=\"480\" src=\"https:\/\/i0.wp.com\/nuevodiario-assets.s3.us-east-2.amazonaws.com\/wp-content\/uploads\/2026\/04\/Menor-de-14-anos-muere-tras-ser-arrollado-por-locomotora-en-Villa-Central-Barahona-1-1-scaled.jpeg?resize=640%2C480&#038;quality=100&#038;ssl=1\" class=\"attachment-full size-full not-transparent\" alt=\"\" data-has-transparency=\"false\" data-dominant-color=\"5f5449\" style=\"--dominant-color: #5f5449\" \/><\/a><\/p>\n<p data-start=\"544\" data-end=\"748\">Hasta el momento, las autoridades no han establecido las circunstancias en que el menor fue alcanzado por el tren, por lo que se iniciaron las investigaciones correspondientes para esclarecer lo ocurrido.<\/p>\n<p data-start=\"750\" data-end=\"981\" data-is-last-node=\"\" data-is-only-node=\"\">Al lugar se presentaron miembros de la Polic\u00eda Cient\u00edfica, agentes de la Polic\u00eda Preventiva y una unidad del <span class=\"hover:entity-accent entity-underline inline cursor-pointer align-baseline\"><span class=\"whitespace-normal\">Instituto Nacional de Ciencias Forenses<\/span><\/span> (INACIF), quienes realizaron el levantamiento del cuerpo y las diligencias de rigor.<\/p>\n<p><a href=\"https:\/\/elnuevodiario.com.do\/menor-de-14-anos-muere-tras-ser-arrollado-por-locomotora-en-villa-central-barahona\/menor-de-14-anos-muere-tras-ser-arrollado-por-locomotora-en-villa-central-barahona-2\/\"><img decoding=\"async\" data-recalc-dims=\"1\" loading=\"lazy\" width=\"640\" height=\"480\" src=\"https:\/\/i0.wp.com\/nuevodiario-assets.s3.us-east-2.amazonaws.com\/wp-content\/uploads\/2026\/04\/Menor-de-14-anos-muere-tras-ser-arrollado-por-locomotora-en-Villa-Central-Barahona-2-scaled.jpeg?resize=640%2C480&#038;quality=100&#038;ssl=1\" class=\"attachment-full size-full not-transparent\" alt=\"\" data-has-transparency=\"false\" data-dominant-color=\"584b3e\" style=\"--dominant-color: #584b3e\" \/><\/a><\/p>\n<p>La entrada <a href=\"https:\/\/elnuevodiario.com.do\/menor-de-14-anos-muere-tras-ser-arrollado-por-locomotora-en-villa-central-barahona\/\">Menor de 14 a\u00f1os muere tras ser arrollado por locomotora en Villa Central, Barahona<\/a> se public\u00f3 primero en <a href=\"https:\/\/elnuevodiario.com.do\">El Nuevo Diario (Rep\u00fablica Dominicana)<\/a>.<\/p>\n","protected":false},"excerpt":{"rendered":"<p>EL NUEVO DIARIO, BARAHONA.\u2013 Un menor de 14 a\u00f1os falleci\u00f3 la noche de este martes luego de ser arrollado por una locomotora del Consorcio Azucarero Central (CAC), en un hecho ocurrido en las proximidades del vertedero del municipio de Villa Central. De acuerdo con informaciones preliminares, el adolescente fue impactado por la locomotora, sufriendo heridas<\/p>\n","protected":false},"author":1,"featured_media":37795,"comment_status":"open","ping_status":"open","sticky":false,"template":"","format":"standard","meta":{"footnotes":""},"categories":[1],"tags":[],"class_list":["post-37794","post","type-post","status-publish","format-standard","has-post-thumbnail","hentry","category-nacionales"],"_links":{"self":[{"href":"https:\/\/acronoticias.com\/index.php\/wp-json\/wp\/v2\/posts\/37794","targetHints":{"allow":["GET"]}}],"collection":[{"href":"https:\/\/acronoticias.com\/index.php\/wp-json\/wp\/v2\/posts"}],"about":[{"href":"https:\/\/acronoticias.com\/index.php\/wp-json\/wp\/v2\/types\/post"}],"author":[{"embeddable":true,"href":"https:\/\/acronoticias.com\/index.php\/wp-json\/wp\/v2\/users\/1"}],"replies":[{"embeddable":true,"href":"https:\/\/acronoticias.com\/index.php\/wp-json\/wp\/v2\/comments?post=37794"}],"version-history":[{"count":0,"href":"https:\/\/acronoticias.com\/index.php\/wp-json\/wp\/v2\/posts\/37794\/revisions"}],"wp:featuredmedia":[{"embeddable":true,"href":"https:\/\/acronoticias.com\/index.php\/wp-json\/wp\/v2\/media\/37795"}],"wp:attachment":[{"href":"https:\/\/acronoticias.com\/index.php\/wp-json\/wp\/v2\/media?parent=37794"}],"wp:term":[{"taxonomy":"category","embeddable":true,"href":"https:\/\/acronoticias.com\/index.php\/wp-json\/wp\/v2\/categories?post=37794"},{"taxonomy":"post_tag","embeddable":true,"href":"https:\/\/acronoticias.com\/index.php\/wp-json\/wp\/v2\/tags?post=37794"}],"curies":[{"name":"wp","href":"https:\/\/api.w.org\/{rel}","templated":true}]}}