{"id":37788,"date":"2026-04-29T03:42:35","date_gmt":"2026-04-29T03:42:35","guid":{"rendered":"https:\/\/acronoticias.com\/index.php\/2026\/04\/29\/edmundo-gonzalez-urrutia-reaparece-tras-hospitalizacion-y-critica-gestion-de-maduro\/"},"modified":"2026-04-29T03:42:35","modified_gmt":"2026-04-29T03:42:35","slug":"edmundo-gonzalez-urrutia-reaparece-tras-hospitalizacion-y-critica-gestion-de-maduro","status":"publish","type":"post","link":"https:\/\/acronoticias.com\/index.php\/2026\/04\/29\/edmundo-gonzalez-urrutia-reaparece-tras-hospitalizacion-y-critica-gestion-de-maduro\/","title":{"rendered":"Edmundo Gonz\u00e1lez Urrutia reaparece tras hospitalizaci\u00f3n y critica gesti\u00f3n de Maduro"},"content":{"rendered":"<div>\n<div class=\"c-detail__author full\">\n<div>\n<div class=\"c-detail__author__thumb\">\n<figure>\n                                <picture src=\"https:\/\/imagenes.hoy.com.do\/files\/image_square_xs\/uploads\/2025\/11\/18\/691c7d5bed035.jpeg\" data-size=\"w:40,h:40\">\n                                    <img decoding=\"async\" loading=\"lazy\" alt=\"EFE EFE\" width=\"40\" height=\"40\" src=\"https:\/\/imagenes.hoy.com.do\/files\/image_square_xs\/uploads\/2025\/11\/18\/691c7d5bed035.jpeg\"\/>\n                                <\/picture>\n                                <\/figure>\n<\/div>\n<\/div>\n<\/div>\n<p>                                                                                            <!-- --><\/p>\n<p class=\"paragraph\">El opositor venezolano Edmundo Gonz\u00e1lez Urrutia anunci\u00f3 este martes en redes sociales que ya est\u00e1 &#8220;de vuelta&#8221; tras la hospitalizaci\u00f3n que le impidi\u00f3 participar en los actos p\u00fablicos de la premio nobel de la paz Mar\u00eda Corina Machado durante su visita a Espa\u00f1a el pasado 18 de abril.<\/p>\n<p class=\"paragraph\">&#8220;Hace unos d\u00edas recib\u00ed el alta m\u00e9dica (&#8230;) Estoy de vuelta, que no haya dudas&#8221;, puntualiz\u00f3 el que se autoconsidera presidente leg\u00edtimo de los venezolanos desde que el 28 de julio de 2024 se present\u00f3 a unas elecciones que afirma que gan\u00f3 pero fueron manipuladas por el r\u00e9gimen de Nicol\u00e1s Maduro.<\/p>\n<div class=\"c-detail__box \">\n<article class=\"c-detail__sumario \">\n<figure class=\"c-detail__sumario__thumb\" style=\"display: block;\">\n            <a href=\"#\" title=\"\">\n                <picture data-size=\"w:140,h:140\" loading=\"lazy\" src=\"https:\/\/imagenes.hoy.com.do\/files\/related_image\/uploads\/2026\/03\/13\/69b416b307e78.png\" data-full-src=\"https:\/\/imagenes.hoy.com.do\/uploads\/2026\/03\/13\/69b416b307e78.png\">\n                    <img loading=\"lazy\" decoding=\"async\" width=\"140\" height=\"140\" alt=\"Creada con IA\" src=\"https:\/\/imagenes.hoy.com.do\/uploads\/2026\/03\/13\/69b416b307e78.png\"\/>\n                <\/picture>\n            <\/a><br \/>\n        <\/figure>\n<\/article>\n<\/div>\n<p class=\"paragraph\">El l\u00edder opositor, exiliado en Espa\u00f1a, asegur\u00f3 hoy estar &#8220;muy atento a lo que est\u00e1 pasando en Venezuela&#8221; y lament\u00f3 &#8220;la inflaci\u00f3n que sigue devorando a los venezolanos&#8221;.<\/p>\n<p class=\"paragraph\">Tambi\u00e9n critic\u00f3 &#8220;una factura de abogados que algunos contrataron para su propios problemas y que ahora quieren cobrarle a todos los venezolanos&#8221;, en referencia a la defensa del exmandatario Maduro y su esposa, Cilia Flores, ya que Estados Unidos accedi\u00f3 recientemente a que el Ejecutivo venezolano pague los honorarios de sus abogados.<\/p>\n<p class=\"paragraph\">Gonz\u00e1lez Urrutia mencion\u00f3 adem\u00e1s la liberaci\u00f3n de presos que el Gobierno de Venezuela ha iniciado y dijo: &#8220;Veo una ley de amnist\u00eda que muri\u00f3 antes de nacer porque nunca fue su intenci\u00f3n que viviera. Y veo la tragedia de nuestros presos pol\u00edticos, que est\u00e1n en cada conversaci\u00f3n que tengo, en cada decisi\u00f3n que tomo, en cada hora que pasa&#8221;.<\/p>\n<p class=\"paragraph\">Seg\u00fan inform\u00f3 el Parlamento venezolano el 22 de abril, 8.616 personas fueron amnistiadas desde la salida de Maduro del pa\u00eds tras su captura por parte de Estados Unidos, de las cuales 314 estaban encarceladas y el resto ten\u00eda medidas cautelares.<\/p>\n<p class=\"paragraph\">Sin embargo, la ONG Foro Penal se\u00f1al\u00f3 ese mismo d\u00eda que solo se han documentado 786 excarcelaciones desde el 8 de enero, de las cuales solo 186 se deben a la Ley de Amnist\u00eda. A 20 de abril, Foro Penal contabilizaba 473 presos pol\u00edticos a\u00fan detenidos en el pa\u00eds.E<\/p>\n<\/p><\/div>\n","protected":false},"excerpt":{"rendered":"<p>El opositor venezolano Edmundo Gonz\u00e1lez Urrutia anunci\u00f3 este martes en redes sociales que ya est\u00e1 &#8220;de vuelta&#8221; tras la hospitalizaci\u00f3n que le impidi\u00f3 participar en los actos p\u00fablicos de la premio nobel de la paz Mar\u00eda Corina Machado durante su visita a Espa\u00f1a el pasado 18 de abril. &#8220;Hace unos d\u00edas recib\u00ed el alta m\u00e9dica<\/p>\n","protected":false},"author":1,"featured_media":37789,"comment_status":"open","ping_status":"open","sticky":false,"template":"","format":"standard","meta":{"footnotes":""},"categories":[3],"tags":[],"class_list":["post-37788","post","type-post","status-publish","format-standard","has-post-thumbnail","hentry","category-internacionales"],"_links":{"self":[{"href":"https:\/\/acronoticias.com\/index.php\/wp-json\/wp\/v2\/posts\/37788","targetHints":{"allow":["GET"]}}],"collection":[{"href":"https:\/\/acronoticias.com\/index.php\/wp-json\/wp\/v2\/posts"}],"about":[{"href":"https:\/\/acronoticias.com\/index.php\/wp-json\/wp\/v2\/types\/post"}],"author":[{"embeddable":true,"href":"https:\/\/acronoticias.com\/index.php\/wp-json\/wp\/v2\/users\/1"}],"replies":[{"embeddable":true,"href":"https:\/\/acronoticias.com\/index.php\/wp-json\/wp\/v2\/comments?post=37788"}],"version-history":[{"count":0,"href":"https:\/\/acronoticias.com\/index.php\/wp-json\/wp\/v2\/posts\/37788\/revisions"}],"wp:featuredmedia":[{"embeddable":true,"href":"https:\/\/acronoticias.com\/index.php\/wp-json\/wp\/v2\/media\/37789"}],"wp:attachment":[{"href":"https:\/\/acronoticias.com\/index.php\/wp-json\/wp\/v2\/media?parent=37788"}],"wp:term":[{"taxonomy":"category","embeddable":true,"href":"https:\/\/acronoticias.com\/index.php\/wp-json\/wp\/v2\/categories?post=37788"},{"taxonomy":"post_tag","embeddable":true,"href":"https:\/\/acronoticias.com\/index.php\/wp-json\/wp\/v2\/tags?post=37788"}],"curies":[{"name":"wp","href":"https:\/\/api.w.org\/{rel}","templated":true}]}}