{"id":37785,"date":"2026-04-29T03:16:03","date_gmt":"2026-04-29T03:16:03","guid":{"rendered":"https:\/\/acronoticias.com\/index.php\/2026\/04\/29\/presidente-abinader-asistira-a-la-cumbre-iberoamericana-en-madrid-informa-albares\/"},"modified":"2026-04-29T03:16:03","modified_gmt":"2026-04-29T03:16:03","slug":"presidente-abinader-asistira-a-la-cumbre-iberoamericana-en-madrid-informa-albares","status":"publish","type":"post","link":"https:\/\/acronoticias.com\/index.php\/2026\/04\/29\/presidente-abinader-asistira-a-la-cumbre-iberoamericana-en-madrid-informa-albares\/","title":{"rendered":"Presidente Abinader asistir\u00e1 a la Cumbre Iberoamericana en Madrid, informa Albares"},"content":{"rendered":"<p><img loading=\"lazy\" decoding=\"async\" width=\"355\" height=\"200\" src=\"https:\/\/nuevodiario-assets.s3.us-east-2.amazonaws.com\/wp-content\/uploads\/2026\/03\/Abinader-2-355x200.jpeg\" class=\"webfeedsFeaturedVisual not-transparent wp-post-image\" alt=\"\" style=\"--dominant-color: #8c8eac;margin-bottom: 5px;clear:both;max-width: 100%\" data-has-transparency=\"false\" data-dominant-color=\"8c8eac\" \/><\/p>\n<p>SANTO DOMINGO. &#8211; El presidente de la Rep\u00fablica Dominicana, Luis Abinader, asistir\u00e1 a la Cumbre Iberoamericana que se celebrar\u00e1 en Madrid, Espa\u00f1a, el 4 y el 5 del pr\u00f3ximo noviembre, inform\u00f3 este martes el ministro espa\u00f1ol de Asuntos Exteriores, Jos\u00e9 Manuel Albares, quien realiza una visita oficial al pa\u00eds caribe\u00f1o.<\/p>\n<p>El diplom\u00e1tico espa\u00f1ol ofreci\u00f3 la informaci\u00f3n a la prensa espa\u00f1ola en la sede de la embajada de Espa\u00f1a en Santo Domingo tras un encuentro con su hom\u00f3logo dominicano, Roberto \u00c1lvarez, en la Canciller\u00eda del pa\u00eds caribe\u00f1o, segunda parada de su gira por Latinoam\u00e9rica que inici\u00f3 ayer en Puerto Rico y concluir\u00e1 ma\u00f1ana en M\u00e9xico.<\/p>\n<p>\u00abHemos tra\u00eddo la carta de invitaci\u00f3n de su majestad el rey, y el canciller dominicano me ha confirmado que el presidente Abinader estar\u00e1, por supuesto, en noviembre en esa cumbre en Madrid\u00bb, declar\u00f3 Albares, quien junto al \u00c1lvarez repas\u00f3 este martes los trabajos preparatorios de la Cumbre Iberoamericana de Madrid, que en esta ocasi\u00f3n tendr\u00e1 como lema &#8216;Iberoam\u00e9rica. Juntos construimos nuestra comunidad. Juntos la proyectamos hacia el futuro y hacia el mundo&#8217;.<\/p>\n<p>Preguntado sobre si ya han invitado a esa cita a la presidenta encargada de Venezuela, Delcy Rodr\u00edguez, el ministro espa\u00f1ol se\u00f1al\u00f3 que \u00aben estos momentos lo que estamos haciendo es dirigi\u00e9ndonos a todos los pa\u00edses y vamos a actuar como se act\u00faa siempre. Se invita a quien tiene la representaci\u00f3n internacional de cada pa\u00eds\u00bb.<\/p>\n<p>La Cumbre Iberoamericana de Madrid \u00abno va a ser distinta de otra, la Secretar\u00eda Pro T\u00e9mpere no cambia las reglas. Hay unas reglas establecidas por todos y en todo momento las vamos a seguir\u00bb, concluy\u00f3.<\/p>\n<p>La entrada <a href=\"https:\/\/elnuevodiario.com.do\/presidente-abinader-asistira-a-la-cumbre-iberoamericana-en-madrid-informa-albares\/\">Presidente Abinader asistir\u00e1 a la Cumbre Iberoamericana en Madrid, informa Albares<\/a> se public\u00f3 primero en <a href=\"https:\/\/elnuevodiario.com.do\">El Nuevo Diario (Rep\u00fablica Dominicana)<\/a>.<\/p>\n","protected":false},"excerpt":{"rendered":"<p>SANTO DOMINGO. &#8211; El presidente de la Rep\u00fablica Dominicana, Luis Abinader, asistir\u00e1 a la Cumbre Iberoamericana que se celebrar\u00e1 en Madrid, Espa\u00f1a, el 4 y el 5 del pr\u00f3ximo noviembre, inform\u00f3 este martes el ministro espa\u00f1ol de Asuntos Exteriores, Jos\u00e9 Manuel Albares, quien realiza una visita oficial al pa\u00eds caribe\u00f1o. El diplom\u00e1tico espa\u00f1ol ofreci\u00f3 la<\/p>\n","protected":false},"author":1,"featured_media":31158,"comment_status":"open","ping_status":"open","sticky":false,"template":"","format":"standard","meta":{"footnotes":""},"categories":[1],"tags":[],"class_list":["post-37785","post","type-post","status-publish","format-standard","has-post-thumbnail","hentry","category-nacionales"],"_links":{"self":[{"href":"https:\/\/acronoticias.com\/index.php\/wp-json\/wp\/v2\/posts\/37785","targetHints":{"allow":["GET"]}}],"collection":[{"href":"https:\/\/acronoticias.com\/index.php\/wp-json\/wp\/v2\/posts"}],"about":[{"href":"https:\/\/acronoticias.com\/index.php\/wp-json\/wp\/v2\/types\/post"}],"author":[{"embeddable":true,"href":"https:\/\/acronoticias.com\/index.php\/wp-json\/wp\/v2\/users\/1"}],"replies":[{"embeddable":true,"href":"https:\/\/acronoticias.com\/index.php\/wp-json\/wp\/v2\/comments?post=37785"}],"version-history":[{"count":0,"href":"https:\/\/acronoticias.com\/index.php\/wp-json\/wp\/v2\/posts\/37785\/revisions"}],"wp:featuredmedia":[{"embeddable":true,"href":"https:\/\/acronoticias.com\/index.php\/wp-json\/wp\/v2\/media\/31158"}],"wp:attachment":[{"href":"https:\/\/acronoticias.com\/index.php\/wp-json\/wp\/v2\/media?parent=37785"}],"wp:term":[{"taxonomy":"category","embeddable":true,"href":"https:\/\/acronoticias.com\/index.php\/wp-json\/wp\/v2\/categories?post=37785"},{"taxonomy":"post_tag","embeddable":true,"href":"https:\/\/acronoticias.com\/index.php\/wp-json\/wp\/v2\/tags?post=37785"}],"curies":[{"name":"wp","href":"https:\/\/api.w.org\/{rel}","templated":true}]}}