{"id":37781,"date":"2026-04-29T02:59:45","date_gmt":"2026-04-29T02:59:45","guid":{"rendered":"https:\/\/acronoticias.com\/index.php\/2026\/04\/29\/se-incendia-vivienda-de-moca-residente-dice-no-sabe-que-se-quemaba-salio-con-su-hijo-de-la-casa\/"},"modified":"2026-04-29T02:59:45","modified_gmt":"2026-04-29T02:59:45","slug":"se-incendia-vivienda-de-moca-residente-dice-no-sabe-que-se-quemaba-salio-con-su-hijo-de-la-casa","status":"publish","type":"post","link":"https:\/\/acronoticias.com\/index.php\/2026\/04\/29\/se-incendia-vivienda-de-moca-residente-dice-no-sabe-que-se-quemaba-salio-con-su-hijo-de-la-casa\/","title":{"rendered":"Se incendia vivienda de Moca; residente dice no sabe qu\u00e9 se quemaba; sali\u00f3 con su hijo de la casa"},"content":{"rendered":"<p><img loading=\"lazy\" decoding=\"async\" width=\"355\" height=\"200\" src=\"https:\/\/nuevodiario-assets.s3.us-east-2.amazonaws.com\/wp-content\/uploads\/2026\/04\/Se-incendia-vivienda-de-Moca-residente-dice-no-sabe-que-se-quemaba-salio-con-su-hijo-de-la-casa-355x200.jpg\" class=\"webfeedsFeaturedVisual not-transparent wp-post-image\" alt=\"\" style=\"--dominant-color: #7a514c;margin-bottom: 5px;clear:both;max-width: 100%\" data-has-transparency=\"false\" data-dominant-color=\"7a514c\" \/><\/p>\n<p>EL NUEVO DIARIO,\u00a0MOCA, ESPAILLAT.- Un incendio afect\u00f3 la tarde de este martes un apartamento tipo estudio ubicado en la calle Jos\u00e9 Inocencio Reyes, conocida como la \u201ccalle de los Perros\u201d, en el municipio Moca, provocando p\u00e9rdidas en los ajuares de una de las habitaciones.<\/p>\n<p>La joven que resid\u00eda en el inmueble relat\u00f3 que el siniestro se habr\u00eda originado tras una aparente falla el\u00e9ctrica al momento en que se restableci\u00f3 el servicio.<\/p>\n<p>\u201cCuando llega la luz, yo oigo que algo hace as\u00ed como \u2018\u00a1shhh!\u2019\u2026 y cuando mir\u00e9 para all\u00e1, estaba prendido\u201d, narr\u00f3 la afectada.<\/p>\n<p>Explic\u00f3 que, al percatarse de la situaci\u00f3n, intent\u00f3 cortar la energ\u00eda el\u00e9ctrica desde el interruptor, pero el fuego ya se hab\u00eda iniciado en el interior de la vivienda.<\/p>\n<p>\u201cLe hice as\u00ed al break\u2026 pero parece que la tuber\u00eda es como pl\u00e1stica y ya se hab\u00eda prendido por dentro\u201d, indic\u00f3.<\/p>\n<p>La mujer cont\u00f3 que logr\u00f3 salir del apartamento junto a su hijo, quien se encontraba durmiendo al momento del incidente.<\/p>\n<p>\u201c\u00c9l estaba durmiendo y yo le dije: \u2018\u00a1Sal, sal, corre, que se est\u00e1 prendiendo esto aqu\u00ed!\u2019\u201d, expres\u00f3.<\/p>\n<p>Agreg\u00f3 que, aunque pudo salvar parte de sus pertenencias, los da\u00f1os se concentraron en la habitaci\u00f3n afectada.<\/p>\n<p>\u201cCasi todo\u2026 nada m\u00e1s se quem\u00f3 lo de la habitaci\u00f3n\u201d, dijo.<\/p>\n<p>La residente asegur\u00f3 que nunca hab\u00eda experimentado una situaci\u00f3n similar en el lugar. \u201cNunca\u2026 este apartamento es seguro, aqu\u00ed nunca yo hab\u00eda tenido un problema\u201d.<\/p>\n<p>&nbsp;<\/p>\n<p>La entrada <a href=\"https:\/\/elnuevodiario.com.do\/se-incendia-vivienda-de-moca-residente-dice-no-sabe-que-se-quemaba-salio-con-su-hijo-de-la-casa\/\">Se incendia vivienda de Moca; residente dice no sabe qu\u00e9 se quemaba; sali\u00f3 con su hijo de la casa<\/a> se public\u00f3 primero en <a href=\"https:\/\/elnuevodiario.com.do\">El Nuevo Diario (Rep\u00fablica Dominicana)<\/a>.<\/p>\n","protected":false},"excerpt":{"rendered":"<p>EL NUEVO DIARIO,\u00a0MOCA, ESPAILLAT.- Un incendio afect\u00f3 la tarde de este martes un apartamento tipo estudio ubicado en la calle Jos\u00e9 Inocencio Reyes, conocida como la \u201ccalle de los Perros\u201d, en el municipio Moca, provocando p\u00e9rdidas en los ajuares de una de las habitaciones. La joven que resid\u00eda en el inmueble relat\u00f3 que el siniestro<\/p>\n","protected":false},"author":1,"featured_media":37782,"comment_status":"open","ping_status":"open","sticky":false,"template":"","format":"standard","meta":{"footnotes":""},"categories":[1],"tags":[],"class_list":["post-37781","post","type-post","status-publish","format-standard","has-post-thumbnail","hentry","category-nacionales"],"_links":{"self":[{"href":"https:\/\/acronoticias.com\/index.php\/wp-json\/wp\/v2\/posts\/37781","targetHints":{"allow":["GET"]}}],"collection":[{"href":"https:\/\/acronoticias.com\/index.php\/wp-json\/wp\/v2\/posts"}],"about":[{"href":"https:\/\/acronoticias.com\/index.php\/wp-json\/wp\/v2\/types\/post"}],"author":[{"embeddable":true,"href":"https:\/\/acronoticias.com\/index.php\/wp-json\/wp\/v2\/users\/1"}],"replies":[{"embeddable":true,"href":"https:\/\/acronoticias.com\/index.php\/wp-json\/wp\/v2\/comments?post=37781"}],"version-history":[{"count":0,"href":"https:\/\/acronoticias.com\/index.php\/wp-json\/wp\/v2\/posts\/37781\/revisions"}],"wp:featuredmedia":[{"embeddable":true,"href":"https:\/\/acronoticias.com\/index.php\/wp-json\/wp\/v2\/media\/37782"}],"wp:attachment":[{"href":"https:\/\/acronoticias.com\/index.php\/wp-json\/wp\/v2\/media?parent=37781"}],"wp:term":[{"taxonomy":"category","embeddable":true,"href":"https:\/\/acronoticias.com\/index.php\/wp-json\/wp\/v2\/categories?post=37781"},{"taxonomy":"post_tag","embeddable":true,"href":"https:\/\/acronoticias.com\/index.php\/wp-json\/wp\/v2\/tags?post=37781"}],"curies":[{"name":"wp","href":"https:\/\/api.w.org\/{rel}","templated":true}]}}