{"id":37779,"date":"2026-04-29T02:43:36","date_gmt":"2026-04-29T02:43:36","guid":{"rendered":"https:\/\/acronoticias.com\/index.php\/2026\/04\/29\/ministro-espanol-reafirma-interes-de-apoyar-programas-de-proteccion-de-victimas-en-rd\/"},"modified":"2026-04-29T02:43:36","modified_gmt":"2026-04-29T02:43:36","slug":"ministro-espanol-reafirma-interes-de-apoyar-programas-de-proteccion-de-victimas-en-rd","status":"publish","type":"post","link":"https:\/\/acronoticias.com\/index.php\/2026\/04\/29\/ministro-espanol-reafirma-interes-de-apoyar-programas-de-proteccion-de-victimas-en-rd\/","title":{"rendered":"Ministro espa\u00f1ol reafirma inter\u00e9s de apoyar programas de protecci\u00f3n de v\u00edctimas en RD"},"content":{"rendered":"<p><img loading=\"lazy\" decoding=\"async\" width=\"355\" height=\"200\" src=\"https:\/\/nuevodiario-assets.s3.us-east-2.amazonaws.com\/wp-content\/uploads\/2026\/04\/Ministro-de-Asuntos-Exteriores-Union-Europea-y-Cooperacion-del-Reino-de-Espana-visita-Relevic-1-355x200.jpeg\" class=\"webfeedsFeaturedVisual not-transparent wp-post-image\" alt=\"\" style=\"--dominant-color: #aea5a5;margin-bottom: 5px;clear:both;max-width: 100%\" data-has-transparency=\"false\" data-dominant-color=\"aea5a5\" \/><\/p>\n<p>&nbsp;<\/p>\n<p>EL NUEVO DIARIO, SANTO DOMINGO.- El ministro de Asuntos Exteriores, Uni\u00f3n Europea y Cooperaci\u00f3n del Reino de Espa\u00f1a, Jos\u00e9 Manuel Albares, reafirm\u00f3 este martes el inter\u00e9s de su pa\u00eds en fortalecer la cooperaci\u00f3n con el Ministerio P\u00fablico dominicano, especialmente en programas dirigidos a la protecci\u00f3n de v\u00edctimas.<\/p>\n<p>El pronunciamiento fue realizado durante una visita al Servicio Nacional de Representaci\u00f3n Legal de los Derechos de la V\u00edctima (Relevic), donde sostuvo un encuentro con la procuradora general de la Rep\u00fablica, Yeni Berenice Reynoso.<\/p>\n<p>Durante la reuni\u00f3n se abordaron los avances de los programas respaldados por la Agencia Espa\u00f1ola de Cooperaci\u00f3n Internacional para el Desarrollo (AECID), enfocados en el fortalecimiento de la administraci\u00f3n de justicia y la atenci\u00f3n integral a v\u00edctimas.<\/p>\n<p>Entre estos proyectos destaca la expansi\u00f3n de Relevic, que en marzo de 2026 incorpor\u00f3 142 abogados defensores de v\u00edctimas y abri\u00f3 37 nuevas oficinas en distintas provincias del pa\u00eds.<\/p>\n<p>Asimismo, la AECID respalda otras iniciativas del Ministerio P\u00fablico orientadas a la protecci\u00f3n de los derechos de la mujer, como la Iniciativa Vitalia, lanzada en noviembre de 2025, la cual promueve la articulaci\u00f3n de servicios especializados de atenci\u00f3n integral.<\/p>\n<p>En el encuentro tambi\u00e9n participaron la ministra de la Mujer, Gloria Reyes; la ministra de Interior y Polic\u00eda, Faride Raful; la secretaria de Estado para Iberoam\u00e9rica y el Caribe, Susana Sumelzo Jord\u00e1n, y la embajadora de Espa\u00f1a en el pa\u00eds, Lorea Arribalzaga.<\/p>\n<p>La visita de Albares forma parte de una gira oficial que incluye a Puerto Rico, Rep\u00fablica Dominicana y M\u00e9xico, en el marco de los preparativos de la pr\u00f3xima Cumbre Iberoamericana, prevista para noviembre de 2026 en Madrid.<\/p>\n<p>&nbsp;<\/p>\n<p>La entrada <a href=\"https:\/\/elnuevodiario.com.do\/ministro-espanol-reafirma-interes-de-apoyar-programas-de-proteccion-de-victimas-en-rd\/\">Ministro espa\u00f1ol reafirma inter\u00e9s de apoyar programas de protecci\u00f3n de v\u00edctimas en RD<\/a> se public\u00f3 primero en <a href=\"https:\/\/elnuevodiario.com.do\">El Nuevo Diario (Rep\u00fablica Dominicana)<\/a>.<\/p>\n","protected":false},"excerpt":{"rendered":"<p>&nbsp; EL NUEVO DIARIO, SANTO DOMINGO.- El ministro de Asuntos Exteriores, Uni\u00f3n Europea y Cooperaci\u00f3n del Reino de Espa\u00f1a, Jos\u00e9 Manuel Albares, reafirm\u00f3 este martes el inter\u00e9s de su pa\u00eds en fortalecer la cooperaci\u00f3n con el Ministerio P\u00fablico dominicano, especialmente en programas dirigidos a la protecci\u00f3n de v\u00edctimas. El pronunciamiento fue realizado durante una visita<\/p>\n","protected":false},"author":1,"featured_media":37780,"comment_status":"open","ping_status":"open","sticky":false,"template":"","format":"standard","meta":{"footnotes":""},"categories":[1],"tags":[],"class_list":["post-37779","post","type-post","status-publish","format-standard","has-post-thumbnail","hentry","category-nacionales"],"_links":{"self":[{"href":"https:\/\/acronoticias.com\/index.php\/wp-json\/wp\/v2\/posts\/37779","targetHints":{"allow":["GET"]}}],"collection":[{"href":"https:\/\/acronoticias.com\/index.php\/wp-json\/wp\/v2\/posts"}],"about":[{"href":"https:\/\/acronoticias.com\/index.php\/wp-json\/wp\/v2\/types\/post"}],"author":[{"embeddable":true,"href":"https:\/\/acronoticias.com\/index.php\/wp-json\/wp\/v2\/users\/1"}],"replies":[{"embeddable":true,"href":"https:\/\/acronoticias.com\/index.php\/wp-json\/wp\/v2\/comments?post=37779"}],"version-history":[{"count":0,"href":"https:\/\/acronoticias.com\/index.php\/wp-json\/wp\/v2\/posts\/37779\/revisions"}],"wp:featuredmedia":[{"embeddable":true,"href":"https:\/\/acronoticias.com\/index.php\/wp-json\/wp\/v2\/media\/37780"}],"wp:attachment":[{"href":"https:\/\/acronoticias.com\/index.php\/wp-json\/wp\/v2\/media?parent=37779"}],"wp:term":[{"taxonomy":"category","embeddable":true,"href":"https:\/\/acronoticias.com\/index.php\/wp-json\/wp\/v2\/categories?post=37779"},{"taxonomy":"post_tag","embeddable":true,"href":"https:\/\/acronoticias.com\/index.php\/wp-json\/wp\/v2\/tags?post=37779"}],"curies":[{"name":"wp","href":"https:\/\/api.w.org\/{rel}","templated":true}]}}