{"id":37777,"date":"2026-04-29T02:41:51","date_gmt":"2026-04-29T02:41:51","guid":{"rendered":"https:\/\/acronoticias.com\/index.php\/2026\/04\/29\/fallece-moncho-monsalve-figura-historica-del-baloncesto-ingresado-al-salon-de-la-fama-y-entrenador-en-rd\/"},"modified":"2026-04-29T02:41:51","modified_gmt":"2026-04-29T02:41:51","slug":"fallece-moncho-monsalve-figura-historica-del-baloncesto-ingresado-al-salon-de-la-fama-y-entrenador-en-rd","status":"publish","type":"post","link":"https:\/\/acronoticias.com\/index.php\/2026\/04\/29\/fallece-moncho-monsalve-figura-historica-del-baloncesto-ingresado-al-salon-de-la-fama-y-entrenador-en-rd\/","title":{"rendered":"Fallece Moncho Monsalve, figura hist\u00f3rica del baloncesto, ingresado al Sal\u00f3n de la Fama y entrenador en RD"},"content":{"rendered":"<div>\n<div class=\"c-detail__author full\">\n<div>\n<div class=\"c-detail__author__thumb\">\n<figure>\n                                <picture src=\"https:\/\/imagenes.hoy.com.do\/files\/image_square_xs\/uploads\/2025\/11\/18\/691c7d5bed035.jpeg\" data-size=\"w:40,h:40\">\n                                    <img decoding=\"async\" loading=\"lazy\" alt=\"EFE EFE\" width=\"40\" height=\"40\" src=\"https:\/\/imagenes.hoy.com.do\/files\/image_square_xs\/uploads\/2025\/11\/18\/691c7d5bed035.jpeg\"\/>\n                                <\/picture>\n                                <\/figure>\n<\/div>\n<\/div>\n<\/div>\n<p>                                                                                            <!-- --><\/p>\n<p class=\"paragraph\">Madrid, 28 abr (EFE).- Jos\u00e9 Manuel Monsalve, m\u00e1s conocido como <b>Moncho<\/b>, pas\u00f3 formalmente a la<b> historia del baloncesto espa\u00f1ol<\/b> el 28 de octubre de 2024, cuando ingres\u00f3 en el<b> Sal\u00f3n de la Fam<\/b>a, un reconocimiento merecido por su legendaria trayectoria, primero como jugador y despu\u00e9s como entrenador, adem\u00e1s de ser un gur\u00fa de la ense\u00f1anza y la t\u00e1ctica.<\/p>\n<p class=\"paragraph\">Con 81 a\u00f1os, Moncho Monsalve, natural de Medina del Campo (Valladolid), falleci\u00f3 este martes despu\u00e9s de encarnar una de las<b> trayectorias m\u00e1s prol\u00edficas del deporte<\/b> de la canasta que tambi\u00e9n incluy\u00f3 su salto a Latinoam\u00e9rica.<\/p>\n<p class=\"paragraph\">\u201cEs un regalo que me da la vida, que me da el baloncesto, mi vida. Me siento bien conmigo mismo s\u00f3lo pensando que he podido ayudar a entrenadores, sobre todo a entrenadores j\u00f3venes\u201d, proclam\u00f3 el d\u00eda en que se convirti\u00f3 en el quinto t\u00e9cnico en entrar en el olimpo del b\u00e1squet espa\u00f1ol.<\/p>\n<p class=\"paragraph\">Aquel d\u00eda, el t\u00e9cnico vallisoletano recogi\u00f3 el diploma de la cuarta promoci\u00f3n de leyendas en silla de ruedas y con aspecto deteriorado como consecuencia de las secuelas que le ocasion\u00f3 la insuficiencia cardiorrespiratoria que sufri\u00f3 el 21 de septiembre de 2012, con 67 a\u00f1os, cuando dirig\u00eda un partido del UCAM Murcia j\u00fanior en un torneo amistoso en la localidad madrile\u00f1a de Getafe.<\/p>\n<p class=\"paragraph\">Monsalve sobrevivi\u00f3, pero fue el punto final a una carrera de treinta a\u00f1os como entrenador en m\u00e1s de una veintena de equipos, como Barcelona, Caja de Ronda, Clesa Ferrol, Grupo IFA espa\u00f1ol, CAI Zaragoza, J\u00faver Murcia, Oximesa Granada, F\u00f3rum Valladolid y Cantabria Lobos, y tambi\u00e9n de selecciones, como Brasil, Rep\u00fablica Dominicana o Marruecos.<\/p>\n<p class=\"paragraph\">Como jugador, acumul\u00f3 un palmar\u00e9s envidiable, al conquistar con el Real Madrid tres Copas de Europa -las primeras del club blanco-, tres Ligas y tres Copas de Espa\u00f1a en las cuatro temporadas en las que milit\u00f3 (1963 a 1967) junto a figuras como Wayne Brabender o Clifford Luyk.<\/p>\n<div class=\"c-detail__box \">\n<article class=\"c-detail__sumario \">\n<figure class=\"c-detail__sumario__thumb\" style=\"display: block;\">\n            <a href=\"#\" title=\"\">\n                <picture data-size=\"w:140,h:140\" loading=\"lazy\" src=\"https:\/\/imagenes.hoy.com.do\/files\/related_image\/uploads\/2026\/04\/27\/69efc4c9c5761.webp\" data-full-src=\"https:\/\/imagenes.hoy.com.do\/uploads\/2026\/04\/27\/69efc4c9c5761.webp\">\n                    <img loading=\"lazy\" decoding=\"async\" width=\"140\" height=\"140\" alt=\"Jassel P\u00e9rez\" src=\"https:\/\/imagenes.hoy.com.do\/uploads\/2026\/04\/27\/69efc4c9c5761.webp\"\/>\n                <\/picture>\n            <\/a><br \/>\n        <\/figure>\n<\/article>\n<\/div>\n<p class=\"paragraph\">Considerado uno de los primeros hombres altos del baloncesto espa\u00f1ol, Monsalve apuntaba a atleta, pero en 1963, el que fuese seleccionador Antonio D\u00edaz Miguel y el tambi\u00e9n t\u00e9cnico Javier A\u00f1\u00faa le convencieron de que cambiara de deporte tras verlo correr unos sanfermines al destacar por su estatura.<\/p>\n<p class=\"paragraph\">Con sus gafas caracter\u00edsticas, jug\u00f3 en el Atl\u00e9tico San Sebasti\u00e1n y en el Real Madrid, milit\u00f3 en el Kas Vitoria, luego Kas Bilbao, donde fue subcampe\u00f3n de Copa y anot\u00f3 58 puntos en un partido.<\/p>\n<p class=\"paragraph\">Tambi\u00e9n fue internacional con la selecci\u00f3n espa\u00f1ola en 61 ocasiones, con la que particip\u00f3 en el Mundial de Chile (1966) y tres Europeos (1963, 1965 y 1967).<\/p>\n<p class=\"paragraph\">En 1971, una lesi\u00f3n de rodilla le oblig\u00f3 a retirarse y, de inmediato, pas\u00f3 a los banquillos. \u201cSiempre quise ser entrenador\u201d, confes\u00f3 el vallisoletano, quien no se consider\u00f3 un t\u00e9cnico de post\u00edn, \u201ccon alguna peque\u00f1a excepci\u00f3n\u201d, pero que, seg\u00fan \u00e9l, dej\u00f3 como legado \u201cla metodolog\u00eda de la ense\u00f1anza y la t\u00e9cnica de entrenamiento&#8221;.<\/p>\n<p class=\"paragraph\">Fue el cuarto espa\u00f1ol que entren\u00f3 en el extranjero, primero en Suiza y, posteriormente, en pa\u00edses como Italia, Francia, Marruecos o Rep\u00fablica Dominicana.<\/p>\n<p class=\"paragraph\">Su \u00faltimo gran hito fue dirigir a la selecci\u00f3n de Brasil, entre 2008 y 2010, con la que gan\u00f3 el oro en el campeonato americano de 2009 con un equipo liderado por Leandro Barbosa y Tiago Splitter.<\/p>\n<p class=\"paragraph\">Tras su dolencia card\u00edaca, se alej\u00f3 de la primera l\u00ednea del baloncesto. En 2016, recibi\u00f3 un homenaje en Murcia, regi\u00f3n en la que vivi\u00f3 sus \u00faltimos a\u00f1os junto a su esposa, Yolanda.<\/p>\n<p class=\"paragraph\">\u201cLe promet\u00ed a mi mujer que no volver\u00e1 a pisarlas y mantengo mi palabra. Seguir\u00e9 viendo baloncesto, pero ahora mi lugar estar\u00e1 en casa, a trav\u00e9s de la televisi\u00f3n o en las gradas. Pero seguir\u00e9 amando este deporte, como lo he hecho toda mi vida\u201d, dijo Monsalve en aquel acto. EFE<\/p>\n<\/p><\/div>\n","protected":false},"excerpt":{"rendered":"<p>Madrid, 28 abr (EFE).- Jos\u00e9 Manuel Monsalve, m\u00e1s conocido como Moncho, pas\u00f3 formalmente a la historia del baloncesto espa\u00f1ol el 28 de octubre de 2024, cuando ingres\u00f3 en el Sal\u00f3n de la Fama, un reconocimiento merecido por su legendaria trayectoria, primero como jugador y despu\u00e9s como entrenador, adem\u00e1s de ser un gur\u00fa de la ense\u00f1anza<\/p>\n","protected":false},"author":1,"featured_media":37778,"comment_status":"open","ping_status":"open","sticky":false,"template":"","format":"standard","meta":{"footnotes":""},"categories":[3],"tags":[],"class_list":["post-37777","post","type-post","status-publish","format-standard","has-post-thumbnail","hentry","category-internacionales"],"_links":{"self":[{"href":"https:\/\/acronoticias.com\/index.php\/wp-json\/wp\/v2\/posts\/37777","targetHints":{"allow":["GET"]}}],"collection":[{"href":"https:\/\/acronoticias.com\/index.php\/wp-json\/wp\/v2\/posts"}],"about":[{"href":"https:\/\/acronoticias.com\/index.php\/wp-json\/wp\/v2\/types\/post"}],"author":[{"embeddable":true,"href":"https:\/\/acronoticias.com\/index.php\/wp-json\/wp\/v2\/users\/1"}],"replies":[{"embeddable":true,"href":"https:\/\/acronoticias.com\/index.php\/wp-json\/wp\/v2\/comments?post=37777"}],"version-history":[{"count":0,"href":"https:\/\/acronoticias.com\/index.php\/wp-json\/wp\/v2\/posts\/37777\/revisions"}],"wp:featuredmedia":[{"embeddable":true,"href":"https:\/\/acronoticias.com\/index.php\/wp-json\/wp\/v2\/media\/37778"}],"wp:attachment":[{"href":"https:\/\/acronoticias.com\/index.php\/wp-json\/wp\/v2\/media?parent=37777"}],"wp:term":[{"taxonomy":"category","embeddable":true,"href":"https:\/\/acronoticias.com\/index.php\/wp-json\/wp\/v2\/categories?post=37777"},{"taxonomy":"post_tag","embeddable":true,"href":"https:\/\/acronoticias.com\/index.php\/wp-json\/wp\/v2\/tags?post=37777"}],"curies":[{"name":"wp","href":"https:\/\/api.w.org\/{rel}","templated":true}]}}