{"id":37775,"date":"2026-04-29T02:27:54","date_gmt":"2026-04-29T02:27:54","guid":{"rendered":"https:\/\/acronoticias.com\/index.php\/2026\/04\/29\/comunicador-valora-como-contundente-la-protesta-en-san-juan-contra-la-mineria\/"},"modified":"2026-04-29T02:27:54","modified_gmt":"2026-04-29T02:27:54","slug":"comunicador-valora-como-contundente-la-protesta-en-san-juan-contra-la-mineria","status":"publish","type":"post","link":"https:\/\/acronoticias.com\/index.php\/2026\/04\/29\/comunicador-valora-como-contundente-la-protesta-en-san-juan-contra-la-mineria\/","title":{"rendered":"Comunicador valora como contundente la protesta en San Juan contra la miner\u00eda"},"content":{"rendered":"<p><img decoding=\"async\" width=\"355\" height=\"200\" src=\"https:\/\/nuevodiario-assets.s3.us-east-2.amazonaws.com\/wp-content\/uploads\/2026\/04\/Captura-de-pantalla-2026-04-28-210759-355x200.jpg\" class=\"webfeedsFeaturedVisual not-transparent wp-post-image\" alt=\"\" style=\"--dominant-color: #ab4c55;margin-bottom: 5px;clear:both;max-width: 100%\" loading=\"lazy\" data-has-transparency=\"false\" data-dominant-color=\"ab4c55\" \/><\/p>\n<p>EL NUEVO DIARIO, SANTO DOMINGO. &#8211; El comunicador Domingo Ram\u00edrez expres\u00f3 este martes su respaldo a la jornada de protesta realizada en la provincia San Juan en rechazo a la explotaci\u00f3n minera en la zona, destacando la amplia participaci\u00f3n ciudadana y el impacto de la paralizaci\u00f3n de actividades comerciales.<\/p>\n<p>Ram\u00edrez manifest\u00f3 sentirse \u201cprofundamente orgulloso\u201d de la poblaci\u00f3n sanjuanera, al se\u00f1alar que, seg\u00fan sus estimaciones, m\u00e1s del 98 % de los establecimientos comerciales cerraron sus puertas durante la huelga del pasado lunes en apoyo a la convocatoria.<\/p>\n<p>\u201cEl pueblo de San Juan dio un no brutal a la explotaci\u00f3n minera, y el presidente Luis Abinader debe saberlo, porque es un hombre que escucha a su pueblo\u201d, expres\u00f3 el tambi\u00e9n abogado.<\/p>\n<p>El analista emiti\u00f3 sus opiniones al participar junto a Rey Ra\u00fal Sully y Feliz Javier en el programa \u201cEl Nuevo Diario en la Noche\u201d, transmitido por la plataforma digital \u201cEl Nuevo Diario TV\u201d.<\/p>\n<p>(Ver programa).<\/p>\n<div class=\"jetpack-video-wrapper\"><\/div>\n<p>Asimismo, consider\u00f3 que el mandatario debe atender las demandas de los residentes de la provincia, quienes han reiterado su oposici\u00f3n a la explotaci\u00f3n de yacimientos de oro en esa regi\u00f3n del sur del pa\u00eds.<\/p>\n<p>Las manifestaciones en San Juan se enmarcan en un debate nacional sobre el desarrollo de proyectos mineros y su impacto ambiental, social y econ\u00f3mico en las comunidades locales.<\/p>\n<p>Domingo Ram\u00edrez se\u00f1al\u00f3 que, hasta el momento, las autoridades gubernamentales no han emitido su posici\u00f3n oficial respecto a las recientes protestas en la provincia.<\/p>\n<p>&nbsp;<\/p>\n<p>La entrada <a href=\"https:\/\/elnuevodiario.com.do\/comunicador-valora-como-contundente-la-protesta-en-san-juan-contra-la-mineria\/\">Comunicador valora como contundente la protesta en San Juan contra la miner\u00eda<\/a> se public\u00f3 primero en <a href=\"https:\/\/elnuevodiario.com.do\">El Nuevo Diario (Rep\u00fablica Dominicana)<\/a>.<\/p>\n","protected":false},"excerpt":{"rendered":"<p>EL NUEVO DIARIO, SANTO DOMINGO. &#8211; El comunicador Domingo Ram\u00edrez expres\u00f3 este martes su respaldo a la jornada de protesta realizada en la provincia San Juan en rechazo a la explotaci\u00f3n minera en la zona, destacando la amplia participaci\u00f3n ciudadana y el impacto de la paralizaci\u00f3n de actividades comerciales. Ram\u00edrez manifest\u00f3 sentirse \u201cprofundamente orgulloso\u201d de<\/p>\n","protected":false},"author":1,"featured_media":37776,"comment_status":"open","ping_status":"open","sticky":false,"template":"","format":"standard","meta":{"footnotes":""},"categories":[1],"tags":[],"class_list":["post-37775","post","type-post","status-publish","format-standard","has-post-thumbnail","hentry","category-nacionales"],"_links":{"self":[{"href":"https:\/\/acronoticias.com\/index.php\/wp-json\/wp\/v2\/posts\/37775","targetHints":{"allow":["GET"]}}],"collection":[{"href":"https:\/\/acronoticias.com\/index.php\/wp-json\/wp\/v2\/posts"}],"about":[{"href":"https:\/\/acronoticias.com\/index.php\/wp-json\/wp\/v2\/types\/post"}],"author":[{"embeddable":true,"href":"https:\/\/acronoticias.com\/index.php\/wp-json\/wp\/v2\/users\/1"}],"replies":[{"embeddable":true,"href":"https:\/\/acronoticias.com\/index.php\/wp-json\/wp\/v2\/comments?post=37775"}],"version-history":[{"count":0,"href":"https:\/\/acronoticias.com\/index.php\/wp-json\/wp\/v2\/posts\/37775\/revisions"}],"wp:featuredmedia":[{"embeddable":true,"href":"https:\/\/acronoticias.com\/index.php\/wp-json\/wp\/v2\/media\/37776"}],"wp:attachment":[{"href":"https:\/\/acronoticias.com\/index.php\/wp-json\/wp\/v2\/media?parent=37775"}],"wp:term":[{"taxonomy":"category","embeddable":true,"href":"https:\/\/acronoticias.com\/index.php\/wp-json\/wp\/v2\/categories?post=37775"},{"taxonomy":"post_tag","embeddable":true,"href":"https:\/\/acronoticias.com\/index.php\/wp-json\/wp\/v2\/tags?post=37775"}],"curies":[{"name":"wp","href":"https:\/\/api.w.org\/{rel}","templated":true}]}}