{"id":37773,"date":"2026-04-29T02:11:33","date_gmt":"2026-04-29T02:11:33","guid":{"rendered":"https:\/\/acronoticias.com\/index.php\/2026\/04\/29\/alcalde-de-la-descubierta-activa-comite-de-emergencia-y-pide-apoyo-al-gobierno-por-danos-de-lluvias\/"},"modified":"2026-04-29T02:11:33","modified_gmt":"2026-04-29T02:11:33","slug":"alcalde-de-la-descubierta-activa-comite-de-emergencia-y-pide-apoyo-al-gobierno-por-danos-de-lluvias","status":"publish","type":"post","link":"https:\/\/acronoticias.com\/index.php\/2026\/04\/29\/alcalde-de-la-descubierta-activa-comite-de-emergencia-y-pide-apoyo-al-gobierno-por-danos-de-lluvias\/","title":{"rendered":"Alcalde de La Descubierta activa comit\u00e9 de emergencia y pide apoyo al Gobierno por da\u00f1os de lluvias"},"content":{"rendered":"<p><img decoding=\"async\" width=\"355\" height=\"200\" src=\"https:\/\/nuevodiario-assets.s3.us-east-2.amazonaws.com\/wp-content\/uploads\/2026\/04\/Alcalde-de-la-Descubierta-activa-CM-PMR-4-355x200.jpeg\" class=\"webfeedsFeaturedVisual not-transparent wp-post-image\" alt=\"\" style=\"--dominant-color: #918375;margin-bottom: 5px;clear:both;max-width: 100%\" loading=\"lazy\" data-has-transparency=\"false\" data-dominant-color=\"918375\" \/><\/p>\n<p>&nbsp;<\/p>\n<p>EL NUEVO DIARIO,\u00a0LA DESCUBIERTA, INDEPENDENCIA.\u2013 El alcalde de La Descubierta, provincia Independencia, Gregory Ram\u00edrez, activ\u00f3 este martes con el Comit\u00e9 Municipal de Prevenci\u00f3n, Mitigaci\u00f3n y Respuesta (CM-PMR) ante los da\u00f1os ocasionados por las fuertes lluvias que afectaron varias comunidades la noche del lunes.<\/p>\n<p>El ejecutivo municipal solicit\u00f3 el apoyo del Gobierno central y de las instituciones correspondientes para restablecer la normalidad en las zonas que han quedado incomunicadas debido a derrumbes y obstrucci\u00f3n de v\u00edas.<\/p>\n<p>De acuerdo con un comunicado del comit\u00e9, las precipitaciones provocaron da\u00f1os en viviendas, p\u00e9rdidas materiales y el desplazamiento preventivo de varias familias para salvaguardar sus vidas. Asimismo, m\u00faltiples caminos y carreteras resultaron bloqueados.<\/p>\n<p><img decoding=\"async\" data-recalc-dims=\"1\" data-dominant-color=\"6a6759\" data-has-transparency=\"false\" style=\"--dominant-color: #6a6759\" loading=\"lazy\" class=\"alignnone size-full wp-image-3101054 not-transparent\" src=\"https:\/\/i0.wp.com\/nuevodiario-assets.s3.us-east-2.amazonaws.com\/wp-content\/uploads\/2026\/04\/Alcalde-de-la-Descubierta-activa-CM-PMR-1.jpeg?resize=640%2C295&#038;quality=100&#038;ssl=1\" alt=\"\" width=\"640\" height=\"295\" \/><\/p>\n<p>Entre las comunidades m\u00e1s afectadas figuran \u00c1ngel Feliz y Sabana Real, cuyos accesos permanecen incomunicados por los deslizamientos de tierra, seg\u00fan reportes de residentes.<\/p>\n<p>\u201cPara corregir el problema hay que pensar en al menos una semana de trabajo, y no con pala mec\u00e1nica, sino con buld\u00f3cer, por la magnitud de los da\u00f1os\u201d, expres\u00f3 el comunitario Nelson Montero, de la comunidad de \u00c1ngel Feliz.<\/p>\n<p>Otras localidades impactadas por las lluvias son Granadero, Los Pinos del Ed\u00e9n, Granada, El Bejuco y Bartolom\u00e9.<\/p>\n<p>Ram\u00edrez inform\u00f3 que las lluvias tambi\u00e9n provocaron inundaciones urbanas en distintos sectores del municipio. Ante esta situaci\u00f3n, indic\u00f3 que los organismos de respuesta han activado los protocolos correspondientes, ejecutando labores de limpieza de drenajes, rehabilitaci\u00f3n de caminos y carreteras, as\u00ed como el dragado de puntos cr\u00edticos en el arroyo Hi \u00a0erba Buena.<\/p>\n<p>Asimismo, se\u00f1al\u00f3 que se est\u00e1 canalizando asistencia a las familias afectadas.<\/p>\n<p>El Comit\u00e9 Municipal de Prevenci\u00f3n, Mitigaci\u00f3n y Respuesta llam\u00f3 a la ciudadan\u00eda a mantener la calma, seguir las orientaciones de los organismos de socorro, evitar arrojar desechos en calles, ca\u00f1adas y drenajes, y no cruzar zonas inundadas que representen peligro.<\/p>\n<p><img decoding=\"async\" data-recalc-dims=\"1\" data-dominant-color=\"67715b\" data-has-transparency=\"false\" style=\"--dominant-color: #67715b\" loading=\"lazy\" class=\"alignnone size-full wp-image-3101053 not-transparent\" src=\"https:\/\/i0.wp.com\/nuevodiario-assets.s3.us-east-2.amazonaws.com\/wp-content\/uploads\/2026\/04\/Alcalde-de-la-Descubierta-activa-CM-PMR-3.jpeg?resize=640%2C360&#038;quality=100&#038;ssl=1\" alt=\"\" width=\"640\" height=\"360\" \/><\/p>\n<p>De igual forma, inst\u00f3 a reportar cualquier situaci\u00f3n de emergencia a las autoridades competentes, mientras contin\u00faan los levantamientos para evaluar los da\u00f1os y gestionar ayudas.<\/p>\n<p><img decoding=\"async\" data-recalc-dims=\"1\" data-dominant-color=\"7e7a75\" data-has-transparency=\"false\" style=\"--dominant-color: #7e7a75\" loading=\"lazy\" class=\"alignnone size-full wp-image-3101052 not-transparent\" src=\"https:\/\/i0.wp.com\/nuevodiario-assets.s3.us-east-2.amazonaws.com\/wp-content\/uploads\/2026\/04\/Alcalde-de-la-Descubierta-activa-CM-PMR-2.jpeg?resize=640%2C295&#038;quality=100&#038;ssl=1\" alt=\"\" width=\"640\" height=\"295\" \/><\/p>\n<p>\u201cReiteramos nuestro compromiso con la protecci\u00f3n de vidas y bienes, y exhortamos a la poblaci\u00f3n a mantenerse atenta a los boletines oficiales\u201d, expres\u00f3 Ram\u00edrez.<\/p>\n<p>El comit\u00e9 est\u00e1 integrado por el Ayuntamiento, la Defensa Civil, el Cuerpo de Bomberos, la Cruz Roja, la Polic\u00eda Nacional, el Ej\u00e9rcito, Obras P\u00fablicas, el INDRHI, entre otras instituciones.<\/p>\n<p>&nbsp;<\/p>\n<p>La entrada <a href=\"https:\/\/elnuevodiario.com.do\/alcalde-de-la-descubierta-activa-comite-de-emergencia-y-pide-apoyo-al-gobierno-por-danos-de-lluvias\/\">Alcalde de La Descubierta activa comit\u00e9 de emergencia y pide apoyo al Gobierno por da\u00f1os de lluvias<\/a> se public\u00f3 primero en <a href=\"https:\/\/elnuevodiario.com.do\">El Nuevo Diario (Rep\u00fablica Dominicana)<\/a>.<\/p>\n","protected":false},"excerpt":{"rendered":"<p>&nbsp; EL NUEVO DIARIO,\u00a0LA DESCUBIERTA, INDEPENDENCIA.\u2013 El alcalde de La Descubierta, provincia Independencia, Gregory Ram\u00edrez, activ\u00f3 este martes con el Comit\u00e9 Municipal de Prevenci\u00f3n, Mitigaci\u00f3n y Respuesta (CM-PMR) ante los da\u00f1os ocasionados por las fuertes lluvias que afectaron varias comunidades la noche del lunes. El ejecutivo municipal solicit\u00f3 el apoyo del Gobierno central y de<\/p>\n","protected":false},"author":1,"featured_media":37774,"comment_status":"open","ping_status":"open","sticky":false,"template":"","format":"standard","meta":{"footnotes":""},"categories":[1],"tags":[],"class_list":["post-37773","post","type-post","status-publish","format-standard","has-post-thumbnail","hentry","category-nacionales"],"_links":{"self":[{"href":"https:\/\/acronoticias.com\/index.php\/wp-json\/wp\/v2\/posts\/37773","targetHints":{"allow":["GET"]}}],"collection":[{"href":"https:\/\/acronoticias.com\/index.php\/wp-json\/wp\/v2\/posts"}],"about":[{"href":"https:\/\/acronoticias.com\/index.php\/wp-json\/wp\/v2\/types\/post"}],"author":[{"embeddable":true,"href":"https:\/\/acronoticias.com\/index.php\/wp-json\/wp\/v2\/users\/1"}],"replies":[{"embeddable":true,"href":"https:\/\/acronoticias.com\/index.php\/wp-json\/wp\/v2\/comments?post=37773"}],"version-history":[{"count":0,"href":"https:\/\/acronoticias.com\/index.php\/wp-json\/wp\/v2\/posts\/37773\/revisions"}],"wp:featuredmedia":[{"embeddable":true,"href":"https:\/\/acronoticias.com\/index.php\/wp-json\/wp\/v2\/media\/37774"}],"wp:attachment":[{"href":"https:\/\/acronoticias.com\/index.php\/wp-json\/wp\/v2\/media?parent=37773"}],"wp:term":[{"taxonomy":"category","embeddable":true,"href":"https:\/\/acronoticias.com\/index.php\/wp-json\/wp\/v2\/categories?post=37773"},{"taxonomy":"post_tag","embeddable":true,"href":"https:\/\/acronoticias.com\/index.php\/wp-json\/wp\/v2\/tags?post=37773"}],"curies":[{"name":"wp","href":"https:\/\/api.w.org\/{rel}","templated":true}]}}