{"id":37771,"date":"2026-04-29T02:00:36","date_gmt":"2026-04-29T02:00:36","guid":{"rendered":"https:\/\/acronoticias.com\/index.php\/2026\/04\/29\/david-ballesta-conquista-titulo-elite-olimpico-masculino-en-triatlon-costa-del-faro\/"},"modified":"2026-04-29T02:00:36","modified_gmt":"2026-04-29T02:00:36","slug":"david-ballesta-conquista-titulo-elite-olimpico-masculino-en-triatlon-costa-del-faro","status":"publish","type":"post","link":"https:\/\/acronoticias.com\/index.php\/2026\/04\/29\/david-ballesta-conquista-titulo-elite-olimpico-masculino-en-triatlon-costa-del-faro\/","title":{"rendered":"David Ballesta conquista t\u00edtulo \u00c9lite Ol\u00edmpico Masculino en triatl\u00f3n Costa del Faro"},"content":{"rendered":"<div data-td-block-uid=\"tdi_100\">\n<div class=\"tdb-block-inner td-fix-index\">\n<p><strong>SANTO DOMINGO<\/strong>\u00a0\u2013 El atleta David Ballesta Garc\u00eda conquist\u00f3 el t\u00edtulo de la categor\u00eda \u00c9lite Ol\u00edmpico Masculino en el campeonato de triatl\u00f3n Costa del Faro, celebrado este domingo en la playa de Sans Souc\u00ed. Ballesta registr\u00f3 un tiempo de 2:02:12 para asegurar el primer lugar de la justa organizada por la Federaci\u00f3n Dominicana de Triatl\u00f3n (Fedotri).<\/p>\n<p>El podio masculino lo completaron V\u00edctor Feliz, con un cron\u00f3metro de 2:06:53, y Rodrigo P\u00e1ez, quien ocup\u00f3 la tercera posici\u00f3n con 2:19:48. En la rama femenina, L\u00eda Campusano se alz\u00f3 con la victoria al detener el reloj en 2:31:29, seguida por Lizbeth Galindo (2:41:07) y Tatiana Jim\u00e9nez (2:42:49).<\/p>\n<p>Franklin De la Cruz, presidente de Fedotri, destac\u00f3 que el certamen forma parte del programa de preparaci\u00f3n t\u00e9cnica de cara a los XXV Juegos Centroamericanos y del Caribe Santo Domingo 2026. En el evento tambi\u00e9n resultaron ganadores Dennis Lockward Estrella en la categor\u00eda m\u00e1ster sprint y Marcos Gonz\u00e1lez en sprint individual masculino.<\/p>\n<p>La premiaci\u00f3n cont\u00f3 con la presencia de Luis Chanlatte, secretario general del Comit\u00e9 Ol\u00edmpico Dominicano (COD), y representantes de la Armada de Rep\u00fablica Dominicana, instituci\u00f3n que facilit\u00f3 las instalaciones del Club de Oficiales en Villa Duarte para el desarrollo de la competencia.<\/p>\n<\/div>\n<\/div>\n","protected":false},"excerpt":{"rendered":"<p>SANTO DOMINGO\u00a0\u2013 El atleta David Ballesta Garc\u00eda conquist\u00f3 el t\u00edtulo de la categor\u00eda \u00c9lite Ol\u00edmpico Masculino en el campeonato de triatl\u00f3n Costa del Faro, celebrado este domingo en la playa de Sans Souc\u00ed. Ballesta registr\u00f3 un tiempo de 2:02:12 para asegurar el primer lugar de la justa organizada por la Federaci\u00f3n Dominicana de Triatl\u00f3n (Fedotri).<\/p>\n","protected":false},"author":1,"featured_media":37772,"comment_status":"open","ping_status":"open","sticky":false,"template":"","format":"standard","meta":{"footnotes":""},"categories":[2],"tags":[],"class_list":["post-37771","post","type-post","status-publish","format-standard","has-post-thumbnail","hentry","category-deporte"],"_links":{"self":[{"href":"https:\/\/acronoticias.com\/index.php\/wp-json\/wp\/v2\/posts\/37771","targetHints":{"allow":["GET"]}}],"collection":[{"href":"https:\/\/acronoticias.com\/index.php\/wp-json\/wp\/v2\/posts"}],"about":[{"href":"https:\/\/acronoticias.com\/index.php\/wp-json\/wp\/v2\/types\/post"}],"author":[{"embeddable":true,"href":"https:\/\/acronoticias.com\/index.php\/wp-json\/wp\/v2\/users\/1"}],"replies":[{"embeddable":true,"href":"https:\/\/acronoticias.com\/index.php\/wp-json\/wp\/v2\/comments?post=37771"}],"version-history":[{"count":0,"href":"https:\/\/acronoticias.com\/index.php\/wp-json\/wp\/v2\/posts\/37771\/revisions"}],"wp:featuredmedia":[{"embeddable":true,"href":"https:\/\/acronoticias.com\/index.php\/wp-json\/wp\/v2\/media\/37772"}],"wp:attachment":[{"href":"https:\/\/acronoticias.com\/index.php\/wp-json\/wp\/v2\/media?parent=37771"}],"wp:term":[{"taxonomy":"category","embeddable":true,"href":"https:\/\/acronoticias.com\/index.php\/wp-json\/wp\/v2\/categories?post=37771"},{"taxonomy":"post_tag","embeddable":true,"href":"https:\/\/acronoticias.com\/index.php\/wp-json\/wp\/v2\/tags?post=37771"}],"curies":[{"name":"wp","href":"https:\/\/api.w.org\/{rel}","templated":true}]}}