{"id":37767,"date":"2026-04-29T01:40:40","date_gmt":"2026-04-29T01:40:40","guid":{"rendered":"https:\/\/acronoticias.com\/index.php\/2026\/04\/29\/fiscalia-reune-170-pruebas-contra-evo-morales-en-acusacion-por-trata-agravada-de-personas\/"},"modified":"2026-04-29T01:40:40","modified_gmt":"2026-04-29T01:40:40","slug":"fiscalia-reune-170-pruebas-contra-evo-morales-en-acusacion-por-trata-agravada-de-personas","status":"publish","type":"post","link":"https:\/\/acronoticias.com\/index.php\/2026\/04\/29\/fiscalia-reune-170-pruebas-contra-evo-morales-en-acusacion-por-trata-agravada-de-personas\/","title":{"rendered":"Fiscal\u00eda re\u00fane 170 pruebas contra Evo Morales en acusaci\u00f3n por trata agravada de personas"},"content":{"rendered":"<div>\n<div class=\"c-detail__author full\">\n<div>\n<div class=\"c-detail__author__thumb\">\n<figure>\n                                <picture src=\"https:\/\/imagenes.hoy.com.do\/files\/image_square_xs\/uploads\/2025\/11\/18\/691c7d5bed035.jpeg\" data-size=\"w:40,h:40\">\n                                    <img decoding=\"async\" loading=\"lazy\" alt=\"EFE EFE\" width=\"40\" height=\"40\" src=\"https:\/\/imagenes.hoy.com.do\/files\/image_square_xs\/uploads\/2025\/11\/18\/691c7d5bed035.jpeg\"\/>\n                                <\/picture>\n                                <\/figure>\n<\/div>\n<\/div>\n<\/div>\n<p>                                                                                            <!-- --><\/p>\n<p class=\"paragraph\">Los fiscales que investigaron al expresidente de Bolivia <b>Evo Morales<\/b> (2006-2019) por el delito de trata agravada de personas, debido a su presunta relaci\u00f3n con una menor de edad cuando era gobernante, han reunido m\u00e1s de 170 pruebas de cargo en su contra para un juicio oral, inform\u00f3 una fuente oficial.<\/p>\n<p class=\"paragraph\">El fiscal Departamental de Tarija, Jos\u00e9 Mogro, destac\u00f3 ante medios de esa regi\u00f3n sure\u00f1a, donde cursa la denuncia, que hay &#8220;m\u00e1s de 170 pruebas que se tienen presentadas dentro del pliego acusatorio en contra de Juan Evo Morales Ayma&#8221;.<\/p>\n<p class=\"paragraph\">As\u00ed mismo, Mogro inform\u00f3 que el Tribunal Primero de Sentencia de Tarija public\u00f3 hace unos d\u00edas un edicto con una citaci\u00f3n a <b>Morales<\/b>, despu\u00e9s de que su abogado se apersonara para conocer los cargos contra su cliente.<\/p>\n<p class=\"paragraph\">Morales notific\u00f3 a ese juzgado que su residencia estaba situada en el Tr\u00f3pico de Cochabamba, en la regi\u00f3n central de Cochabamba, pero los fiscales, seg\u00fan Mogro, no pudieron ubicarlo.<\/p>\n<p class=\"paragraph\">En esa zona, los cocaleros seguidores del exmandatario hacen guardia desde octubre de 2024 y han construido barricadas para evitar que sea detenido por la denuncia de trata agravada de personas, tras ser acusado de que presuntamente, mientras ejerc\u00eda como presidente en 2016, mantuvo relaciones con una menor de edad con la que tuvo una hija.<\/p>\n<p class=\"paragraph\">&#8220;Esta semana se vencen los diez d\u00edas que tiene para presentar sus pruebas de descargo y, conforme a eso, el tribunal ya tendr\u00e1 que se\u00f1alar fecha y hora para el juicio oral&#8221;. dijo Mogro.<\/p>\n<p class=\"paragraph\">El fiscal tambi\u00e9n inform\u00f3 que la Comisi\u00f3n de Justicia Plural de la C\u00e1mara de Diputados ha verificado hace unos d\u00edas el avance del trabajo del Ministerio P\u00fablico que, en su criterio, &#8220;ha actuado con transparencia y celeridad dentro de este proceso&#8221;, al cumplir con los procedimientos y los plazos establecidos por la norma.<\/p>\n<p class=\"paragraph\">Durante el proceso, la joven, que ya es mayor de edad, ha hablado con algunos medos locales para indicar que est\u00e1 radicada en Argentina con la ni\u00f1a.<\/p>\n<p class=\"paragraph\"><b>La acusaci\u00f3n formal contra el expresidente fue presentada en octubre pasado y est\u00e1 pendiente de que la Justicia fije la fecha para el inicio del juicio por este caso.<\/b><\/p>\n<p class=\"paragraph\">El exmandatario denunci\u00f3 en varias oportunidades que el proceso en su contra buscaba impedir su candidatura en los comicios de noviembre de 2025, a los que pretend\u00eda presentarse por primera vez despu\u00e9s de renunciar al partido oficialista Movimiento al Socialismo (MAS), del que fue fundador y l\u00edder por casi treinta a\u00f1os.<\/p>\n<p class=\"paragraph\">En la recientes elecciones regionales, del pasado 22 de marzo, los seguidores de Morales usaron diferentes siglas para buscar cargos en gobernaciones y municipios, y solo en Cochabamba lograron la Gobernaci\u00f3n, \u00fanica plaza importante conseguida por el exsenador Leonardo Loza, leal al exgobernante.<\/p>\n<div class=\"c-detail__box \">\n<article class=\"c-detail__sumario \">\n<figure class=\"c-detail__sumario__thumb\" style=\"display: block;\">\n            <a href=\"#\" title=\"\">\n                <picture data-size=\"w:140,h:140\" loading=\"lazy\" src=\"https:\/\/imagenes.hoy.com.do\/files\/related_image\/uploads\/2026\/02\/02\/69812080f0e48.webp\" data-full-src=\"https:\/\/imagenes.hoy.com.do\/uploads\/2026\/02\/02\/69812080f0e48.webp\">\n                    <img loading=\"lazy\" decoding=\"async\" width=\"140\" height=\"140\" alt=\"Simpatizantes sostienen un cartel con la imagen del expresidente Evo Morales y un mensaje que dice \u201cSin Evo, no hay elecciones\u201d, durante una protesta para exigir su candidatura a las pr\u00f3ximas elecciones presidenciales.\" src=\"https:\/\/imagenes.hoy.com.do\/uploads\/2026\/02\/02\/69812080f0e48.webp\"\/>\n                <\/picture>\n            <\/a><br \/>\n        <\/figure>\n<\/article>\n<\/div><\/div>\n","protected":false},"excerpt":{"rendered":"<p>Los fiscales que investigaron al expresidente de Bolivia Evo Morales (2006-2019) por el delito de trata agravada de personas, debido a su presunta relaci\u00f3n con una menor de edad cuando era gobernante, han reunido m\u00e1s de 170 pruebas de cargo en su contra para un juicio oral, inform\u00f3 una fuente oficial. El fiscal Departamental de<\/p>\n","protected":false},"author":1,"featured_media":37768,"comment_status":"open","ping_status":"open","sticky":false,"template":"","format":"standard","meta":{"footnotes":""},"categories":[3],"tags":[],"class_list":["post-37767","post","type-post","status-publish","format-standard","has-post-thumbnail","hentry","category-internacionales"],"_links":{"self":[{"href":"https:\/\/acronoticias.com\/index.php\/wp-json\/wp\/v2\/posts\/37767","targetHints":{"allow":["GET"]}}],"collection":[{"href":"https:\/\/acronoticias.com\/index.php\/wp-json\/wp\/v2\/posts"}],"about":[{"href":"https:\/\/acronoticias.com\/index.php\/wp-json\/wp\/v2\/types\/post"}],"author":[{"embeddable":true,"href":"https:\/\/acronoticias.com\/index.php\/wp-json\/wp\/v2\/users\/1"}],"replies":[{"embeddable":true,"href":"https:\/\/acronoticias.com\/index.php\/wp-json\/wp\/v2\/comments?post=37767"}],"version-history":[{"count":0,"href":"https:\/\/acronoticias.com\/index.php\/wp-json\/wp\/v2\/posts\/37767\/revisions"}],"wp:featuredmedia":[{"embeddable":true,"href":"https:\/\/acronoticias.com\/index.php\/wp-json\/wp\/v2\/media\/37768"}],"wp:attachment":[{"href":"https:\/\/acronoticias.com\/index.php\/wp-json\/wp\/v2\/media?parent=37767"}],"wp:term":[{"taxonomy":"category","embeddable":true,"href":"https:\/\/acronoticias.com\/index.php\/wp-json\/wp\/v2\/categories?post=37767"},{"taxonomy":"post_tag","embeddable":true,"href":"https:\/\/acronoticias.com\/index.php\/wp-json\/wp\/v2\/tags?post=37767"}],"curies":[{"name":"wp","href":"https:\/\/api.w.org\/{rel}","templated":true}]}}