{"id":37765,"date":"2026-04-29T01:38:35","date_gmt":"2026-04-29T01:38:35","guid":{"rendered":"https:\/\/acronoticias.com\/index.php\/2026\/04\/29\/comerciantes-fronterizos-protestan-contra-los-puertos-secos-en-dajabon\/"},"modified":"2026-04-29T01:38:35","modified_gmt":"2026-04-29T01:38:35","slug":"comerciantes-fronterizos-protestan-contra-los-puertos-secos-en-dajabon","status":"publish","type":"post","link":"https:\/\/acronoticias.com\/index.php\/2026\/04\/29\/comerciantes-fronterizos-protestan-contra-los-puertos-secos-en-dajabon\/","title":{"rendered":"Comerciantes fronterizos protestan contra los puertos secos en Dajab\u00f3n"},"content":{"rendered":"<p><img loading=\"lazy\" decoding=\"async\" width=\"355\" height=\"200\" src=\"https:\/\/nuevodiario-assets.s3.us-east-2.amazonaws.com\/wp-content\/uploads\/2026\/04\/3b82ceb5-5b07-4995-b70b-6a16e701651e-355x200.jpg\" class=\"webfeedsFeaturedVisual not-transparent wp-post-image\" alt=\"\" style=\"--dominant-color: #8c7d75;margin-bottom: 5px;clear:both;max-width: 100%\" data-has-transparency=\"false\" data-dominant-color=\"8c7d75\" \/><\/p>\n<p>EL NUEVO DIARIO, DAJABON. &#8211; El presidente de la Asociaci\u00f3n de Comerciantes Fronterizos, Carlos Morillo Valdez, expres\u00f3 hoy su rechazo a la construcci\u00f3n de puertos secos a lo largo de la frontera con Hait\u00ed.<\/p>\n<p>Morillo, manifest\u00f3 su desacuerdo con el proyecto, al considerar que estas infraestructuras beneficiar\u00edan principalmente a empresarios haitianos, en detrimento de los comerciantes dominicanos.<\/p>\n<p>Seg\u00fan explic\u00f3, la medida podr\u00eda afectar directamente a m\u00e1s de 3,000 comerciantes, as\u00ed como a grandes empresas locales que dependen de la din\u00e1mica comercial en la zona.<\/p>\n<p>\u201cEstamos hablando de una iniciativa que impactar\u00e1 negativamente a miles de comerciantes dominicanos. Con estos puertos secos se pretende instalar centros log\u00edsticos para distribuir mercanc\u00edas provenientes de todo el mundo hacia el vecino pa\u00eds\u201d, se\u00f1al\u00f3.<\/p>\n<p>De su lado, el exsenador David Sosa cuestion\u00f3 la necesidad de implementar este tipo de proyectos, destacando que ya existe un Consejo Binacional Dominico-Haitiano que, seg\u00fan afirm\u00f3, ha funcionado de manera efectiva durante m\u00e1s de 30 a\u00f1os.<\/p>\n<p>\u201cResulta contradictorio que, teniendo mecanismos establecidos, ahora se impulse un modelo que podr\u00eda desplazar un comercio l\u00edcito que por a\u00f1os ha sostenido la econom\u00eda fronteriza\u201d, indic\u00f3.<\/p>\n<p>Asimismo, el empresario Pascual Valenzuela Marranzini asegur\u00f3 que el sector comercial se mantiene unido frente a lo que calific\u00f3 como una medida excluyente.<\/p>\n<p>\u201cEsta forma de excluirnos del comercio en la frontera nos preocupa profundamente. Estamos unidos en contra de una iniciativa que aparenta beneficiar a grandes comerciantes haitianos y dominicanos en perjuicio de los peque\u00f1os y medianos\u201d, expres\u00f3.<\/p>\n<p>La protesta, desarrollada de manera pac\u00edfica, cont\u00f3 con la participaci\u00f3n de diversas figuras pol\u00edticas y representantes del sector comercial, entre ellas las diputadas Milly Mart\u00ednez, de la provincia El\u00edas Pi\u00f1a, y Elvira Corpor\u00e1n, de San Juan, ambas del Partido Revolucionario Moderno (PRM), Luis Bienvenido Gutierrez, comerciante entre otros.<\/p>\n<p><img loading=\"lazy\" decoding=\"async\" data-recalc-dims=\"1\" data-dominant-color=\"727073\" data-has-transparency=\"false\" style=\"--dominant-color: #727073\" class=\"alignnone wp-image-3101036 size-full not-transparent\" src=\"https:\/\/i0.wp.com\/nuevodiario-assets.s3.us-east-2.amazonaws.com\/wp-content\/uploads\/2026\/04\/a3280588-22f3-4428-b377-6e2388ae906d.jpg?resize=640%2C356&#038;quality=100&#038;ssl=1\" alt=\"\" width=\"640\" height=\"356\" \/><\/p>\n<p>Tambi\u00e9n estuvo presente Fredy Murillo, presidente de la Asociaci\u00f3n de Comerciantes de Dajab\u00f3n, junto a otros dirigentes del sector.<\/p>\n<p>Los manifestantes reiteraron su llamado a las autoridades para revisar la propuesta y priorizar pol\u00edticas que fortalezcan el comercio fronterizo existente.<\/p>\n<p>Sobre puerto seco.<\/p>\n<p>Un puerto seco es una instalaci\u00f3n ubicada en el interior de un pa\u00eds (o lejos del puerto mar\u00edtimo) que funciona como extensi\u00f3n del puerto, donde se pueden recibir y despachar contenedores, hacer tr\u00e1mites aduanales, almacenar mercanc\u00edas, transferir carga entre camiones y trenes.<\/p>\n<p>La entrada <a href=\"https:\/\/elnuevodiario.com.do\/comerciantes-fronterizos-protestan-contra-los-puertos-secos-en-dajabon\/\">Comerciantes fronterizos protestan contra los puertos secos en Dajab\u00f3n<\/a> se public\u00f3 primero en <a href=\"https:\/\/elnuevodiario.com.do\">El Nuevo Diario (Rep\u00fablica Dominicana)<\/a>.<\/p>\n","protected":false},"excerpt":{"rendered":"<p>EL NUEVO DIARIO, DAJABON. &#8211; El presidente de la Asociaci\u00f3n de Comerciantes Fronterizos, Carlos Morillo Valdez, expres\u00f3 hoy su rechazo a la construcci\u00f3n de puertos secos a lo largo de la frontera con Hait\u00ed. Morillo, manifest\u00f3 su desacuerdo con el proyecto, al considerar que estas infraestructuras beneficiar\u00edan principalmente a empresarios haitianos, en detrimento de los<\/p>\n","protected":false},"author":1,"featured_media":37766,"comment_status":"open","ping_status":"open","sticky":false,"template":"","format":"standard","meta":{"footnotes":""},"categories":[1],"tags":[],"class_list":["post-37765","post","type-post","status-publish","format-standard","has-post-thumbnail","hentry","category-nacionales"],"_links":{"self":[{"href":"https:\/\/acronoticias.com\/index.php\/wp-json\/wp\/v2\/posts\/37765","targetHints":{"allow":["GET"]}}],"collection":[{"href":"https:\/\/acronoticias.com\/index.php\/wp-json\/wp\/v2\/posts"}],"about":[{"href":"https:\/\/acronoticias.com\/index.php\/wp-json\/wp\/v2\/types\/post"}],"author":[{"embeddable":true,"href":"https:\/\/acronoticias.com\/index.php\/wp-json\/wp\/v2\/users\/1"}],"replies":[{"embeddable":true,"href":"https:\/\/acronoticias.com\/index.php\/wp-json\/wp\/v2\/comments?post=37765"}],"version-history":[{"count":0,"href":"https:\/\/acronoticias.com\/index.php\/wp-json\/wp\/v2\/posts\/37765\/revisions"}],"wp:featuredmedia":[{"embeddable":true,"href":"https:\/\/acronoticias.com\/index.php\/wp-json\/wp\/v2\/media\/37766"}],"wp:attachment":[{"href":"https:\/\/acronoticias.com\/index.php\/wp-json\/wp\/v2\/media?parent=37765"}],"wp:term":[{"taxonomy":"category","embeddable":true,"href":"https:\/\/acronoticias.com\/index.php\/wp-json\/wp\/v2\/categories?post=37765"},{"taxonomy":"post_tag","embeddable":true,"href":"https:\/\/acronoticias.com\/index.php\/wp-json\/wp\/v2\/tags?post=37765"}],"curies":[{"name":"wp","href":"https:\/\/api.w.org\/{rel}","templated":true}]}}