{"id":37763,"date":"2026-04-29T01:22:37","date_gmt":"2026-04-29T01:22:37","guid":{"rendered":"https:\/\/acronoticias.com\/index.php\/2026\/04\/29\/abinader-comparte-anecdotas-de-su-infancia-y-juventud-en-sosua\/"},"modified":"2026-04-29T01:22:37","modified_gmt":"2026-04-29T01:22:37","slug":"abinader-comparte-anecdotas-de-su-infancia-y-juventud-en-sosua","status":"publish","type":"post","link":"https:\/\/acronoticias.com\/index.php\/2026\/04\/29\/abinader-comparte-anecdotas-de-su-infancia-y-juventud-en-sosua\/","title":{"rendered":"Abinader comparte an\u00e9cdotas de su infancia y juventud en Sos\u00faa"},"content":{"rendered":"<p><img loading=\"lazy\" decoding=\"async\" width=\"355\" height=\"200\" src=\"https:\/\/nuevodiario-assets.s3.us-east-2.amazonaws.com\/wp-content\/uploads\/2026\/04\/Abinader-comparte-experiencias-personales-en-Sosua-durante-inauguracion-de-obra-en-Playa-Sosua-355x200.jpeg\" class=\"webfeedsFeaturedVisual not-transparent wp-post-image\" alt=\"\" style=\"--dominant-color: #717671;margin-bottom: 5px;clear:both;max-width: 100%\" data-has-transparency=\"false\" data-dominant-color=\"717671\" \/><\/p>\n<section class=\"text-token-text-primary w-full focus:outline-none [--shadow-height:45px] has-data-writing-block:pointer-events-none has-data-writing-block:-mt-(--shadow-height) has-data-writing-block:pt-(--shadow-height) [&amp;:has([data-writing-block])&gt;*]:pointer-events-auto [content-visibility:auto] supports-[content-visibility:auto]:[contain-intrinsic-size:auto_100lvh] R6Vx5W_threadScrollVars scroll-mb-[calc(var(--scroll-root-safe-area-inset-bottom,0px)+var(--thread-response-height))] scroll-mt-[calc(var(--header-height)+min(200px,max(70px,20svh)))]\" dir=\"auto\" data-turn-id=\"request-WEB:af671d31-d082-4f30-97b8-026eb45ec09a-16\" data-testid=\"conversation-turn-34\" data-scroll-anchor=\"false\" data-turn=\"assistant\">\n<div class=\"text-base my-auto mx-auto pb-10 [--thread-content-margin:var(--thread-content-margin-xs,calc(var(--spacing)*4))] @w-sm\/main:[--thread-content-margin:var(--thread-content-margin-sm,calc(var(--spacing)*6))] @w-lg\/main:[--thread-content-margin:var(--thread-content-margin-lg,calc(var(--spacing)*16))] px-(--thread-content-margin)\">\n<div class=\"[--thread-content-max-width:40rem] @w-lg\/main:[--thread-content-max-width:48rem] mx-auto max-w-(--thread-content-max-width) flex-1 group\/turn-messages focus-visible:outline-hidden relative flex w-full min-w-0 flex-col agent-turn\">\n<div class=\"flex max-w-full flex-col gap-4 grow\">\n<div class=\"min-h-8 text-message relative flex w-full flex-col items-end gap-2 text-start break-words whitespace-normal outline-none keyboard-focused:focus-ring [.text-message+&amp;]:mt-1\" dir=\"auto\" data-message-author-role=\"assistant\" data-message-id=\"ddfdd46f-6ff0-40cf-bff6-612f41b4b532\" data-message-model-slug=\"gpt-5-3\" data-turn-start-message=\"true\">\n<div class=\"flex w-full flex-col gap-1 empty:hidden\">\n<div class=\"markdown prose dark:prose-invert w-full wrap-break-word light markdown-new-styling\">\n<p data-start=\"100\" data-end=\"374\">EL NUEVO DIARIO, PUERTO PLATA.\u2013 El presidente <span class=\"hover:entity-accent entity-underline inline cursor-pointer align-baseline\"><span class=\"whitespace-normal\">Luis Abinader<\/span><\/span> comparti\u00f3 este lunes an\u00e9cdotas de su ni\u00f1ez, adolescencia y juventud vinculadas al municipio de <span class=\"hover:entity-accent entity-underline inline cursor-pointer align-baseline\"><span class=\"whitespace-normal\">Sos\u00faa<\/span><\/span>, durante el acto de inauguraci\u00f3n de la Plaza de Vendedores de Playa Sos\u00faa.<\/p>\n<p data-start=\"376\" data-end=\"646\">Durante su intervenci\u00f3n, el mandatario destac\u00f3 el valor hist\u00f3rico y tur\u00edstico de esta localidad, se\u00f1alando que trasciende el \u00e1mbito provincial. \u201cSos\u00faa no pertenece solamente a Puerto Plata, es un \u00edcono como playa que pertenece a toda la regi\u00f3n Norte y al pa\u00eds\u201d, expres\u00f3.<\/p>\n<p data-start=\"648\" data-end=\"953\">El jefe de Estado relat\u00f3 que su familia pose\u00eda una vivienda en el sector El Batey, donde pasaba los veranos, lo que le permiti\u00f3 desarrollar un v\u00ednculo cercano con la comunidad y su entorno natural. Indic\u00f3 que fue en esa playa donde aprendi\u00f3 a nadar y donde vivi\u00f3 diversas experiencias durante su juventud.<\/p>\n<p data-start=\"955\" data-end=\"1234\">Abinader tambi\u00e9n record\u00f3 su etapa como empresario en la zona, destacando que su familia desarroll\u00f3 el hotel Sol de Plata y que, a inicios de la d\u00e9cada de 1990, lleg\u00f3 a presidir la Asociaci\u00f3n de Hoteles de Sos\u00faa, desde donde impuls\u00f3 iniciativas para el desarrollo tur\u00edstico local.<\/p>\n<p data-start=\"1236\" data-end=\"1493\">En ese contexto, subray\u00f3 la importancia de la articulaci\u00f3n entre el sector privado y el Estado para promover el crecimiento del turismo. Se\u00f1al\u00f3 que, desde el Gobierno, se han impulsado acciones orientadas a transformar el destino y fortalecer su desarrollo.<\/p>\n<p data-start=\"1495\" data-end=\"1759\">El mandatario afirm\u00f3 que Sos\u00faa experimenta actualmente un proceso de recuperaci\u00f3n, con mejoras en su entorno y en la organizaci\u00f3n de la actividad comercial, lo que, seg\u00fan indic\u00f3, contribuir\u00e1 al retorno del turismo familiar y a la dinamizaci\u00f3n econ\u00f3mica de la zona.<\/p>\n<p data-start=\"1761\" data-end=\"1890\">\u201cCada vez vendr\u00e1n m\u00e1s turistas a Sos\u00faa, debido a que las familias y la sociedad regresar\u00e1n a disfrutar de este destino\u201d, sostuvo.<\/p>\n<p data-start=\"1892\" data-end=\"2156\" data-is-last-node=\"\" data-is-only-node=\"\">Las declaraciones fueron ofrecidas en el marco de la inauguraci\u00f3n de la nueva infraestructura en Playa Sos\u00faa, iniciativa que forma parte de los esfuerzos para ordenar el espacio p\u00fablico, fortalecer la actividad comercial y mejorar la experiencia de los visitantes.<\/p>\n<\/div>\n<\/div>\n<\/div>\n<\/div>\n<div class=\"z-0 flex min-h-[46px] justify-start\"><\/div>\n<div class=\"mt-3 w-full empty:hidden\">\n<div class=\"text-center\"><\/div>\n<\/div>\n<\/div>\n<\/div>\n<\/section>\n<div class=\"pointer-events-none -mt-px h-px translate-y-[calc(var(--scroll-root-safe-area-inset-bottom)-14*var(--spacing))]\" aria-hidden=\"true\"><\/div>\n<p>La entrada <a href=\"https:\/\/elnuevodiario.com.do\/abinader-comparte-anecdotas-de-su-infancia-y-juventud-en-sosua\/\">Abinader comparte an\u00e9cdotas de su infancia y juventud en Sos\u00faa<\/a> se public\u00f3 primero en <a href=\"https:\/\/elnuevodiario.com.do\">El Nuevo Diario (Rep\u00fablica Dominicana)<\/a>.<\/p>\n","protected":false},"excerpt":{"rendered":"<p>EL NUEVO DIARIO, PUERTO PLATA.\u2013 El presidente Luis Abinader comparti\u00f3 este lunes an\u00e9cdotas de su ni\u00f1ez, adolescencia y juventud vinculadas al municipio de Sos\u00faa, durante el acto de inauguraci\u00f3n de la Plaza de Vendedores de Playa Sos\u00faa. Durante su intervenci\u00f3n, el mandatario destac\u00f3 el valor hist\u00f3rico y tur\u00edstico de esta localidad, se\u00f1alando que trasciende el<\/p>\n","protected":false},"author":1,"featured_media":37764,"comment_status":"open","ping_status":"open","sticky":false,"template":"","format":"standard","meta":{"footnotes":""},"categories":[1],"tags":[],"class_list":["post-37763","post","type-post","status-publish","format-standard","has-post-thumbnail","hentry","category-nacionales"],"_links":{"self":[{"href":"https:\/\/acronoticias.com\/index.php\/wp-json\/wp\/v2\/posts\/37763","targetHints":{"allow":["GET"]}}],"collection":[{"href":"https:\/\/acronoticias.com\/index.php\/wp-json\/wp\/v2\/posts"}],"about":[{"href":"https:\/\/acronoticias.com\/index.php\/wp-json\/wp\/v2\/types\/post"}],"author":[{"embeddable":true,"href":"https:\/\/acronoticias.com\/index.php\/wp-json\/wp\/v2\/users\/1"}],"replies":[{"embeddable":true,"href":"https:\/\/acronoticias.com\/index.php\/wp-json\/wp\/v2\/comments?post=37763"}],"version-history":[{"count":0,"href":"https:\/\/acronoticias.com\/index.php\/wp-json\/wp\/v2\/posts\/37763\/revisions"}],"wp:featuredmedia":[{"embeddable":true,"href":"https:\/\/acronoticias.com\/index.php\/wp-json\/wp\/v2\/media\/37764"}],"wp:attachment":[{"href":"https:\/\/acronoticias.com\/index.php\/wp-json\/wp\/v2\/media?parent=37763"}],"wp:term":[{"taxonomy":"category","embeddable":true,"href":"https:\/\/acronoticias.com\/index.php\/wp-json\/wp\/v2\/categories?post=37763"},{"taxonomy":"post_tag","embeddable":true,"href":"https:\/\/acronoticias.com\/index.php\/wp-json\/wp\/v2\/tags?post=37763"}],"curies":[{"name":"wp","href":"https:\/\/api.w.org\/{rel}","templated":true}]}}