{"id":37761,"date":"2026-04-29T01:06:43","date_gmt":"2026-04-29T01:06:43","guid":{"rendered":"https:\/\/acronoticias.com\/index.php\/2026\/04\/29\/rios-de-puerto-plata-se-desbordan-nuevamente-por-lluvias-autoridades-advierten-mas-precipitaciones\/"},"modified":"2026-04-29T01:06:43","modified_gmt":"2026-04-29T01:06:43","slug":"rios-de-puerto-plata-se-desbordan-nuevamente-por-lluvias-autoridades-advierten-mas-precipitaciones","status":"publish","type":"post","link":"https:\/\/acronoticias.com\/index.php\/2026\/04\/29\/rios-de-puerto-plata-se-desbordan-nuevamente-por-lluvias-autoridades-advierten-mas-precipitaciones\/","title":{"rendered":"R\u00edos de Puerto Plata se desbordan nuevamente por lluvias; autoridades advierten m\u00e1s precipitaciones"},"content":{"rendered":"<p><img decoding=\"async\" width=\"355\" height=\"200\" src=\"https:\/\/nuevodiario-assets.s3.us-east-2.amazonaws.com\/wp-content\/uploads\/2026\/04\/Rios-de-Puerto-Plata-se-desbordan-nuevamente-por-lluvias-autoridades-advierten-mas-precipitaciones-3-355x200.jpeg\" class=\"webfeedsFeaturedVisual not-transparent wp-post-image\" alt=\"\" style=\"--dominant-color: #7c7c6f;margin-bottom: 5px;clear:both;max-width: 100%\" loading=\"lazy\" data-has-transparency=\"false\" data-dominant-color=\"7c7c6f\" \/><\/p>\n<section class=\"text-token-text-primary w-full focus:outline-none [--shadow-height:45px] has-data-writing-block:pointer-events-none has-data-writing-block:-mt-(--shadow-height) has-data-writing-block:pt-(--shadow-height) [&amp;:has([data-writing-block])&gt;*]:pointer-events-auto [content-visibility:auto] supports-[content-visibility:auto]:[contain-intrinsic-size:auto_100lvh] R6Vx5W_threadScrollVars scroll-mb-[calc(var(--scroll-root-safe-area-inset-bottom,0px)+var(--thread-response-height))] scroll-mt-[calc(var(--header-height)+min(200px,max(70px,20svh)))]\" dir=\"auto\" data-turn-id=\"request-WEB:af671d31-d082-4f30-97b8-026eb45ec09a-15\" data-testid=\"conversation-turn-32\" data-scroll-anchor=\"false\" data-turn=\"assistant\">\n<div class=\"text-base my-auto mx-auto pb-10 [--thread-content-margin:var(--thread-content-margin-xs,calc(var(--spacing)*4))] @w-sm\/main:[--thread-content-margin:var(--thread-content-margin-sm,calc(var(--spacing)*6))] @w-lg\/main:[--thread-content-margin:var(--thread-content-margin-lg,calc(var(--spacing)*16))] px-(--thread-content-margin)\">\n<div class=\"[--thread-content-max-width:40rem] @w-lg\/main:[--thread-content-max-width:48rem] mx-auto max-w-(--thread-content-max-width) flex-1 group\/turn-messages focus-visible:outline-hidden relative flex w-full min-w-0 flex-col agent-turn\">\n<div class=\"flex max-w-full flex-col gap-4 grow\">\n<div class=\"min-h-8 text-message relative flex w-full flex-col items-end gap-2 text-start break-words whitespace-normal outline-none keyboard-focused:focus-ring [.text-message+&amp;]:mt-1\" dir=\"auto\" data-message-author-role=\"assistant\" data-message-id=\"6aba659c-f8d4-4eb4-a742-f405a3f966a0\" data-message-model-slug=\"gpt-5-3\" data-turn-start-message=\"true\">\n<div class=\"flex w-full flex-col gap-1 empty:hidden\">\n<div class=\"markdown prose dark:prose-invert w-full wrap-break-word light markdown-new-styling\">\n<p data-start=\"105\" data-end=\"379\">EL NUEVO DIARIO, PUERTO PLATA.\u2013 Las intensas lluvias registradas en las \u00faltimas horas provocaron el desbordamiento de varios r\u00edos y arroyos en distintos municipios de la provincia de <span class=\"hover:entity-accent entity-underline inline cursor-pointer align-baseline\"><span class=\"whitespace-normal\">Puerto Plata<\/span><\/span>, que se mantiene en alerta amarilla ante la incidencia de una vaguada.<\/p>\n<p data-start=\"381\" data-end=\"573\">De acuerdo con reportes, los aguaceros, acompa\u00f1ados de tormentas el\u00e9ctricas y r\u00e1fagas de viento, han generado un aumento significativo en los caudales de diversas fuentes acu\u00edferas en la zona.<\/p>\n<p data-start=\"575\" data-end=\"938\">En el municipio de <span class=\"hover:entity-accent entity-underline inline cursor-pointer align-baseline\"><span class=\"whitespace-normal\">Sos\u00faa<\/span><\/span>, el r\u00edo Bella Vista experiment\u00f3 una crecida que aneg\u00f3 \u00e1reas bajas de su cuenca. Asimismo, el r\u00edo Cam\u00fa cubri\u00f3 completamente una v\u00eda alterna habilitada tras el colapso de un puente, dejando veh\u00edculos y personas varados en el trayecto que conecta Los Ciruelos de Montellano con la carretera tur\u00edstica Luper\u00f3n.<\/p>\n<p><a href=\"https:\/\/elnuevodiario.com.do\/rios-de-puerto-plata-se-desbordan-nuevamente-por-lluvias-autoridades-advierten-mas-precipitaciones\/rios-de-puerto-plata-se-desbordan-nuevamente-por-lluvias-autoridades-advierten-mas-precipitaciones-1\/\"><img loading=\"lazy\" decoding=\"async\" data-recalc-dims=\"1\" width=\"640\" height=\"853\" src=\"https:\/\/i0.wp.com\/nuevodiario-assets.s3.us-east-2.amazonaws.com\/wp-content\/uploads\/2026\/04\/Rios-de-Puerto-Plata-se-desbordan-nuevamente-por-lluvias-autoridades-advierten-mas-precipitaciones-1.jpeg?resize=640%2C853&#038;quality=100&#038;ssl=1\" class=\"attachment-full size-full not-transparent\" alt=\"\" data-has-transparency=\"false\" data-dominant-color=\"988d68\" style=\"--dominant-color: #988d68\" \/><\/a><br \/>\n<a href=\"https:\/\/elnuevodiario.com.do\/rios-de-puerto-plata-se-desbordan-nuevamente-por-lluvias-autoridades-advierten-mas-precipitaciones\/rios-de-puerto-plata-se-desbordan-nuevamente-por-lluvias-autoridades-advierten-mas-precipitaciones-2\/\"><img loading=\"lazy\" decoding=\"async\" data-recalc-dims=\"1\" width=\"640\" height=\"718\" src=\"https:\/\/i0.wp.com\/nuevodiario-assets.s3.us-east-2.amazonaws.com\/wp-content\/uploads\/2026\/04\/Rios-de-Puerto-Plata-se-desbordan-nuevamente-por-lluvias-autoridades-advierten-mas-precipitaciones-2.jpeg?resize=640%2C718&#038;quality=100&#038;ssl=1\" class=\"attachment-full size-full not-transparent\" alt=\"\" data-has-transparency=\"false\" data-dominant-color=\"85857b\" style=\"--dominant-color: #85857b\" \/><\/a><\/p>\n<p data-start=\"940\" data-end=\"1122\">En el municipio cabecera, <span class=\"hover:entity-accent entity-underline inline cursor-pointer align-baseline\"><span class=\"whitespace-normal\">San Felipe de Puerto Plata<\/span><\/span>, las lluvias en zonas monta\u00f1osas incrementaron el nivel de los r\u00edos Mu\u00f1oz y San Marcos, as\u00ed como del arroyo El Viol\u00f3n.<\/p>\n<p data-start=\"1124\" data-end=\"1389\">Tambi\u00e9n se reportaron altos vol\u00famenes de agua en los r\u00edos Barrab\u00e1s, Obispo y Bajabonico, en <span class=\"hover:entity-accent entity-underline inline cursor-pointer align-baseline\"><span class=\"whitespace-normal\">Imbert<\/span><\/span>, y en el r\u00edo Caon\u00e1o, en <span class=\"hover:entity-accent entity-underline inline cursor-pointer align-baseline\"><span class=\"whitespace-normal\">Guananico<\/span><\/span>, adem\u00e1s de m\u00faltiples arroyos y ca\u00f1adas en la parte oeste de la provincia.<\/p>\n<p data-start=\"1391\" data-end=\"1621\">El director provincial de la <span class=\"hover:entity-accent entity-underline inline cursor-pointer align-baseline\"><span class=\"whitespace-normal\">Defensa Civil<\/span><\/span> en Puerto Plata, <span class=\"hover:entity-accent entity-underline inline cursor-pointer align-baseline\"><span class=\"whitespace-normal\">Whascar Garc\u00eda<\/span><\/span>, exhort\u00f3 a la poblaci\u00f3n a tomar precauciones, al advertir que las lluvias continuar\u00e1n en las pr\u00f3ximas horas.<\/p>\n<p data-start=\"1623\" data-end=\"1918\">El funcionario explic\u00f3 que una vaguada, combinada con el calentamiento diurno, generar\u00e1 aguaceros de moderados a fuertes, acompa\u00f1ados de tronadas y r\u00e1fagas de viento, con mayor incidencia en comunidades de la <span class=\"hover:entity-accent entity-underline inline cursor-pointer align-baseline\"><span class=\"whitespace-normal\">Cordillera Septentrional<\/span><\/span>, donde nacen varios de los r\u00edos de la provincia.<\/p>\n<p data-start=\"1920\" data-end=\"2227\" data-is-last-node=\"\" data-is-only-node=\"\">Durante la noche, se reportaron lluvias de consideraci\u00f3n en localidades como <span class=\"hover:entity-accent entity-underline inline cursor-pointer align-baseline\"><span class=\"whitespace-normal\">Luper\u00f3n<\/span><\/span>, <span class=\"hover:entity-accent entity-underline inline cursor-pointer align-baseline\"><span class=\"whitespace-normal\">Villa Isabela<\/span><\/span>, <span class=\"hover:entity-accent entity-underline inline cursor-pointer align-baseline\"><span class=\"whitespace-normal\">Los Hidalgos<\/span><\/span> y <span class=\"hover:entity-accent entity-underline inline cursor-pointer align-baseline\"><span class=\"whitespace-normal\">Altamira<\/span><\/span>, donde los cauces de r\u00edos y arroyos presentan aumentos significativos.<\/p>\n<p><a href=\"https:\/\/videos.files.wordpress.com\/BhifLBWq\/rios-de-puerto-plata-se-desbordan-nuevamente-por-lluvias-autoridades-advierten-mas-precipitaciones-1.mp4\">rios-de-puerto-plata-se-desbordan-nuevamente-por-lluvias-autoridades-advierten-mas-precipitaciones-1-mp4<\/a><\/p>\n<\/div>\n<\/div>\n<\/div>\n<\/div>\n<div class=\"z-0 flex min-h-[46px] justify-start\"><\/div>\n<div class=\"mt-3 w-full empty:hidden\">\n<div class=\"text-center\"><\/div>\n<\/div>\n<\/div>\n<\/div>\n<\/section>\n<div class=\"pointer-events-none -mt-px h-px translate-y-[calc(var(--scroll-root-safe-area-inset-bottom)-14*var(--spacing))]\" aria-hidden=\"true\"><\/div>\n<div class=\"pointer-events-none translate-y-(--scroll-root-safe-area-inset-bottom) R6Vx5W_threadScrollVars min-h-(--gutter-remaining-height,0px) group-data-stream-active\/scroll-root:h-[calc(var(--thread-response-height)-16*var(--spacing))]\"><\/div>\n<p>La entrada <a href=\"https:\/\/elnuevodiario.com.do\/rios-de-puerto-plata-se-desbordan-nuevamente-por-lluvias-autoridades-advierten-mas-precipitaciones\/\">R\u00edos de Puerto Plata se desbordan nuevamente por lluvias; autoridades advierten m\u00e1s precipitaciones<\/a> se public\u00f3 primero en <a href=\"https:\/\/elnuevodiario.com.do\">El Nuevo Diario (Rep\u00fablica Dominicana)<\/a>.<\/p>\n","protected":false},"excerpt":{"rendered":"<p>EL NUEVO DIARIO, PUERTO PLATA.\u2013 Las intensas lluvias registradas en las \u00faltimas horas provocaron el desbordamiento de varios r\u00edos y arroyos en distintos municipios de la provincia de Puerto Plata, que se mantiene en alerta amarilla ante la incidencia de una vaguada. De acuerdo con reportes, los aguaceros, acompa\u00f1ados de tormentas el\u00e9ctricas y r\u00e1fagas de<\/p>\n","protected":false},"author":1,"featured_media":37762,"comment_status":"open","ping_status":"open","sticky":false,"template":"","format":"standard","meta":{"footnotes":""},"categories":[1],"tags":[],"class_list":["post-37761","post","type-post","status-publish","format-standard","has-post-thumbnail","hentry","category-nacionales"],"_links":{"self":[{"href":"https:\/\/acronoticias.com\/index.php\/wp-json\/wp\/v2\/posts\/37761","targetHints":{"allow":["GET"]}}],"collection":[{"href":"https:\/\/acronoticias.com\/index.php\/wp-json\/wp\/v2\/posts"}],"about":[{"href":"https:\/\/acronoticias.com\/index.php\/wp-json\/wp\/v2\/types\/post"}],"author":[{"embeddable":true,"href":"https:\/\/acronoticias.com\/index.php\/wp-json\/wp\/v2\/users\/1"}],"replies":[{"embeddable":true,"href":"https:\/\/acronoticias.com\/index.php\/wp-json\/wp\/v2\/comments?post=37761"}],"version-history":[{"count":0,"href":"https:\/\/acronoticias.com\/index.php\/wp-json\/wp\/v2\/posts\/37761\/revisions"}],"wp:featuredmedia":[{"embeddable":true,"href":"https:\/\/acronoticias.com\/index.php\/wp-json\/wp\/v2\/media\/37762"}],"wp:attachment":[{"href":"https:\/\/acronoticias.com\/index.php\/wp-json\/wp\/v2\/media?parent=37761"}],"wp:term":[{"taxonomy":"category","embeddable":true,"href":"https:\/\/acronoticias.com\/index.php\/wp-json\/wp\/v2\/categories?post=37761"},{"taxonomy":"post_tag","embeddable":true,"href":"https:\/\/acronoticias.com\/index.php\/wp-json\/wp\/v2\/tags?post=37761"}],"curies":[{"name":"wp","href":"https:\/\/api.w.org\/{rel}","templated":true}]}}