{"id":37755,"date":"2026-04-29T00:39:46","date_gmt":"2026-04-29T00:39:46","guid":{"rendered":"https:\/\/acronoticias.com\/index.php\/2026\/04\/29\/exministra-asume-presidencia-de-la-u-de-chile-tercera-mujer-en-un-club-de-sudamerica\/"},"modified":"2026-04-29T00:39:46","modified_gmt":"2026-04-29T00:39:46","slug":"exministra-asume-presidencia-de-la-u-de-chile-tercera-mujer-en-un-club-de-sudamerica","status":"publish","type":"post","link":"https:\/\/acronoticias.com\/index.php\/2026\/04\/29\/exministra-asume-presidencia-de-la-u-de-chile-tercera-mujer-en-un-club-de-sudamerica\/","title":{"rendered":"Exministra asume presidencia de la U de Chile, tercera mujer en un club de Sudam\u00e9rica"},"content":{"rendered":"<p>La <strong>Universidad de Chile<\/strong> eligi\u00f3 este martes a la exministra del Deporte <strong>Cecilia P\u00e9rez<\/strong> como presidenta de la instituci\u00f3n, y se convirti\u00f3 en la primera mujer al frente de un club de <strong>Primera Divisi\u00f3n<\/strong> en <strong>Chile<\/strong> y la tercera en <strong>Sudam\u00e9rica<\/strong> que lo consigue a partir de un acto eleccionario.<\/p>\n<p>Es un honor ser la primera presidenta de un club. En <strong>Sudam\u00e9rica<\/strong> somos dos, con la presidenta de <strong>Palmeiras<\/strong>\u00ab, asegur\u00f3 <strong>P\u00e9rez<\/strong> en conferencia de prensa, haciendo referencia al panorama actual.<\/p>\n<figure class=\"wp-block-image size-full is-resized\"><img loading=\"lazy\" decoding=\"async\" width=\"740\" height=\"416\" src=\"https:\/\/multimedia.noticiassin.com\/wp-content\/uploads\/2026\/04\/exministra-asume-presidencia-de-la-u-de-chile-tercera-mujer-en-un-club-de-sudam-20260428-233612-quc1.webp\" alt=\"\" class=\"wp-image-1988282\" style=\"width:529px;height:auto\" \/><\/figure>\n<p>En el contexto hist\u00f3rico sudamericano, la directiva chilena se une a <strong>Leila Pereira<\/strong>, del <strong>Palmeiras<\/strong> brasile\u00f1o, electa en 2021, y a la argentina <strong>Luc\u00eda Barbuto<\/strong>, quien lider\u00f3 al argentino <strong>Banfield<\/strong> entre 2018 y 2021.<\/p>\n<p>La pionera, sin embargo, fue la argentina <strong>Natividad Gallego<\/strong>, quien en 1971 fue presidenta por un a\u00f1o del <strong>Club Atl\u00e9tico Platense<\/strong>, del cual ya era segunda vicepresidenta, y asumi\u00f3 el cargo por sucesi\u00f3n tras las renuncias consecutivas del presidente y primer vicepresidente.<\/p>\n<h3 class=\"wp-block-heading\">Elecci\u00f3n hist\u00f3rica<\/h3>\n<p>P\u00e9rez, quien era vicepresidenta de la <strong>U<\/strong> desde 2022, fue elegida con nueve votos a favor y dos abstenciones para encabezar el directorio de la concesionaria <strong>Azul Azul<\/strong>, una sociedad an\u00f3nima que administra al equipo laico.<\/p>\n<p>Hoy me doy cuenta del hecho hist\u00f3rico. Mis compa\u00f1eros me regalaron rosas azules; <strong>fue muy emocionante\u00bb, coment\u00f3.<\/strong><\/p>\n<p>En <strong>Chile<\/strong>, otras dos mujeres han liderado clubes de f\u00fatbol, pero en la segunda divisi\u00f3n. Son los casos de <strong>Gabriela Parra<\/strong> en <strong>Deportes Concepci\u00f3n<\/strong> durante 2023 y <strong>Mariela V\u00e1zquez<\/strong> en <strong>Deportes Linares<\/strong> desde 2024.<\/p>\n<p>Estoy agradecida de poder tener el honor de presidir al equipo m\u00e1s grande de <strong>Chile<\/strong>, con mucha emoci\u00f3n\u00bb, asegur\u00f3 <strong>P\u00e9rez<\/strong>, que asume en sustituci\u00f3n de <strong>Michael Clark<\/strong>, quien renunci\u00f3 tras cinco a\u00f1os.<\/p>\n<p>La abogada de 51 a\u00f1os ha desempe\u00f1ado en el pasado otros cargos pol\u00edticos durante los dos periodos presidenciales del fallecido expresidente <strong>Sebasti\u00e1n Pi\u00f1era<\/strong>, de quien fue su vocera de Gobierno y ministra del Deporte (2019-2022), entre otras funciones p\u00fablicas que ha ocupado.<\/p>\n<p>Nos han tocado malas, pero estamos juntos como una gran familia.<strong> Es un trabajo en equipo\u00bb, se\u00f1al\u00f3.<\/strong><\/p>\n<h3 class=\"wp-block-heading\">Desaf\u00edos inmediatos<\/h3>\n<p>Su llegada al poder ocurre en un momento de presi\u00f3n institucional y judicial que cay\u00f3 sobre su antecesor <strong>Clark<\/strong>, quien es investigado por movimientos financieros con respecto a la composici\u00f3n accionaria de la sociedad, por lo cual se le ha impuesto una inhabilitaci\u00f3n de cinco a\u00f1os.<\/p>\n<ul class=\"wp-block-list\">\n<li>La misi\u00f3n es que a este club cada d\u00eda le vaya mejor, particularmente en lo deportivo. Que podamos tener alegr\u00edas permanentes\u00bb, coment\u00f3 <strong>P\u00e9rez<\/strong>.<\/li>\n<\/ul>\n<p>La U de <strong>Chile<\/strong> contrat\u00f3, a finales de marzo pasado, al t\u00e9cnico argentino <strong>Fernando Gago<\/strong>, luego de quedarse sin competencias internacionales esta temporada al no clasificar a la fase de grupos de la <strong>Copa Sudamericana<\/strong>.<\/p>\n<p>Tras cuatro jornadas dirigidas por <strong>Gago<\/strong> en la liga, el conjunto laico se encuentra sexto, con 17 puntos, a cuatro del primer lugar de la clasificaci\u00f3n, y viene de ganar el cl\u00e1sico ante <strong>Universidad Cat\u00f3lica<\/strong> como local el pasado s\u00e1bado.<\/p>\n<p>El club laico tiene nueve a\u00f1os sin ganar el t\u00edtulo de la liga chilena, tras conquistar el Clausura en 2017, y, en el plano internacional, conquist\u00f3 la <strong>Copa Sudamericana<\/strong> en 2011.<\/p>\n<p><strong>Universidad de Chile<\/strong> siempre tiene que estar jugando las finales y compitiendo por ser campe\u00f3n\u00bb, cerr\u00f3 <strong>P\u00e9rez<\/strong>.<\/p>\n","protected":false},"excerpt":{"rendered":"<p>La Universidad de Chile eligi\u00f3 este martes a la exministra del Deporte Cecilia P\u00e9rez como presidenta de la instituci\u00f3n, y se convirti\u00f3 en la primera mujer al frente de un club de Primera Divisi\u00f3n en Chile y la tercera en Sudam\u00e9rica que lo consigue a partir de un acto eleccionario. Es un honor ser la<\/p>\n","protected":false},"author":1,"featured_media":37756,"comment_status":"open","ping_status":"open","sticky":false,"template":"","format":"standard","meta":{"footnotes":""},"categories":[3],"tags":[],"class_list":["post-37755","post","type-post","status-publish","format-standard","has-post-thumbnail","hentry","category-internacionales"],"_links":{"self":[{"href":"https:\/\/acronoticias.com\/index.php\/wp-json\/wp\/v2\/posts\/37755","targetHints":{"allow":["GET"]}}],"collection":[{"href":"https:\/\/acronoticias.com\/index.php\/wp-json\/wp\/v2\/posts"}],"about":[{"href":"https:\/\/acronoticias.com\/index.php\/wp-json\/wp\/v2\/types\/post"}],"author":[{"embeddable":true,"href":"https:\/\/acronoticias.com\/index.php\/wp-json\/wp\/v2\/users\/1"}],"replies":[{"embeddable":true,"href":"https:\/\/acronoticias.com\/index.php\/wp-json\/wp\/v2\/comments?post=37755"}],"version-history":[{"count":0,"href":"https:\/\/acronoticias.com\/index.php\/wp-json\/wp\/v2\/posts\/37755\/revisions"}],"wp:featuredmedia":[{"embeddable":true,"href":"https:\/\/acronoticias.com\/index.php\/wp-json\/wp\/v2\/media\/37756"}],"wp:attachment":[{"href":"https:\/\/acronoticias.com\/index.php\/wp-json\/wp\/v2\/media?parent=37755"}],"wp:term":[{"taxonomy":"category","embeddable":true,"href":"https:\/\/acronoticias.com\/index.php\/wp-json\/wp\/v2\/categories?post=37755"},{"taxonomy":"post_tag","embeddable":true,"href":"https:\/\/acronoticias.com\/index.php\/wp-json\/wp\/v2\/tags?post=37755"}],"curies":[{"name":"wp","href":"https:\/\/api.w.org\/{rel}","templated":true}]}}