{"id":37753,"date":"2026-04-29T00:34:41","date_gmt":"2026-04-29T00:34:41","guid":{"rendered":"https:\/\/acronoticias.com\/index.php\/2026\/04\/29\/cury-valora-compromiso-del-estado-con-preservacion-de-la-memoria-historica-y-promocion-valores-patrios\/"},"modified":"2026-04-29T00:34:41","modified_gmt":"2026-04-29T00:34:41","slug":"cury-valora-compromiso-del-estado-con-preservacion-de-la-memoria-historica-y-promocion-valores-patrios","status":"publish","type":"post","link":"https:\/\/acronoticias.com\/index.php\/2026\/04\/29\/cury-valora-compromiso-del-estado-con-preservacion-de-la-memoria-historica-y-promocion-valores-patrios\/","title":{"rendered":"Cury valora compromiso del Estado con preservaci\u00f3n\u00a0de la memoria hist\u00f3rica y promoci\u00f3n valores patrios"},"content":{"rendered":"<p><img loading=\"lazy\" decoding=\"async\" width=\"355\" height=\"200\" src=\"https:\/\/nuevodiario-assets.s3.us-east-2.amazonaws.com\/wp-content\/uploads\/2026\/04\/WhatsApp-Image-2026-04-27-at-3.54.16-PM-355x200.jpeg\" class=\"webfeedsFeaturedVisual not-transparent wp-post-image\" alt=\"\" style=\"--dominant-color: #41312d;margin-bottom: 5px;clear:both;max-width: 100%\" data-has-transparency=\"false\" data-dominant-color=\"41312d\" \/><\/p>\n<p><strong>EL NUEVO DIARIO, SANTO DOMINGO.<\/strong>&#8211; Al ser juramentado como presidente de la Comisi\u00f3n Presidencial del Museo de la Gesta de Abril, creada mediante el Decreto n\u00fam. 200-26, el doctor Jottin Cury valor\u00f3 el notable inter\u00e9s que ha mostrado el gobierno del presidente Luis Abinader en recuperar los valores patrios y, en especial, conservar la memoria hist\u00f3rica dominicana.<\/p>\n<p>Durante su discurso de toma de posesi\u00f3n, Cury agradeci\u00f3 la distinci\u00f3n conferida por el jefe de Estado para encabezar esta comisi\u00f3n, junto a Alberto Alexander Caama\u00f1o Acevedo, Bonaparte Gautreaux Pi\u00f1eyro, Euclides Emilio Guti\u00e9rrez F\u00e9lix, Fernando Arturo B\u00e1ez Guerrero, H\u00e9ctor Sucre de Jes\u00fas Feliz Carbuccia, Ilonka Nacidit Perdomo S\u00e1nchez, Isaac Rudman Majnsztejn, Juan Manuel Lora de Le\u00f3n, Ludovino Fern\u00e1ndez Fern\u00e1ndez, Ram\u00f3n Andr\u00e9s Blanco Fern\u00e1ndez y Ra\u00fal Tamayo Morilla Rodr\u00edguez.<\/p>\n<p>El reconocido jurista resalt\u00f3 la trascendencia de la Revoluci\u00f3n de Abril de 1965, que tuvo lugar entre el 24 de abril y el 3 de septiembre de ese a\u00f1o, definida como un hecho sin precedentes en la historia republicana, cuyo prop\u00f3sito fue restablecer el orden constitucional y reponer en la Presidencia al profesor Juan Bosch, tras el derrocamiento de su gobierno en 1963.<\/p>\n<p>En ese contexto, destac\u00f3 el valor hist\u00f3rico de la Constituci\u00f3n de 1963, la cual calific\u00f3 como un instrumento avanzado para su \u00e9poca, al consagrar derechos fundamentales, promover la justicia social y establecer principios democr\u00e1ticos que a\u00fan hoy sirven de referencia para la institucionalidad dominicana.<\/p>\n<p>Cury explic\u00f3 que la interrupci\u00f3n del orden constitucional en 1963, producto de tensiones pol\u00edticas, econ\u00f3micas y sociales, dio lugar a uno de los episodios m\u00e1s complejos de la historia nacional, en el que miles de dominicanos se alzaron en defensa de la democracia y la soberan\u00eda.<\/p>\n<p>\u201cLo cierto es que la Revoluci\u00f3n de Abril de 1965 nos dej\u00f3 una dolorosa lecci\u00f3n: una lucha fratricida no es el camino id\u00f3neo para resolver nuestras diferencias y deficiencias institucionales\u201d, expres\u00f3.<\/p>\n<p>Asimismo, hizo un llamado a fortalecer la educaci\u00f3n hist\u00f3rica en la sociedad dominicana, a fin de generar conciencia sobre el significado de la Constituci\u00f3n de 1963 y la gesta de abril de 1965, evitando la repetici\u00f3n de conflictos fratricidas y promoviendo la convivencia democr\u00e1tica.<\/p>\n<p>En el marco de la actividad, tambi\u00e9n se present\u00f3 un documental basado en el trabajo del fot\u00f3grafo Milvio P\u00e9rez, quien document\u00f3 con su lente momentos cruciales del conflicto armado, dejando un legado visual de incalculable valor hist\u00f3rico de m\u00e1s de dos mil im\u00e1genes invaluables que describen aquellos tiempos dif\u00edciles que vivi\u00f3 el pueblo dominicano.<\/p>\n<p>\u201cSin ese testimonio fotogr\u00e1fico de este protagonista audaz, que portaba como arma su c\u00e1mara fotogr\u00e1fica, ser\u00eda dif\u00edcil visualizar las penurias de nuestro pueblo, que luch\u00f3 contra el ej\u00e9rcito m\u00e1s poderoso de la tierra para preservar su soberan\u00eda y dignidad\u201d, agreg\u00f3.<\/p>\n<p>El presidente de la Comisi\u00f3n destac\u00f3 la valent\u00eda y compromiso de P\u00e9rez, se\u00f1alando que sus m\u00e1s de dos mil im\u00e1genes constituyen un testimonio esencial para comprender las dimensiones humanas y sociales de aquel acontecimiento.<\/p>\n<p>El doctor Cury concluy\u00f3 su intervenci\u00f3n rindiendo homenaje a los protagonistas de la gesta de abril, reiterando el compromiso de la Comisi\u00f3n Presidencial del Museo de la Gesta de Abril de preservar y difundir este legado hist\u00f3rico para las presentes y futuras generaciones.<\/p>\n<p>La entrada <a href=\"https:\/\/elnuevodiario.com.do\/cury-valora-compromiso-del-estado-con-preservacion-de-la-memoria-historica-y-promocion-valores-patrios\/\">Cury valora compromiso del Estado con preservaci\u00f3n\u00a0de la memoria hist\u00f3rica y promoci\u00f3n valores patrios<\/a> se public\u00f3 primero en <a href=\"https:\/\/elnuevodiario.com.do\">El Nuevo Diario (Rep\u00fablica Dominicana)<\/a>.<\/p>\n","protected":false},"excerpt":{"rendered":"<p>EL NUEVO DIARIO, SANTO DOMINGO.&#8211; Al ser juramentado como presidente de la Comisi\u00f3n Presidencial del Museo de la Gesta de Abril, creada mediante el Decreto n\u00fam. 200-26, el doctor Jottin Cury valor\u00f3 el notable inter\u00e9s que ha mostrado el gobierno del presidente Luis Abinader en recuperar los valores patrios y, en especial, conservar la memoria<\/p>\n","protected":false},"author":1,"featured_media":37754,"comment_status":"open","ping_status":"open","sticky":false,"template":"","format":"standard","meta":{"footnotes":""},"categories":[1],"tags":[],"class_list":["post-37753","post","type-post","status-publish","format-standard","has-post-thumbnail","hentry","category-nacionales"],"_links":{"self":[{"href":"https:\/\/acronoticias.com\/index.php\/wp-json\/wp\/v2\/posts\/37753","targetHints":{"allow":["GET"]}}],"collection":[{"href":"https:\/\/acronoticias.com\/index.php\/wp-json\/wp\/v2\/posts"}],"about":[{"href":"https:\/\/acronoticias.com\/index.php\/wp-json\/wp\/v2\/types\/post"}],"author":[{"embeddable":true,"href":"https:\/\/acronoticias.com\/index.php\/wp-json\/wp\/v2\/users\/1"}],"replies":[{"embeddable":true,"href":"https:\/\/acronoticias.com\/index.php\/wp-json\/wp\/v2\/comments?post=37753"}],"version-history":[{"count":0,"href":"https:\/\/acronoticias.com\/index.php\/wp-json\/wp\/v2\/posts\/37753\/revisions"}],"wp:featuredmedia":[{"embeddable":true,"href":"https:\/\/acronoticias.com\/index.php\/wp-json\/wp\/v2\/media\/37754"}],"wp:attachment":[{"href":"https:\/\/acronoticias.com\/index.php\/wp-json\/wp\/v2\/media?parent=37753"}],"wp:term":[{"taxonomy":"category","embeddable":true,"href":"https:\/\/acronoticias.com\/index.php\/wp-json\/wp\/v2\/categories?post=37753"},{"taxonomy":"post_tag","embeddable":true,"href":"https:\/\/acronoticias.com\/index.php\/wp-json\/wp\/v2\/tags?post=37753"}],"curies":[{"name":"wp","href":"https:\/\/api.w.org\/{rel}","templated":true}]}}