{"id":37751,"date":"2026-04-29T00:18:51","date_gmt":"2026-04-29T00:18:51","guid":{"rendered":"https:\/\/acronoticias.com\/index.php\/2026\/04\/29\/sector-universitario-de-fp-respalda-candidatura-de-jorge-asjana-a-rectoria-de-la-uasd\/"},"modified":"2026-04-29T00:18:51","modified_gmt":"2026-04-29T00:18:51","slug":"sector-universitario-de-fp-respalda-candidatura-de-jorge-asjana-a-rectoria-de-la-uasd","status":"publish","type":"post","link":"https:\/\/acronoticias.com\/index.php\/2026\/04\/29\/sector-universitario-de-fp-respalda-candidatura-de-jorge-asjana-a-rectoria-de-la-uasd\/","title":{"rendered":"Sector universitario de FP respalda candidatura de Jorge Asjana a Rector\u00eda de la UASD"},"content":{"rendered":"<p><img decoding=\"async\" width=\"355\" height=\"200\" src=\"https:\/\/nuevodiario-assets.s3.us-east-2.amazonaws.com\/wp-content\/uploads\/2026\/04\/Sector-universitario-de-FP-respalda-candidatura-de-Jorge-Asjana-a-Rectoria-de-la-UASD-3-355x200.jpeg\" class=\"webfeedsFeaturedVisual not-transparent wp-post-image\" alt=\"\" style=\"--dominant-color: #80987d;margin-bottom: 5px;clear:both;max-width: 100%\" loading=\"lazy\" data-has-transparency=\"false\" data-dominant-color=\"80987d\" \/><\/p>\n<p>&nbsp;<\/p>\n<p>EL NUEVO DIARIO, SANTO DOMINGO. &#8211; El sector universitario del partido Fuerza del Pueblo (FP) formaliz\u00f3 este martes su respaldo a la candidatura del doctor Jorge Asjana David a la Rector\u00eda de la Universidad Aut\u00f3noma de Santo Domingo (UASD), en un acto en el que se afirm\u00f3 que \u201cqueda sellada\u201d su proyecci\u00f3n de victoria de cara a las elecciones pautadas para el pr\u00f3ximo 17 de junio.<\/p>\n<p>La actividad se realiz\u00f3 en el paraninfo Dr. Ricardo Michel de la Facultad de Ciencias Econ\u00f3micas y Sociales (FCES), con la participaci\u00f3n de las estructuras universitarias vinculadas a la FP, entre ellas la Fuerza Profesoral Universitaria, la Vanguardia Estudiantil Dominicana (VED) y la Fuerza Administrativa Universitaria (FAU), las cuales anunciaron su apoyo conjunto a la candidatura.<\/p>\n<p>Durante el acto, la doctora Ligia Amada Melo, titular de la Secretar\u00eda de Educaci\u00f3n Superior de la Fuerza del Pueblo, explic\u00f3 las razones que llevaron a la organizaci\u00f3n pol\u00edtica a respaldar al doctor Asjana, destacando la necesidad de impulsar una gesti\u00f3n acad\u00e9mica capaz de responder a los desaf\u00edos actuales de la educaci\u00f3n superior.<\/p>\n<p>Melo se\u00f1al\u00f3 que la UASD enfrenta importantes retos en el contexto de la sociedad del conocimiento, por lo que consider\u00f3 imprescindible una rector\u00eda con visi\u00f3n estrat\u00e9gica, capacidad de gesti\u00f3n y compromiso con la calidad educativa.<\/p>\n<p><img loading=\"lazy\" decoding=\"async\" data-recalc-dims=\"1\" data-dominant-color=\"6c574b\" data-has-transparency=\"false\" style=\"--dominant-color: #6c574b\" class=\"alignnone size-full wp-image-3100928 not-transparent\" src=\"https:\/\/i0.wp.com\/nuevodiario-assets.s3.us-east-2.amazonaws.com\/wp-content\/uploads\/2026\/04\/Sector-universitario-de-FP-respalda-candidatura-de-Jorge-Asjana-a-Rectoria-de-la-UASD-2-scaled.jpeg?resize=640%2C427&#038;quality=100&#038;ssl=1\" alt=\"\" width=\"640\" height=\"427\" \/>En ese sentido, critic\u00f3 la pol\u00edtica del Gobierno de expandir centros y subcentros universitarios sin estudios previos que determinen las demandas reales de formaci\u00f3n en cada regi\u00f3n del pa\u00eds, indicando que no todas las provincias presentan las mismas necesidades acad\u00e9micas y productivas.<\/p>\n<p>Asimismo, plante\u00f3 que una eventual gesti\u00f3n encabezada por Jorge Asjana David tome en cuenta estas consideraciones, a fin de fortalecer la pertinencia de la oferta acad\u00e9mica de la universidad estatal.<\/p>\n<p>La dirigente pol\u00edtica defini\u00f3 al candidato como un acad\u00e9mico con amplia trayectoria y capacidad probada, lo que, a su juicio, lo convierte en la opci\u00f3n id\u00f3nea para dirigir la UASD durante el per\u00edodo 2026-2030.<\/p>\n<p><img loading=\"lazy\" decoding=\"async\" data-recalc-dims=\"1\" data-dominant-color=\"78726d\" data-has-transparency=\"false\" style=\"--dominant-color: #78726d\" class=\"alignnone size-full wp-image-3100929 not-transparent\" src=\"https:\/\/i0.wp.com\/nuevodiario-assets.s3.us-east-2.amazonaws.com\/wp-content\/uploads\/2026\/04\/Sector-universitario-de-FP-respalda-candidatura-de-Jorge-Asjana-a-Rectoria-de-la-UASD-1-scaled.jpeg?resize=640%2C427&#038;quality=100&#038;ssl=1\" alt=\"\" width=\"640\" height=\"427\" \/><\/p>\n<p>De su lado, el doctor Jorge Asjana David agradeci\u00f3 el respaldo recibido por parte de la Fuerza del Pueblo, a trav\u00e9s de su representaci\u00f3n universitaria, y valor\u00f3 la integraci\u00f3n de los distintos sectores en torno a su proyecto.<\/p>\n<p>El candidato afirm\u00f3 que las propuestas expuestas durante el acto coinciden en aproximadamente un 90 % con su programa de gesti\u00f3n, y garantiz\u00f3 que ser\u00e1n incorporadas y ejecutadas en una eventual administraci\u00f3n.<\/p>\n<p>Con esta manifestaci\u00f3n de apoyo, el sector universitario de la Fuerza del Pueblo consolida su posici\u00f3n en el escenario electoral de la UASD, apostando a una candidatura que, seg\u00fan expresaron, representa experiencia, consenso y visi\u00f3n de futuro para la academia nacional.<\/p>\n<p>&nbsp;<\/p>\n<p>La entrada <a href=\"https:\/\/elnuevodiario.com.do\/sector-universitario-de-fp-respalda-candidatura-de-jorge-asjana-a-rectoria-de-la-uasd\/\">Sector universitario de FP respalda candidatura de Jorge Asjana a Rector\u00eda de la UASD<\/a> se public\u00f3 primero en <a href=\"https:\/\/elnuevodiario.com.do\">El Nuevo Diario (Rep\u00fablica Dominicana)<\/a>.<\/p>\n","protected":false},"excerpt":{"rendered":"<p>&nbsp; EL NUEVO DIARIO, SANTO DOMINGO. &#8211; El sector universitario del partido Fuerza del Pueblo (FP) formaliz\u00f3 este martes su respaldo a la candidatura del doctor Jorge Asjana David a la Rector\u00eda de la Universidad Aut\u00f3noma de Santo Domingo (UASD), en un acto en el que se afirm\u00f3 que \u201cqueda sellada\u201d su proyecci\u00f3n de victoria<\/p>\n","protected":false},"author":1,"featured_media":37752,"comment_status":"open","ping_status":"open","sticky":false,"template":"","format":"standard","meta":{"footnotes":""},"categories":[1],"tags":[],"class_list":["post-37751","post","type-post","status-publish","format-standard","has-post-thumbnail","hentry","category-nacionales"],"_links":{"self":[{"href":"https:\/\/acronoticias.com\/index.php\/wp-json\/wp\/v2\/posts\/37751","targetHints":{"allow":["GET"]}}],"collection":[{"href":"https:\/\/acronoticias.com\/index.php\/wp-json\/wp\/v2\/posts"}],"about":[{"href":"https:\/\/acronoticias.com\/index.php\/wp-json\/wp\/v2\/types\/post"}],"author":[{"embeddable":true,"href":"https:\/\/acronoticias.com\/index.php\/wp-json\/wp\/v2\/users\/1"}],"replies":[{"embeddable":true,"href":"https:\/\/acronoticias.com\/index.php\/wp-json\/wp\/v2\/comments?post=37751"}],"version-history":[{"count":0,"href":"https:\/\/acronoticias.com\/index.php\/wp-json\/wp\/v2\/posts\/37751\/revisions"}],"wp:featuredmedia":[{"embeddable":true,"href":"https:\/\/acronoticias.com\/index.php\/wp-json\/wp\/v2\/media\/37752"}],"wp:attachment":[{"href":"https:\/\/acronoticias.com\/index.php\/wp-json\/wp\/v2\/media?parent=37751"}],"wp:term":[{"taxonomy":"category","embeddable":true,"href":"https:\/\/acronoticias.com\/index.php\/wp-json\/wp\/v2\/categories?post=37751"},{"taxonomy":"post_tag","embeddable":true,"href":"https:\/\/acronoticias.com\/index.php\/wp-json\/wp\/v2\/tags?post=37751"}],"curies":[{"name":"wp","href":"https:\/\/api.w.org\/{rel}","templated":true}]}}