{"id":37749,"date":"2026-04-29T00:02:36","date_gmt":"2026-04-29T00:02:36","guid":{"rendered":"https:\/\/acronoticias.com\/index.php\/2026\/04\/29\/canciller-espanol-anuncia-proceso-de-regularizacion-que-beneficiara-a-dominicanos\/"},"modified":"2026-04-29T00:02:36","modified_gmt":"2026-04-29T00:02:36","slug":"canciller-espanol-anuncia-proceso-de-regularizacion-que-beneficiara-a-dominicanos","status":"publish","type":"post","link":"https:\/\/acronoticias.com\/index.php\/2026\/04\/29\/canciller-espanol-anuncia-proceso-de-regularizacion-que-beneficiara-a-dominicanos\/","title":{"rendered":"Canciller espa\u00f1ol anuncia proceso de regularizaci\u00f3n que beneficiar\u00e1 a dominicanos"},"content":{"rendered":"<p><img loading=\"lazy\" decoding=\"async\" width=\"355\" height=\"200\" src=\"https:\/\/nuevodiario-assets.s3.us-east-2.amazonaws.com\/wp-content\/uploads\/2026\/04\/HHAvLL_aEAAYesD-355x200.jpg\" class=\"webfeedsFeaturedVisual not-transparent wp-post-image\" alt=\"\" style=\"--dominant-color: #a99e94;margin-bottom: 5px;clear:both;max-width: 100%\" data-has-transparency=\"false\" data-dominant-color=\"a99e94\" \/><\/p>\n<p>EL NUEVO DIARIO, SANTO DOMINGO.- El canciller del Reino de Espa\u00f1a, Jos\u00e9 Manuel \u00c1lvarez, anunci\u00f3 este martes que el gobierno espa\u00f1ol pondr\u00e1 en marcha un proceso de regularizaci\u00f3n que beneficiar\u00e1 a dominicanos que ya residen en ese pa\u00eds, a quienes se les reconocer\u00e1n derechos conforme a su situaci\u00f3n.<\/p>\n<p>El anuncio fue realizado durante una conferencia de prensa conjunta con el canciller dominicano, Roberto \u00c1lvarez, en el marco de la visita oficial del diplom\u00e1tico espa\u00f1ol al pa\u00eds.\u00a0\u201cA todos ellos se van a sumar, en pr\u00f3ximas fechas, muchos m\u00e1s, parte del proceso de regularizaci\u00f3n que el Gobierno de Espa\u00f1a acaba de poner en marcha para aquellos dominicanos y dominicanas que ya viven entre nosotros y les vamos a reconocer los derechos que les corresponden\u201d.<\/p>\n<p>El ministro espa\u00f1ol destac\u00f3 adem\u00e1s la integraci\u00f3n de la comunidad dominicana en Espa\u00f1a y su aporte al desarrollo del pa\u00eds europeo.<\/p>\n<p>\u201cEsa proximidad con Rep\u00fablica Dominicana y con los dominicanos y las dominicanas la percibimos diariamente en Espa\u00f1a, con los miles de dominicanos perfectamente integrados en nuestro pa\u00eds, que contribuyen a nuestro desarrollo econ\u00f3mico y social\u201d, afirm\u00f3.<\/p>\n<p>Durante el encuentro, ambos cancilleres reafirmaron el compromiso de fortalecer las relaciones bilaterales, especialmente en \u00e1reas como la cooperaci\u00f3n, el comercio y la inversi\u00f3n, as\u00ed como la acogida rec\u00edproca de sus comunidades en ambos territorios.<\/p>\n<p>En ese contexto, el canciller dominicano, Roberto \u00c1lvarez, valor\u00f3 la presencia de m\u00e1s de 200,000 dominicanos en Espa\u00f1a, se\u00f1alando que se trata de la segunda comunidad m\u00e1s numerosa en el exterior.<\/p>\n<p>Asimismo, Albares subray\u00f3 los v\u00ednculos hist\u00f3ricos entre ambas naciones al indicar que \u201cRep\u00fablica Dominicana siempre ha jugado en equipo, siempre ha construido comunidad iberoamericana y, por lo tanto, ser\u00e1 m\u00e1s que bienvenida a Madrid\u201d.<\/p>\n<p>En el marco de la reuni\u00f3n bilateral, el canciller espa\u00f1ol entreg\u00f3 una invitaci\u00f3n formal al presidente Luis Abinader para participar en la XXX Cumbre Iberoamericana, que se celebrar\u00e1 en Madrid el pr\u00f3ximo mes de noviembre.<\/p>\n<p>Adem\u00e1s, ambos funcionarios abordaron la situaci\u00f3n en Hait\u00ed, reiterando Espa\u00f1a su disposici\u00f3n de contribuir a los esfuerzos internacionales dirigidos a la estabilizaci\u00f3n de ese pa\u00eds.<\/p>\n<p>Destacar que durante el encuentro,\u00a0el canciller Albares entreg\u00f3 al ministro \u00c1lvarez la invitaci\u00f3n formal para la XXX Cumbre Iberoamericana que se celebrar\u00e1 en Madrid en noviembre de este a\u00f1o.<\/p>\n<p>&nbsp;<\/p>\n<p>La entrada <a href=\"https:\/\/elnuevodiario.com.do\/canciller-espanol-anuncia-proceso-de-regularizacion-que-beneficiara-a-dominicanos\/\">Canciller espa\u00f1ol anuncia proceso de regularizaci\u00f3n que beneficiar\u00e1 a dominicanos<\/a> se public\u00f3 primero en <a href=\"https:\/\/elnuevodiario.com.do\">El Nuevo Diario (Rep\u00fablica Dominicana)<\/a>.<\/p>\n","protected":false},"excerpt":{"rendered":"<p>EL NUEVO DIARIO, SANTO DOMINGO.- El canciller del Reino de Espa\u00f1a, Jos\u00e9 Manuel \u00c1lvarez, anunci\u00f3 este martes que el gobierno espa\u00f1ol pondr\u00e1 en marcha un proceso de regularizaci\u00f3n que beneficiar\u00e1 a dominicanos que ya residen en ese pa\u00eds, a quienes se les reconocer\u00e1n derechos conforme a su situaci\u00f3n. El anuncio fue realizado durante una conferencia<\/p>\n","protected":false},"author":1,"featured_media":37750,"comment_status":"open","ping_status":"open","sticky":false,"template":"","format":"standard","meta":{"footnotes":""},"categories":[1],"tags":[],"class_list":["post-37749","post","type-post","status-publish","format-standard","has-post-thumbnail","hentry","category-nacionales"],"_links":{"self":[{"href":"https:\/\/acronoticias.com\/index.php\/wp-json\/wp\/v2\/posts\/37749","targetHints":{"allow":["GET"]}}],"collection":[{"href":"https:\/\/acronoticias.com\/index.php\/wp-json\/wp\/v2\/posts"}],"about":[{"href":"https:\/\/acronoticias.com\/index.php\/wp-json\/wp\/v2\/types\/post"}],"author":[{"embeddable":true,"href":"https:\/\/acronoticias.com\/index.php\/wp-json\/wp\/v2\/users\/1"}],"replies":[{"embeddable":true,"href":"https:\/\/acronoticias.com\/index.php\/wp-json\/wp\/v2\/comments?post=37749"}],"version-history":[{"count":0,"href":"https:\/\/acronoticias.com\/index.php\/wp-json\/wp\/v2\/posts\/37749\/revisions"}],"wp:featuredmedia":[{"embeddable":true,"href":"https:\/\/acronoticias.com\/index.php\/wp-json\/wp\/v2\/media\/37750"}],"wp:attachment":[{"href":"https:\/\/acronoticias.com\/index.php\/wp-json\/wp\/v2\/media?parent=37749"}],"wp:term":[{"taxonomy":"category","embeddable":true,"href":"https:\/\/acronoticias.com\/index.php\/wp-json\/wp\/v2\/categories?post=37749"},{"taxonomy":"post_tag","embeddable":true,"href":"https:\/\/acronoticias.com\/index.php\/wp-json\/wp\/v2\/tags?post=37749"}],"curies":[{"name":"wp","href":"https:\/\/api.w.org\/{rel}","templated":true}]}}