{"id":37743,"date":"2026-04-28T23:39:06","date_gmt":"2026-04-28T23:39:06","guid":{"rendered":"https:\/\/acronoticias.com\/index.php\/2026\/04\/28\/petro-cuestiona-que-el-capitalismo-se-pueda-adaptar-a-un-modo-de-energia-no-fosil\/"},"modified":"2026-04-28T23:39:06","modified_gmt":"2026-04-28T23:39:06","slug":"petro-cuestiona-que-el-capitalismo-se-pueda-adaptar-a-un-modo-de-energia-no-fosil","status":"publish","type":"post","link":"https:\/\/acronoticias.com\/index.php\/2026\/04\/28\/petro-cuestiona-que-el-capitalismo-se-pueda-adaptar-a-un-modo-de-energia-no-fosil\/","title":{"rendered":"Petro cuestiona que el capitalismo se pueda adaptar \u00aba un modo de energ\u00eda no f\u00f3sil\u00bb"},"content":{"rendered":"<p>El presidente de <strong>Colombia<\/strong>, <strong>Gustavo Petro<\/strong>, cuestion\u00f3 este martes que el capitalismo se pueda adaptar \u00aba un modo de energ\u00eda no f\u00f3sil\u00bb e invit\u00f3 a los asistentes de la primera <strong>Conferencia para la Transici\u00f3n m\u00e1s all\u00e1 de los Combustibles F\u00f3siles<\/strong>, en <strong>Santa Marta<\/strong>, a reflexionar sobre el tema.<\/p>\n<ul class=\"wp-block-list\">\n<li>\u00abLlegar\u00e1 un momento en el que el poder detendr\u00e1, de tal manera, la velocidad de la transici\u00f3n con tal de ampliar las ganancias del petr\u00f3leo y el carb\u00f3n (&#8230;) El planteamiento que hay que hacer es si el capitalismo puede adaptarse a un modo de energ\u00eda no f\u00f3sil\u00bb, expres\u00f3 el mandatario, que particip\u00f3 en el segmento de alto nivel de la cumbre celebrada en esa ciudad caribe\u00f1a.<\/li>\n<\/ul>\n<p>A rengl\u00f3n seguido, <strong>Petro<\/strong> agreg\u00f3: \u00abEsta pregunta no la contesto aqu\u00ed; la dejo porque debe ser parte de una reflexi\u00f3n\u00bb.<\/p>\n<p>Entre los asistentes a esta reuni\u00f3n, organizada por <strong>Colombia<\/strong> y <strong>Pa\u00edses Bajos<\/strong>, hay representantes gubernamentales de al menos 56 naciones, as\u00ed como acad\u00e9micos, parlamentarios, sindicatos, ind\u00edgenas, afrodescendientes, ONG, sociedad civil organizada, juventudes, campesinos, parlamentarios, sector privado y banca multilateral.<\/p>\n<figure class=\"wp-block-image size-full\"><img loading=\"lazy\" decoding=\"async\" width=\"300\" height=\"200\" src=\"https:\/\/multimedia.noticiassin.com\/wp-content\/uploads\/2026\/04\/petro-cuestiona-que-el-capitalismo-se-pueda-adaptar-a-un-modo-de-energia-no-fos-20260428-232055-H8Dj.webp\" alt=\"\" class=\"wp-image-1988267\" \/><\/figure>\n<h3 class=\"wp-block-heading\">Acciones para la transici\u00f3n<\/h3>\n<p>En <strong>Santa Marta<\/strong>, las partes dialogan sobre acciones concretas para poner en marcha mecanismos financieros, fiscales, regulatorios y de cooperaci\u00f3n internacional que permitan implementar la transici\u00f3n energ\u00e9tica.<\/p>\n<p>En ese sentido, el mandatario colombiano hizo un llamado \u00aba la unidad de pueblos, no solo de Estados\u00bb <strong>para hacer efectiva la transici\u00f3n energ\u00e9tica.<\/strong><\/p>\n<p>La unidad de Estados fracas\u00f3 en las COP y en la <strong>ONU<\/strong>, porque han ca\u00eddo en la impotencia para resolver la guerra y esta crisis clim\u00e1tica. La <strong>COP30<\/strong> es una demostraci\u00f3n de lo \u00faltimo; las guerras que vemos, una demostraci\u00f3n de lo primero\u00bb, a\u00f1adi\u00f3 <strong>Petro<\/strong>.<\/p>\n<p>En el segmento de alto nivel, adem\u00e1s del mandatario colombiano, participaron la vicepresidenta tercera y ministra para la Transici\u00f3n Ecol\u00f3gica y el Reto Demogr\u00e1fico de <strong>Espa\u00f1a<\/strong>, <strong>Sara Aagesen<\/strong>, y el comisario europeo de Clima, Cero Neto y Crecimiento Limpio, <strong>Wopke Hoekstra<\/strong>.<\/p>\n<h3 class=\"wp-block-heading\">Advertencia de Petro<\/h3>\n<p>El presidente de Colombia, Gustavo Petro, tambi\u00e9n advirti\u00f3 que el ritmo de la transici\u00f3n energ\u00e9tica podr\u00eda verse frenado por intereses econ\u00f3micos ligados a los combustibles f\u00f3siles, se\u00f1alando que la expansi\u00f3n del petr\u00f3leo y el carb\u00f3n sigue siendo un factor de presi\u00f3n sobre los cambios <strong>estructurales que requiere el sistema energ\u00e9tico global.<\/strong><\/p>\n<p> En ese sentido, insisti\u00f3 en la necesidad de abrir un debate profundo sobre los l\u00edmites del modelo actual y <strong>su capacidad de transformarse hacia energ\u00edas limpias.<\/strong><\/p>\n<p>El mandatario hizo estas declaraciones durante la primera Conferencia para la Transici\u00f3n m\u00e1s all\u00e1 de los Combustibles F\u00f3siles, celebrada en Santa Marta, donde representantes de m\u00e1s de 50 pa\u00edses, junto a sectores acad\u00e9micos, sociales y privados, discuten mecanismos de cooperaci\u00f3n <strong>para acelerar la transici\u00f3n energ\u00e9tica.<\/strong><\/p>\n<p>Petro subray\u00f3 adem\u00e1s la importancia de la \u201cunidad de los pueblos\u201d como base para enfrentar tanto la crisis clim\u00e1tica como los conflictos globales, en un llamado a repensar las estrategias<strong> internacionales frente al cambio clim\u00e1tico.<\/strong><\/p>\n","protected":false},"excerpt":{"rendered":"<p>El presidente de Colombia, Gustavo Petro, cuestion\u00f3 este martes que el capitalismo se pueda adaptar \u00aba un modo de energ\u00eda no f\u00f3sil\u00bb e invit\u00f3 a los asistentes de la primera Conferencia para la Transici\u00f3n m\u00e1s all\u00e1 de los Combustibles F\u00f3siles, en Santa Marta, a reflexionar sobre el tema. \u00abLlegar\u00e1 un momento en el que el<\/p>\n","protected":false},"author":1,"featured_media":37744,"comment_status":"open","ping_status":"open","sticky":false,"template":"","format":"standard","meta":{"footnotes":""},"categories":[3],"tags":[],"class_list":["post-37743","post","type-post","status-publish","format-standard","has-post-thumbnail","hentry","category-internacionales"],"_links":{"self":[{"href":"https:\/\/acronoticias.com\/index.php\/wp-json\/wp\/v2\/posts\/37743","targetHints":{"allow":["GET"]}}],"collection":[{"href":"https:\/\/acronoticias.com\/index.php\/wp-json\/wp\/v2\/posts"}],"about":[{"href":"https:\/\/acronoticias.com\/index.php\/wp-json\/wp\/v2\/types\/post"}],"author":[{"embeddable":true,"href":"https:\/\/acronoticias.com\/index.php\/wp-json\/wp\/v2\/users\/1"}],"replies":[{"embeddable":true,"href":"https:\/\/acronoticias.com\/index.php\/wp-json\/wp\/v2\/comments?post=37743"}],"version-history":[{"count":0,"href":"https:\/\/acronoticias.com\/index.php\/wp-json\/wp\/v2\/posts\/37743\/revisions"}],"wp:featuredmedia":[{"embeddable":true,"href":"https:\/\/acronoticias.com\/index.php\/wp-json\/wp\/v2\/media\/37744"}],"wp:attachment":[{"href":"https:\/\/acronoticias.com\/index.php\/wp-json\/wp\/v2\/media?parent=37743"}],"wp:term":[{"taxonomy":"category","embeddable":true,"href":"https:\/\/acronoticias.com\/index.php\/wp-json\/wp\/v2\/categories?post=37743"},{"taxonomy":"post_tag","embeddable":true,"href":"https:\/\/acronoticias.com\/index.php\/wp-json\/wp\/v2\/tags?post=37743"}],"curies":[{"name":"wp","href":"https:\/\/api.w.org\/{rel}","templated":true}]}}