{"id":37739,"date":"2026-04-28T23:14:35","date_gmt":"2026-04-28T23:14:35","guid":{"rendered":"https:\/\/acronoticias.com\/index.php\/2026\/04\/28\/cancilleres-de-rd-y-espana-abordan-crisis-en-haiti-pais-europeo-reitera-respaldo-a-esfuerzos-de-estabilizacion\/"},"modified":"2026-04-28T23:14:35","modified_gmt":"2026-04-28T23:14:35","slug":"cancilleres-de-rd-y-espana-abordan-crisis-en-haiti-pais-europeo-reitera-respaldo-a-esfuerzos-de-estabilizacion","status":"publish","type":"post","link":"https:\/\/acronoticias.com\/index.php\/2026\/04\/28\/cancilleres-de-rd-y-espana-abordan-crisis-en-haiti-pais-europeo-reitera-respaldo-a-esfuerzos-de-estabilizacion\/","title":{"rendered":"Cancilleres de RD y Espa\u00f1a abordan crisis en Hait\u00ed; pa\u00eds europeo reitera respaldo a esfuerzos de estabilizaci\u00f3n"},"content":{"rendered":"<p><img loading=\"lazy\" decoding=\"async\" width=\"355\" height=\"200\" src=\"https:\/\/nuevodiario-assets.s3.us-east-2.amazonaws.com\/wp-content\/uploads\/2026\/04\/HHAtuvsXUAA65bG-355x200.jpg\" class=\"webfeedsFeaturedVisual not-transparent wp-post-image\" alt=\"\" style=\"--dominant-color: #a29481;margin-bottom: 5px;clear:both;max-width: 100%\" data-has-transparency=\"false\" data-dominant-color=\"a29481\" \/><\/p>\n<p>&nbsp;<\/p>\n<p>EL NUEVO DIARIO, SANTO DOMINGO.- El canciller de la Rep\u00fablica Dominicana, Roberto \u00c1lvarez, y su hom\u00f3logo del Reino de Espa\u00f1a, Jos\u00e9 Manuel Albares, abordaron la situaci\u00f3n en Hait\u00ed durante un encuentro bilateral, en el que Espa\u00f1a reiter\u00f3 su disposici\u00f3n de contribuir a los esfuerzos internacionales dirigidos a la estabilizaci\u00f3n de esa naci\u00f3n.<\/p>\n<p>El tema fue tratado en el marco de la visita oficial del diplom\u00e1tico espa\u00f1ol al pa\u00eds, donde ambas partes coincidieron en la importancia de mantener el apoyo de la comunidad internacional ante la crisis haitiana.<\/p>\n<p>Adem\u00e1s del tema haitiano, los funcionarios destacaron el fortalecimiento de las relaciones bilaterales entre Rep\u00fablica Dominicana y Espa\u00f1a, especialmente en \u00e1reas como la cooperaci\u00f3n, el comercio y la inversi\u00f3n.<\/p>\n<p>Durante una conferencia de prensa, \u00c1lvarez valor\u00f3 la acogida de la comunidad dominicana en territorio espa\u00f1ol, se\u00f1alando que m\u00e1s de 200,000 dominicanos residen en ese pa\u00eds, constituyendo la segunda comunidad m\u00e1s numerosa en el exterior.<\/p>\n<p><img loading=\"lazy\" decoding=\"async\" data-recalc-dims=\"1\" data-dominant-color=\"a1968c\" data-has-transparency=\"false\" style=\"--dominant-color: #a1968c\" class=\"alignnone size-full wp-image-3100820 not-transparent\" src=\"https:\/\/i0.wp.com\/nuevodiario-assets.s3.us-east-2.amazonaws.com\/wp-content\/uploads\/2026\/04\/HHAvLMIasAAMHPI.jpg?resize=640%2C360&#038;quality=100&#038;ssl=1\" alt=\"\" width=\"640\" height=\"360\" \/><\/p>\n<p>De su lado, Albares resalt\u00f3 la integraci\u00f3n de los dominicanos en Espa\u00f1a y adelant\u00f3 que m\u00e1s personas podr\u00edan beneficiarse pr\u00f3ximamente de procesos de regularizaci\u00f3n impulsados por el gobierno espa\u00f1ol, con el objetivo de reconocer sus derechos.<\/p>\n<p>En el encuentro, el canciller espa\u00f1ol tambi\u00e9n entreg\u00f3 una invitaci\u00f3n formal al presidente Luis Abinader para participar en la XXX Cumbre Iberoamericana, que se celebrar\u00e1 en Madrid el pr\u00f3ximo mes de noviembre.<\/p>\n<p>&nbsp;<\/p>\n<p>La entrada <a href=\"https:\/\/elnuevodiario.com.do\/cancilleres-de-rd-y-espana-abordan-crisis-en-haiti-pais-europeo-reitera-respaldo-a-esfuerzos-de-estabilizacion\/\">Cancilleres de RD y Espa\u00f1a abordan crisis en Hait\u00ed; pa\u00eds europeo reitera respaldo a esfuerzos de estabilizaci\u00f3n<\/a> se public\u00f3 primero en <a href=\"https:\/\/elnuevodiario.com.do\">El Nuevo Diario (Rep\u00fablica Dominicana)<\/a>.<\/p>\n","protected":false},"excerpt":{"rendered":"<p>&nbsp; EL NUEVO DIARIO, SANTO DOMINGO.- El canciller de la Rep\u00fablica Dominicana, Roberto \u00c1lvarez, y su hom\u00f3logo del Reino de Espa\u00f1a, Jos\u00e9 Manuel Albares, abordaron la situaci\u00f3n en Hait\u00ed durante un encuentro bilateral, en el que Espa\u00f1a reiter\u00f3 su disposici\u00f3n de contribuir a los esfuerzos internacionales dirigidos a la estabilizaci\u00f3n de esa naci\u00f3n. El tema<\/p>\n","protected":false},"author":1,"featured_media":37740,"comment_status":"open","ping_status":"open","sticky":false,"template":"","format":"standard","meta":{"footnotes":""},"categories":[1],"tags":[],"class_list":["post-37739","post","type-post","status-publish","format-standard","has-post-thumbnail","hentry","category-nacionales"],"_links":{"self":[{"href":"https:\/\/acronoticias.com\/index.php\/wp-json\/wp\/v2\/posts\/37739","targetHints":{"allow":["GET"]}}],"collection":[{"href":"https:\/\/acronoticias.com\/index.php\/wp-json\/wp\/v2\/posts"}],"about":[{"href":"https:\/\/acronoticias.com\/index.php\/wp-json\/wp\/v2\/types\/post"}],"author":[{"embeddable":true,"href":"https:\/\/acronoticias.com\/index.php\/wp-json\/wp\/v2\/users\/1"}],"replies":[{"embeddable":true,"href":"https:\/\/acronoticias.com\/index.php\/wp-json\/wp\/v2\/comments?post=37739"}],"version-history":[{"count":0,"href":"https:\/\/acronoticias.com\/index.php\/wp-json\/wp\/v2\/posts\/37739\/revisions"}],"wp:featuredmedia":[{"embeddable":true,"href":"https:\/\/acronoticias.com\/index.php\/wp-json\/wp\/v2\/media\/37740"}],"wp:attachment":[{"href":"https:\/\/acronoticias.com\/index.php\/wp-json\/wp\/v2\/media?parent=37739"}],"wp:term":[{"taxonomy":"category","embeddable":true,"href":"https:\/\/acronoticias.com\/index.php\/wp-json\/wp\/v2\/categories?post=37739"},{"taxonomy":"post_tag","embeddable":true,"href":"https:\/\/acronoticias.com\/index.php\/wp-json\/wp\/v2\/tags?post=37739"}],"curies":[{"name":"wp","href":"https:\/\/api.w.org\/{rel}","templated":true}]}}