{"id":37731,"date":"2026-04-28T22:37:35","date_gmt":"2026-04-28T22:37:35","guid":{"rendered":"https:\/\/acronoticias.com\/index.php\/2026\/04\/28\/decenas-de-personas-en-lisboa-rememoran-el-apagon-con-un-encuentro-offline\/"},"modified":"2026-04-28T22:37:35","modified_gmt":"2026-04-28T22:37:35","slug":"decenas-de-personas-en-lisboa-rememoran-el-apagon-con-un-encuentro-offline","status":"publish","type":"post","link":"https:\/\/acronoticias.com\/index.php\/2026\/04\/28\/decenas-de-personas-en-lisboa-rememoran-el-apagon-con-un-encuentro-offline\/","title":{"rendered":"Decenas de personas en Lisboa rememoran el apag\u00f3n con un encuentro \u2018offline\u2019"},"content":{"rendered":"<p>Lisboa.- Decenas de personas se reunieron este martes en Lisboa para conmemorar el <strong>apag\u00f3n el\u00e9ctrico<\/strong> que hace un a\u00f1o afect\u00f3 a Espa\u00f1a y Portugal, en un encuentro \u201coffline\u201d que busc\u00f3 revivir la <strong>desconexi\u00f3n tecnol\u00f3gica<\/strong> y la conexi\u00f3n humana.<\/p>\n<p>El evento se realiz\u00f3 junto al emblem\u00e1tico <strong>Puente del 25 de abril<\/strong>, donde los participantes extendieron mantas y toallas para compartir juegos, conversaci\u00f3n y comida en un ambiente relajado frente al paisaje del r\u00edo <strong>Tajo<\/strong> y la ciudad de Lisboa al atardecer.<\/p>\n<p>La iniciativa se replic\u00f3 de forma simult\u00e1nea en ciudades como <strong>Madrid, Barcelona y Valencia<\/strong>, como parte de una reflexi\u00f3n colectiva sobre la dependencia digital y la vida cotidiana sin dispositivos electr\u00f3nicos.<\/p>\n<figure class=\"wp-block-image size-full\"><img loading=\"lazy\" decoding=\"async\" width=\"600\" height=\"400\" src=\"https:\/\/multimedia.noticiassin.com\/wp-content\/uploads\/2026\/04\/decenas-de-personas-en-lisboa-rememoran-el-apagon-con-un-encuentro-offline-20260428-220317-qXKS.png\" alt=\"\" class=\"wp-image-1988181\" \/><\/figure>\n<h3 class=\"wp-block-heading\"><strong>Un d\u00eda sin luz, un d\u00eda de conexi\u00f3n<\/strong><\/h3>\n<p>El apag\u00f3n del a\u00f1o pasado dej\u00f3 a la pen\u00ednsula ib\u00e9rica sin suministro el\u00e9ctrico durante horas, obligando a millones de personas a detener sus actividades y adaptarse a una jornada inesperadamente <strong>sin tecnolog\u00eda<\/strong>.<\/p>\n<p>En medio de esa situaci\u00f3n, muchos ciudadanos recuerdan haber vivido momentos de mayor <strong>interacci\u00f3n social<\/strong>, conversaci\u00f3n y cercan\u00eda familiar, alejados de pantallas y notificaciones constantes.<\/p>\n<p>Uno de ellos fue <strong>Manuel<\/strong>, un gestor de proyectos que vivi\u00f3 la experiencia en la ciudad de Viseu, donde destac\u00f3 que el corte de luz permiti\u00f3 compartir tiempo de calidad con su familia y amigos sin distracciones digitales.<\/p>\n<h3 class=\"wp-block-heading\"><strong>La nostalgia de la desconexi\u00f3n digital<\/strong><\/h3>\n<p>Para algunos asistentes, el evento de Lisboa no solo fue una conmemoraci\u00f3n, sino tambi\u00e9n una forma de reivindicar el valor de la <strong>desconexi\u00f3n tecnol\u00f3gica voluntaria<\/strong> en la vida diaria.<\/p>\n<p>Las organizadoras del <strong>Offline Club Lisboa<\/strong>, Lilly y Jo\u00eblle, explicaron que la iniciativa busca promover espacios donde las personas puedan reconectar sin la presencia constante del <strong>tel\u00e9fono m\u00f3vil<\/strong>.<\/p>\n<ul class=\"wp-block-list\">\n<li>Jo\u00eblle record\u00f3 que durante el<strong> apag\u00f3n<\/strong> percibi\u00f3 una ciudad m\u00e1s tranquila, donde la gente conversaba en la calle y compart\u00eda momentos cotidianos sin prisa ni distracciones.<\/li>\n<\/ul>\n<p>Durante el encuentro, los asistentes fueron invitados a apagar sus dispositivos m\u00f3viles para recrear aquella sensaci\u00f3n de <strong>presencia plena<\/strong> y contacto humano directo.<\/p>\n<p>Otra de las an\u00e9cdotas recordadas fue la posibilidad de observar las <strong>estrellas sin contaminaci\u00f3n lum\u00ednica<\/strong>, un momento que simboliz\u00f3 para muchos la belleza de un mundo temporalmente desconectado de la electricidad.<\/p>\n","protected":false},"excerpt":{"rendered":"<p>Lisboa.- Decenas de personas se reunieron este martes en Lisboa para conmemorar el apag\u00f3n el\u00e9ctrico que hace un a\u00f1o afect\u00f3 a Espa\u00f1a y Portugal, en un encuentro \u201coffline\u201d que busc\u00f3 revivir la desconexi\u00f3n tecnol\u00f3gica y la conexi\u00f3n humana. El evento se realiz\u00f3 junto al emblem\u00e1tico Puente del 25 de abril, donde los participantes extendieron mantas<\/p>\n","protected":false},"author":1,"featured_media":37732,"comment_status":"open","ping_status":"open","sticky":false,"template":"","format":"standard","meta":{"footnotes":""},"categories":[3],"tags":[],"class_list":["post-37731","post","type-post","status-publish","format-standard","has-post-thumbnail","hentry","category-internacionales"],"_links":{"self":[{"href":"https:\/\/acronoticias.com\/index.php\/wp-json\/wp\/v2\/posts\/37731","targetHints":{"allow":["GET"]}}],"collection":[{"href":"https:\/\/acronoticias.com\/index.php\/wp-json\/wp\/v2\/posts"}],"about":[{"href":"https:\/\/acronoticias.com\/index.php\/wp-json\/wp\/v2\/types\/post"}],"author":[{"embeddable":true,"href":"https:\/\/acronoticias.com\/index.php\/wp-json\/wp\/v2\/users\/1"}],"replies":[{"embeddable":true,"href":"https:\/\/acronoticias.com\/index.php\/wp-json\/wp\/v2\/comments?post=37731"}],"version-history":[{"count":0,"href":"https:\/\/acronoticias.com\/index.php\/wp-json\/wp\/v2\/posts\/37731\/revisions"}],"wp:featuredmedia":[{"embeddable":true,"href":"https:\/\/acronoticias.com\/index.php\/wp-json\/wp\/v2\/media\/37732"}],"wp:attachment":[{"href":"https:\/\/acronoticias.com\/index.php\/wp-json\/wp\/v2\/media?parent=37731"}],"wp:term":[{"taxonomy":"category","embeddable":true,"href":"https:\/\/acronoticias.com\/index.php\/wp-json\/wp\/v2\/categories?post=37731"},{"taxonomy":"post_tag","embeddable":true,"href":"https:\/\/acronoticias.com\/index.php\/wp-json\/wp\/v2\/tags?post=37731"}],"curies":[{"name":"wp","href":"https:\/\/api.w.org\/{rel}","templated":true}]}}