{"id":37727,"date":"2026-04-28T22:09:42","date_gmt":"2026-04-28T22:09:42","guid":{"rendered":"https:\/\/acronoticias.com\/index.php\/2026\/04\/28\/inafocam-e-itla-fortalecen-la-evaluacion-e-investigacion-educativa-mediante-convenio-de-interoperabilidad-tecnologica\/"},"modified":"2026-04-28T22:09:42","modified_gmt":"2026-04-28T22:09:42","slug":"inafocam-e-itla-fortalecen-la-evaluacion-e-investigacion-educativa-mediante-convenio-de-interoperabilidad-tecnologica","status":"publish","type":"post","link":"https:\/\/acronoticias.com\/index.php\/2026\/04\/28\/inafocam-e-itla-fortalecen-la-evaluacion-e-investigacion-educativa-mediante-convenio-de-interoperabilidad-tecnologica\/","title":{"rendered":"Inafocam e ITLA fortalecen la evaluaci\u00f3n e investigaci\u00f3n educativa mediante convenio de interoperabilidad tecnol\u00f3gica"},"content":{"rendered":"<p><img loading=\"lazy\" decoding=\"async\" width=\"355\" height=\"200\" src=\"https:\/\/nuevodiario-assets.s3.us-east-2.amazonaws.com\/wp-content\/uploads\/2026\/04\/Inafocam-e-ITLA-fortalecen-la-evaluacion-e-investigacion-educativa-mediante-convenio-de-interoperabilidad-tecnologica-2-355x200.jpg\" class=\"webfeedsFeaturedVisual not-transparent wp-post-image\" alt=\"\" style=\"--dominant-color: #8294a0;margin-bottom: 5px;clear:both;max-width: 100%\" data-has-transparency=\"false\" data-dominant-color=\"8294a0\" \/><\/p>\n<p>EL NUEVO DIARIO, SANTO DOMINGO.- El Instituto Nacional de Formaci\u00f3n y Capacitaci\u00f3n del Magisterio (Inafocam) y el Instituto Tecnol\u00f3gico de las Am\u00e9ricas (ITLA) suscribieron un convenio espec\u00edfico de colaboraci\u00f3n con el prop\u00f3sito de fortalecer los procesos de evaluaci\u00f3n, investigaci\u00f3n y gesti\u00f3n documental, a trav\u00e9s de la implementaci\u00f3n de soluciones tecnol\u00f3gicas orientadas a la interoperabilidad institucional.<\/p>\n<p>El acto de firma fue encabezado por el rector del ITLA, Ing. Jimmy Rosario Bernard, y la directora ejecutiva de INAFOCAM, Siullin Joa Le\u00f3n, quienes coincidieron en destacar la relevancia de esta alianza estrat\u00e9gica para la consolidaci\u00f3n de capacidades institucionales y el fortalecimiento de la gesti\u00f3n basada en evidencia.<\/p>\n<p>\u201cEl ITLA reafirma su compromiso con el desarrollo de soluciones tecnol\u00f3gicas aplicadas al \u00e1mbito educativo, promoviendo la integraci\u00f3n de sistemas que contribuyan a una gesti\u00f3n m\u00e1s eficiente y a la toma de decisiones informadas\u201d, expres\u00f3 el rector Rosario Bernard.<img loading=\"lazy\" decoding=\"async\" data-recalc-dims=\"1\" data-dominant-color=\"8294a0\" data-has-transparency=\"false\" style=\"--dominant-color: #8294a0\" class=\"alignnone size-full wp-image-3100746 not-transparent\" src=\"https:\/\/i0.wp.com\/nuevodiario-assets.s3.us-east-2.amazonaws.com\/wp-content\/uploads\/2026\/04\/Inafocam-e-ITLA-fortalecen-la-evaluacion-e-investigacion-educativa-mediante-convenio-de-interoperabilidad-tecnologica-2.jpg?resize=640%2C427&#038;quality=100&#038;ssl=1\" alt=\"\" width=\"640\" height=\"427\" \/><\/p>\n<p>De su lado, la directora ejecutiva de Inafocam se\u00f1al\u00f3 que \u201ceste acuerdo representa un avance significativo en el fortalecimiento de los procesos de evaluaci\u00f3n e investigaci\u00f3n educativa, incorporando herramientas que permitir\u00e1n optimizar la gesti\u00f3n documental y la generaci\u00f3n de evidencia para la mejora continua del sistema educativo\u201d.<br \/>\nComo parte del convenio, ambas instituciones incorporar\u00e1n el uso de la plataforma UltiCabinet\u00ae\ufe0f en proyectos de evaluaci\u00f3n e investigaci\u00f3n educativa, con el prop\u00f3sito de fortalecer la organizaci\u00f3n, el resguardo y la trazabilidad de la documentaci\u00f3n t\u00e9cnica generada en el marco de las iniciativas conjuntas.<\/p>\n<p>El acuerdo contempla, adem\u00e1s, la implementaci\u00f3n de un componente t\u00e9cnico especializado que incluye la habilitaci\u00f3n de la plataforma, la capacitaci\u00f3n del personal del ITLA en su uso y su integraci\u00f3n a los flujos documentales y repositorios digitales vinculados a procesos de evaluaci\u00f3n, monitoreo, investigaci\u00f3n y sistematizaci\u00f3n.<\/p>\n<p>Asimismo, se establece un esquema de acompa\u00f1amiento t\u00e9cnico durante la fase de implementaci\u00f3n, junto con mecanismos de seguimiento y evaluaci\u00f3n orientados a medir el impacto de la herramienta en la producci\u00f3n de informes t\u00e9cnicos y en el fortalecimiento de las pol\u00edticas p\u00fablicas educativas.<\/p>\n<p>Entre los principales \u00e1mbitos de acci\u00f3n del convenio se destacan la formaci\u00f3n continua del personal en gesti\u00f3n documental y herramientas digitales, el acompa\u00f1amiento t\u00e9cnico especializado, el monitoreo y evaluaci\u00f3n de procesos, y el impulso de la transformaci\u00f3n digital institucional.<\/p>\n<p>Mediante esta iniciativa, Inafocam y el ITLA reafirman su compromiso con la innovaci\u00f3n, la modernizaci\u00f3n de la gesti\u00f3n p\u00fablica y el fortalecimiento del sistema educativo dominicano, en consonancia con las prioridades nacionales de desarrollo.<\/p>\n<p>La entrada <a href=\"https:\/\/elnuevodiario.com.do\/inafocam-e-itla-fortalecen-la-evaluacion-e-investigacion-educativa-mediante-convenio-de-interoperabilidad-tecnologica\/\">Inafocam e ITLA fortalecen la evaluaci\u00f3n e investigaci\u00f3n educativa mediante convenio de interoperabilidad tecnol\u00f3gica<\/a> se public\u00f3 primero en <a href=\"https:\/\/elnuevodiario.com.do\">El Nuevo Diario (Rep\u00fablica Dominicana)<\/a>.<\/p>\n","protected":false},"excerpt":{"rendered":"<p>EL NUEVO DIARIO, SANTO DOMINGO.- El Instituto Nacional de Formaci\u00f3n y Capacitaci\u00f3n del Magisterio (Inafocam) y el Instituto Tecnol\u00f3gico de las Am\u00e9ricas (ITLA) suscribieron un convenio espec\u00edfico de colaboraci\u00f3n con el prop\u00f3sito de fortalecer los procesos de evaluaci\u00f3n, investigaci\u00f3n y gesti\u00f3n documental, a trav\u00e9s de la implementaci\u00f3n de soluciones tecnol\u00f3gicas orientadas a la interoperabilidad institucional.<\/p>\n","protected":false},"author":1,"featured_media":37728,"comment_status":"open","ping_status":"open","sticky":false,"template":"","format":"standard","meta":{"footnotes":""},"categories":[1],"tags":[],"class_list":["post-37727","post","type-post","status-publish","format-standard","has-post-thumbnail","hentry","category-nacionales"],"_links":{"self":[{"href":"https:\/\/acronoticias.com\/index.php\/wp-json\/wp\/v2\/posts\/37727","targetHints":{"allow":["GET"]}}],"collection":[{"href":"https:\/\/acronoticias.com\/index.php\/wp-json\/wp\/v2\/posts"}],"about":[{"href":"https:\/\/acronoticias.com\/index.php\/wp-json\/wp\/v2\/types\/post"}],"author":[{"embeddable":true,"href":"https:\/\/acronoticias.com\/index.php\/wp-json\/wp\/v2\/users\/1"}],"replies":[{"embeddable":true,"href":"https:\/\/acronoticias.com\/index.php\/wp-json\/wp\/v2\/comments?post=37727"}],"version-history":[{"count":0,"href":"https:\/\/acronoticias.com\/index.php\/wp-json\/wp\/v2\/posts\/37727\/revisions"}],"wp:featuredmedia":[{"embeddable":true,"href":"https:\/\/acronoticias.com\/index.php\/wp-json\/wp\/v2\/media\/37728"}],"wp:attachment":[{"href":"https:\/\/acronoticias.com\/index.php\/wp-json\/wp\/v2\/media?parent=37727"}],"wp:term":[{"taxonomy":"category","embeddable":true,"href":"https:\/\/acronoticias.com\/index.php\/wp-json\/wp\/v2\/categories?post=37727"},{"taxonomy":"post_tag","embeddable":true,"href":"https:\/\/acronoticias.com\/index.php\/wp-json\/wp\/v2\/tags?post=37727"}],"curies":[{"name":"wp","href":"https:\/\/api.w.org\/{rel}","templated":true}]}}