{"id":37721,"date":"2026-04-28T21:37:55","date_gmt":"2026-04-28T21:37:55","guid":{"rendered":"https:\/\/acronoticias.com\/index.php\/2026\/04\/28\/ito-bisono-presenta-proyecto-vial-y-urbano-en-los-praditos-con-inversion-de-rd150-millones\/"},"modified":"2026-04-28T21:37:55","modified_gmt":"2026-04-28T21:37:55","slug":"ito-bisono-presenta-proyecto-vial-y-urbano-en-los-praditos-con-inversion-de-rd150-millones","status":"publish","type":"post","link":"https:\/\/acronoticias.com\/index.php\/2026\/04\/28\/ito-bisono-presenta-proyecto-vial-y-urbano-en-los-praditos-con-inversion-de-rd150-millones\/","title":{"rendered":"Ito Bison\u00f3 presenta proyecto vial y urbano en Los Praditos con inversi\u00f3n de RD$150 millones"},"content":{"rendered":"<p><img decoding=\"async\" width=\"355\" height=\"200\" src=\"https:\/\/nuevodiario-assets.s3.us-east-2.amazonaws.com\/wp-content\/uploads\/2026\/04\/to-Bisono-presenta-proyecto-vial-y-urbano-en-Los-Praditos-con-inversion-de-RD150-millones-5-355x200.jpeg\" class=\"webfeedsFeaturedVisual not-transparent wp-post-image\" alt=\"\" style=\"--dominant-color: #adaaa2;margin-bottom: 5px;clear:both;max-width: 100%\" loading=\"lazy\" data-has-transparency=\"false\" data-dominant-color=\"adaaa2\" \/><\/p>\n<p data-start=\"130\" data-end=\"432\">EL NUEVO DIARIO, SANTO DOMINGO.-El ministro de Vivienda, H\u00e1bitat y Edificaciones (Mivhed), <span class=\"hover:entity-accent entity-underline inline cursor-pointer align-baseline\"><span class=\"whitespace-normal\">V\u00edctor -Ito- Bison\u00f3<\/span><\/span>, present\u00f3 este martes un proyecto de integraci\u00f3n vial y urbana en el sector Los Praditos, en el Distrito Nacional, con el objetivo de mejorar la movilidad, recuperar espacios p\u00fablicos y elevar la calidad de vida de sus residentes.<\/p>\n<section class=\"text-token-text-primary w-full focus:outline-none [--shadow-height:45px] has-data-writing-block:pointer-events-none has-data-writing-block:-mt-(--shadow-height) has-data-writing-block:pt-(--shadow-height) [&amp;:has([data-writing-block])&gt;*]:pointer-events-auto [content-visibility:auto] supports-[content-visibility:auto]:[contain-intrinsic-size:auto_100lvh] R6Vx5W_threadScrollVars scroll-mb-[calc(var(--scroll-root-safe-area-inset-bottom,0px)+var(--thread-response-height))] scroll-mt-[calc(var(--header-height)+min(200px,max(70px,20svh)))]\" dir=\"auto\" data-turn-id=\"request-WEB:af671d31-d082-4f30-97b8-026eb45ec09a-5\" data-testid=\"conversation-turn-12\" data-scroll-anchor=\"false\" data-turn=\"assistant\">\n<div class=\"text-base my-auto mx-auto pb-10 [--thread-content-margin:var(--thread-content-margin-xs,calc(var(--spacing)*4))] @w-sm\/main:[--thread-content-margin:var(--thread-content-margin-sm,calc(var(--spacing)*6))] @w-lg\/main:[--thread-content-margin:var(--thread-content-margin-lg,calc(var(--spacing)*16))] px-(--thread-content-margin)\">\n<div class=\"[--thread-content-max-width:40rem] @w-lg\/main:[--thread-content-max-width:48rem] mx-auto max-w-(--thread-content-max-width) flex-1 group\/turn-messages focus-visible:outline-hidden relative flex w-full min-w-0 flex-col agent-turn\">\n<div class=\"flex max-w-full flex-col gap-4 grow\">\n<div class=\"min-h-8 text-message relative flex w-full flex-col items-end gap-2 text-start break-words whitespace-normal outline-none keyboard-focused:focus-ring [.text-message+&amp;]:mt-1\" dir=\"auto\" data-message-author-role=\"assistant\" data-message-id=\"9e85410b-00e5-4acb-9c2e-49b7f3a527f4\" data-message-model-slug=\"gpt-5-3\" data-turn-start-message=\"true\">\n<div class=\"flex w-full flex-col gap-1 empty:hidden\">\n<div class=\"markdown prose dark:prose-invert w-full wrap-break-word light markdown-new-styling\">\n<p data-start=\"422\" data-end=\"618\">La iniciativa contempla una inversi\u00f3n total de RD$150 millones y tendr\u00e1 una duraci\u00f3n estimada de 18 meses, tras haber iniciado en febrero, para concluir las intervenciones en las calles 6, 9 y 11.<\/p>\n<p data-start=\"620\" data-end=\"868\">El proyecto fue encabezado por Bison\u00f3, quien explic\u00f3 que se trata de una soluci\u00f3n estructural a una problem\u00e1tica acumulada durante d\u00e9cadas, producto del crecimiento progresivo que impact\u00f3 la organizaci\u00f3n vial y el uso del espacio urbano en la zona.<\/p>\n<p><a href=\"https:\/\/elnuevodiario.com.do\/ito-bisono-presenta-proyecto-vial-y-urbano-en-los-praditos-con-inversion-de-rd150-millones\/to-bisono-presenta-proyecto-vial-y-urbano-en-los-praditos-con-inversion-de-rd150-millones-9\/\"><img loading=\"lazy\" decoding=\"async\" data-recalc-dims=\"1\" width=\"640\" height=\"427\" src=\"https:\/\/i0.wp.com\/nuevodiario-assets.s3.us-east-2.amazonaws.com\/wp-content\/uploads\/2026\/04\/to-Bisono-presenta-proyecto-vial-y-urbano-en-Los-Praditos-con-inversion-de-RD150-millones-9.jpeg?resize=640%2C427&#038;quality=100&#038;ssl=1\" class=\"attachment-full size-full not-transparent\" alt=\"\" data-has-transparency=\"false\" data-dominant-color=\"8c989e\" style=\"--dominant-color: #8c989e\" \/><\/a><br \/>\n<a href=\"https:\/\/elnuevodiario.com.do\/ito-bisono-presenta-proyecto-vial-y-urbano-en-los-praditos-con-inversion-de-rd150-millones\/to-bisono-presenta-proyecto-vial-y-urbano-en-los-praditos-con-inversion-de-rd150-millones-10\/\"><img loading=\"lazy\" decoding=\"async\" data-recalc-dims=\"1\" width=\"640\" height=\"427\" src=\"https:\/\/i0.wp.com\/nuevodiario-assets.s3.us-east-2.amazonaws.com\/wp-content\/uploads\/2026\/04\/to-Bisono-presenta-proyecto-vial-y-urbano-en-Los-Praditos-con-inversion-de-RD150-millones-10.jpeg?resize=640%2C427&#038;quality=100&#038;ssl=1\" class=\"attachment-full size-full not-transparent\" alt=\"\" data-has-transparency=\"false\" data-dominant-color=\"5b5a55\" style=\"--dominant-color: #5b5a55\" \/><\/a><br \/>\n<a href=\"https:\/\/elnuevodiario.com.do\/ito-bisono-presenta-proyecto-vial-y-urbano-en-los-praditos-con-inversion-de-rd150-millones\/to-bisono-presenta-proyecto-vial-y-urbano-en-los-praditos-con-inversion-de-rd150-millones-1\/\"><img decoding=\"async\" data-recalc-dims=\"1\" loading=\"lazy\" width=\"640\" height=\"427\" src=\"https:\/\/i0.wp.com\/nuevodiario-assets.s3.us-east-2.amazonaws.com\/wp-content\/uploads\/2026\/04\/to-Bisono-presenta-proyecto-vial-y-urbano-en-Los-Praditos-con-inversion-de-RD150-millones-1.jpeg?resize=640%2C427&#038;quality=100&#038;ssl=1\" class=\"attachment-full size-full not-transparent\" alt=\"\" data-has-transparency=\"false\" data-dominant-color=\"7c7365\" style=\"--dominant-color: #7c7365\" \/><\/a><\/p>\n<p data-start=\"870\" data-end=\"1226\">\u201cEste proyecto representa un paso firme para corregir una situaci\u00f3n que se ha desarrollado durante m\u00e1s de 50 a\u00f1os y que hoy limita la movilidad y el acceso en este sector. Aqu\u00ed estamos recuperando espacios para la gente y garantizando que servicios esenciales, como ambulancias o unidades de emergencia, puedan acceder sin dificultad\u201d, expres\u00f3 el ministro.<\/p>\n<p data-start=\"1228\" data-end=\"1456\">Asimismo, destac\u00f3 el impacto social de la intervenci\u00f3n. \u201cNo solo estamos mejorando calles, estamos mejorando la vida de la gente. Estamos creando condiciones para un entorno m\u00e1s digno, m\u00e1s seguro y funcional para todos\u201d, agreg\u00f3.<\/p>\n<p data-start=\"1458\" data-end=\"1696\">En la actividad tambi\u00e9n particip\u00f3 la alcaldesa del Distrito Nacional, <span class=\"hover:entity-accent entity-underline inline cursor-pointer align-baseline\"><span class=\"whitespace-normal\">Carolina Mej\u00eda<\/span><\/span>, quien afirm\u00f3 que la conectividad tendr\u00e1 efectos positivos en la calidad de vida, los accesos y el dinamismo comercial del sector.<\/p>\n<p data-start=\"1698\" data-end=\"1974\">\u201cEsta conectividad mejora la calidad de vida y en los accesos, as\u00ed como en lo que respecta a una mejora comercial; adem\u00e1s, el impacto urbano redunda en bienestar de nuestra gente\u201d, indic\u00f3. Tambi\u00e9n valor\u00f3 la rapidez en la ejecuci\u00f3n de los proyectos impulsados desde la gesti\u00f3n.<\/p>\n<p><a href=\"https:\/\/elnuevodiario.com.do\/ito-bisono-presenta-proyecto-vial-y-urbano-en-los-praditos-con-inversion-de-rd150-millones\/to-bisono-presenta-proyecto-vial-y-urbano-en-los-praditos-con-inversion-de-rd150-millones-2\/\"><img decoding=\"async\" data-recalc-dims=\"1\" loading=\"lazy\" width=\"640\" height=\"959\" src=\"https:\/\/i0.wp.com\/nuevodiario-assets.s3.us-east-2.amazonaws.com\/wp-content\/uploads\/2026\/04\/to-Bisono-presenta-proyecto-vial-y-urbano-en-Los-Praditos-con-inversion-de-RD150-millones-2.jpeg?resize=640%2C959&#038;quality=100&#038;ssl=1\" class=\"attachment-full size-full not-transparent\" alt=\"\" data-has-transparency=\"false\" data-dominant-color=\"a8acad\" style=\"--dominant-color: #a8acad\" \/><\/a><br \/>\n<a href=\"https:\/\/elnuevodiario.com.do\/ito-bisono-presenta-proyecto-vial-y-urbano-en-los-praditos-con-inversion-de-rd150-millones\/to-bisono-presenta-proyecto-vial-y-urbano-en-los-praditos-con-inversion-de-rd150-millones-3\/\"><img decoding=\"async\" data-recalc-dims=\"1\" loading=\"lazy\" width=\"640\" height=\"959\" src=\"https:\/\/i0.wp.com\/nuevodiario-assets.s3.us-east-2.amazonaws.com\/wp-content\/uploads\/2026\/04\/to-Bisono-presenta-proyecto-vial-y-urbano-en-Los-Praditos-con-inversion-de-RD150-millones-3.jpeg?resize=640%2C959&#038;quality=100&#038;ssl=1\" class=\"attachment-full size-full not-transparent\" alt=\"\" data-has-transparency=\"false\" data-dominant-color=\"b6b2a7\" style=\"--dominant-color: #b6b2a7\" \/><\/a><br \/>\n<a href=\"https:\/\/elnuevodiario.com.do\/ito-bisono-presenta-proyecto-vial-y-urbano-en-los-praditos-con-inversion-de-rd150-millones\/to-bisono-presenta-proyecto-vial-y-urbano-en-los-praditos-con-inversion-de-rd150-millones-4\/\"><img decoding=\"async\" data-recalc-dims=\"1\" loading=\"lazy\" width=\"640\" height=\"959\" src=\"https:\/\/i0.wp.com\/nuevodiario-assets.s3.us-east-2.amazonaws.com\/wp-content\/uploads\/2026\/04\/to-Bisono-presenta-proyecto-vial-y-urbano-en-Los-Praditos-con-inversion-de-RD150-millones-4.jpeg?resize=640%2C959&#038;quality=100&#038;ssl=1\" class=\"attachment-full size-full not-transparent\" alt=\"\" data-has-transparency=\"false\" data-dominant-color=\"6f6d70\" style=\"--dominant-color: #6f6d70\" \/><\/a><\/p>\n<p data-start=\"1976\" data-end=\"2007\"><strong data-start=\"1976\" data-end=\"2007\">Mejoras en la conexi\u00f3n vial<\/strong><\/p>\n<p data-start=\"2009\" data-end=\"2227\">El plan contempla la unificaci\u00f3n y ampliaci\u00f3n de las calles 9 y 11, lo que permitir\u00e1 conectar la avenida Olof Palme con la calle Heriberto N\u00fa\u00f1ez, creando nuevos ejes que mejorar\u00e1n significativamente el flujo vehicular.<\/p>\n<p data-start=\"2229\" data-end=\"2437\">Los trabajos ya han iniciado en estas v\u00edas como parte de la primera fase. Asimismo, se incluye la ampliaci\u00f3n y extensi\u00f3n de la calle 6, que facilitar\u00e1 nuevas conexiones internas hacia la calle Doctor Defill\u00f3.<\/p>\n<p data-start=\"2439\" data-end=\"2648\">Adem\u00e1s de la mejora vial, el proyecto incorpora la construcci\u00f3n de aceras seguras, iluminaci\u00f3n LED, parques lineales, \u00e1reas verdes, parqueos p\u00fablicos, as\u00ed como intervenciones de paisajismo y mobiliario urbano.<\/p>\n<p><a href=\"https:\/\/elnuevodiario.com.do\/ito-bisono-presenta-proyecto-vial-y-urbano-en-los-praditos-con-inversion-de-rd150-millones\/to-bisono-presenta-proyecto-vial-y-urbano-en-los-praditos-con-inversion-de-rd150-millones-6\/\"><img decoding=\"async\" data-recalc-dims=\"1\" loading=\"lazy\" width=\"640\" height=\"959\" src=\"https:\/\/i0.wp.com\/nuevodiario-assets.s3.us-east-2.amazonaws.com\/wp-content\/uploads\/2026\/04\/to-Bisono-presenta-proyecto-vial-y-urbano-en-Los-Praditos-con-inversion-de-RD150-millones-6.jpeg?resize=640%2C959&#038;quality=100&#038;ssl=1\" class=\"attachment-full size-full not-transparent\" alt=\"\" data-has-transparency=\"false\" data-dominant-color=\"7b7973\" style=\"--dominant-color: #7b7973\" \/><\/a><br \/>\n<a href=\"https:\/\/elnuevodiario.com.do\/ito-bisono-presenta-proyecto-vial-y-urbano-en-los-praditos-con-inversion-de-rd150-millones\/to-bisono-presenta-proyecto-vial-y-urbano-en-los-praditos-con-inversion-de-rd150-millones-7\/\"><img decoding=\"async\" data-recalc-dims=\"1\" loading=\"lazy\" width=\"640\" height=\"959\" src=\"https:\/\/i0.wp.com\/nuevodiario-assets.s3.us-east-2.amazonaws.com\/wp-content\/uploads\/2026\/04\/to-Bisono-presenta-proyecto-vial-y-urbano-en-Los-Praditos-con-inversion-de-RD150-millones-7.jpeg?resize=640%2C959&#038;quality=100&#038;ssl=1\" class=\"attachment-full size-full not-transparent\" alt=\"\" data-has-transparency=\"false\" data-dominant-color=\"413937\" style=\"--dominant-color: #413937\" \/><\/a><br \/>\n<a href=\"https:\/\/elnuevodiario.com.do\/ito-bisono-presenta-proyecto-vial-y-urbano-en-los-praditos-con-inversion-de-rd150-millones\/to-bisono-presenta-proyecto-vial-y-urbano-en-los-praditos-con-inversion-de-rd150-millones-8\/\"><img decoding=\"async\" data-recalc-dims=\"1\" loading=\"lazy\" width=\"640\" height=\"959\" src=\"https:\/\/i0.wp.com\/nuevodiario-assets.s3.us-east-2.amazonaws.com\/wp-content\/uploads\/2026\/04\/to-Bisono-presenta-proyecto-vial-y-urbano-en-Los-Praditos-con-inversion-de-RD150-millones-8.jpeg?resize=640%2C959&#038;quality=100&#038;ssl=1\" class=\"attachment-full size-full not-transparent\" alt=\"\" data-has-transparency=\"false\" data-dominant-color=\"b5b2ab\" style=\"--dominant-color: #b5b2ab\" \/><\/a><\/p>\n<p data-start=\"2650\" data-end=\"2691\"><strong data-start=\"2650\" data-end=\"2691\">Ejecuci\u00f3n y participaci\u00f3n comunitaria<\/strong><\/p>\n<p data-start=\"2693\" data-end=\"2875\">El ministro explic\u00f3 que el proyecto se desarrolla bajo un enfoque participativo, en coordinaci\u00f3n con la comunidad y basado en acuerdos que han permitido avanzar de manera organizada.<\/p>\n<p data-start=\"2877\" data-end=\"3096\">Indic\u00f3 que las intervenciones ya se encuentran en ejecuci\u00f3n, espec\u00edficamente en las calles 9 y 11, mientras que las demoliciones se realizan de forma progresiva, priorizando estructuras donde se han alcanzado consensos.<\/p>\n<p data-start=\"3098\" data-end=\"3267\">Asimismo, asegur\u00f3 que se mantendr\u00e1 un acompa\u00f1amiento permanente con los residentes durante todo el proceso, garantizando informaci\u00f3n continua y seguimiento a cada etapa.<\/p>\n<p data-start=\"3269\" data-end=\"3302\"><strong data-start=\"3269\" data-end=\"3302\">Impacto en la calidad de vida<\/strong><\/p>\n<p data-start=\"3304\" data-end=\"3461\">La intervenci\u00f3n permitir\u00e1 mejorar significativamente la circulaci\u00f3n vehicular, crear nuevas conexiones internas y recuperar espacios para el uso comunitario.<\/p>\n<p data-start=\"3463\" data-end=\"3733\" data-is-last-node=\"\" data-is-only-node=\"\">Con este proyecto, el Mivhed busca transformar el entorno urbano en un espacio m\u00e1s accesible, organizado y seguro, beneficiando tanto a los residentes como a zonas aleda\u00f1as, y reafirmando su compromiso con el desarrollo de una ciudad m\u00e1s ordenada, conectada y funcional.<\/p>\n<\/div>\n<\/div>\n<\/div>\n<\/div>\n<div class=\"z-0 flex min-h-[46px] justify-start\"><\/div>\n<div class=\"mt-3 w-full empty:hidden\">\n<div class=\"text-center\"><\/div>\n<\/div>\n<\/div>\n<\/div>\n<\/section>\n<div class=\"pointer-events-none -mt-px h-px translate-y-[calc(var(--scroll-root-safe-area-inset-bottom)-14*var(--spacing))]\" aria-hidden=\"true\"><\/div>\n<p>La entrada <a href=\"https:\/\/elnuevodiario.com.do\/ito-bisono-presenta-proyecto-vial-y-urbano-en-los-praditos-con-inversion-de-rd150-millones\/\">Ito Bison\u00f3 presenta proyecto vial y urbano en Los Praditos con inversi\u00f3n de RD$150 millones<\/a> se public\u00f3 primero en <a href=\"https:\/\/elnuevodiario.com.do\">El Nuevo Diario (Rep\u00fablica Dominicana)<\/a>.<\/p>\n","protected":false},"excerpt":{"rendered":"<p>EL NUEVO DIARIO, SANTO DOMINGO.-El ministro de Vivienda, H\u00e1bitat y Edificaciones (Mivhed), V\u00edctor -Ito- Bison\u00f3, present\u00f3 este martes un proyecto de integraci\u00f3n vial y urbana en el sector Los Praditos, en el Distrito Nacional, con el objetivo de mejorar la movilidad, recuperar espacios p\u00fablicos y elevar la calidad de vida de sus residentes. La iniciativa<\/p>\n","protected":false},"author":1,"featured_media":37722,"comment_status":"open","ping_status":"open","sticky":false,"template":"","format":"standard","meta":{"footnotes":""},"categories":[1],"tags":[],"class_list":["post-37721","post","type-post","status-publish","format-standard","has-post-thumbnail","hentry","category-nacionales"],"_links":{"self":[{"href":"https:\/\/acronoticias.com\/index.php\/wp-json\/wp\/v2\/posts\/37721","targetHints":{"allow":["GET"]}}],"collection":[{"href":"https:\/\/acronoticias.com\/index.php\/wp-json\/wp\/v2\/posts"}],"about":[{"href":"https:\/\/acronoticias.com\/index.php\/wp-json\/wp\/v2\/types\/post"}],"author":[{"embeddable":true,"href":"https:\/\/acronoticias.com\/index.php\/wp-json\/wp\/v2\/users\/1"}],"replies":[{"embeddable":true,"href":"https:\/\/acronoticias.com\/index.php\/wp-json\/wp\/v2\/comments?post=37721"}],"version-history":[{"count":0,"href":"https:\/\/acronoticias.com\/index.php\/wp-json\/wp\/v2\/posts\/37721\/revisions"}],"wp:featuredmedia":[{"embeddable":true,"href":"https:\/\/acronoticias.com\/index.php\/wp-json\/wp\/v2\/media\/37722"}],"wp:attachment":[{"href":"https:\/\/acronoticias.com\/index.php\/wp-json\/wp\/v2\/media?parent=37721"}],"wp:term":[{"taxonomy":"category","embeddable":true,"href":"https:\/\/acronoticias.com\/index.php\/wp-json\/wp\/v2\/categories?post=37721"},{"taxonomy":"post_tag","embeddable":true,"href":"https:\/\/acronoticias.com\/index.php\/wp-json\/wp\/v2\/tags?post=37721"}],"curies":[{"name":"wp","href":"https:\/\/api.w.org\/{rel}","templated":true}]}}