{"id":37719,"date":"2026-04-28T21:36:35","date_gmt":"2026-04-28T21:36:35","guid":{"rendered":"https:\/\/acronoticias.com\/index.php\/2026\/04\/28\/expareja-de-maradona-aporta-una-nueva-prueba-al-juicio-la-grabacion-de-una-reunion-clave\/"},"modified":"2026-04-28T21:36:35","modified_gmt":"2026-04-28T21:36:35","slug":"expareja-de-maradona-aporta-una-nueva-prueba-al-juicio-la-grabacion-de-una-reunion-clave","status":"publish","type":"post","link":"https:\/\/acronoticias.com\/index.php\/2026\/04\/28\/expareja-de-maradona-aporta-una-nueva-prueba-al-juicio-la-grabacion-de-una-reunion-clave\/","title":{"rendered":"Expareja de Maradona aporta una nueva prueba al juicio: la grabaci\u00f3n de una reuni\u00f3n clave"},"content":{"rendered":"<p>Buenos Aires.- <strong>Ver\u00f3nica Ojeda<\/strong>, expareja de Diego Armando Maradona y madre de su hijo menor, declar\u00f3 este martes en el <strong>juicio por la muerte<\/strong> del exfutbolista y aport\u00f3 una <strong>grabaci\u00f3n completa<\/strong> de una reuni\u00f3n clave sobre su tratamiento.<\/p>\n<p>El astro argentino muri\u00f3 el <strong>25 de noviembre de 2020<\/strong>, a los 60 a\u00f1os, mientras recib\u00eda <strong>cuidados domiciliarios<\/strong> en las afueras de Buenos Aires, bajo la atenci\u00f3n de profesionales de la salud hoy imputados.<\/p>\n<p>Siete trabajadores sanitarios enfrentan cargos por <strong>homicidio simple con dolo eventual<\/strong>, en un caso que ha generado gran atenci\u00f3n p\u00fablica en Argentina.<\/p>\n<figure class=\"wp-block-image size-full\"><img loading=\"lazy\" decoding=\"async\" width=\"1200\" height=\"675\" src=\"https:\/\/multimedia.noticiassin.com\/wp-content\/uploads\/2026\/04\/expareja-de-maradona-aporta-una-nueva-prueba-al-juicio-la-grabacion-de-una-reun-20260428-212603-JENN.png\" alt=\"\" class=\"wp-image-1988117\" \/><\/figure>\n<h3 class=\"wp-block-heading\"><strong>Una prueba clave en el juicio<\/strong><\/h3>\n<p>Antes de su traslado, Maradona estuvo internado en una cl\u00ednica hasta el <strong>11 de noviembre<\/strong>, donde fue sometido a una <strong>intervenci\u00f3n quir\u00fargica<\/strong>.<\/p>\n<p>En ese centro m\u00e9dico se realiz\u00f3 una reuni\u00f3n entre m\u00e9dicos, abogados y familiares para definir la <strong>modalidad de tratamiento<\/strong>, optando por la atenci\u00f3n domiciliaria.<\/p>\n<p>Seg\u00fan diversos testimonios, esta decisi\u00f3n habr\u00eda sido <strong>determinante<\/strong> en el desenlace fatal del exfutbolista.<\/p>\n<h3 class=\"wp-block-heading\"><strong>Audio bajo sospecha<\/strong><\/h3>\n<p>Durante un juicio anterior, anulado en 2025, se present\u00f3 un <strong>audio incompleto<\/strong> de esa reuni\u00f3n como prueba.<\/p>\n<p>Ojeda asegur\u00f3 que tambi\u00e9n grab\u00f3 el encuentro y que su versi\u00f3n dura <strong>una hora y 45 minutos<\/strong>, a diferencia del audio previo de solo una hora.<\/p>\n<p>Esto sugiere posibles <strong>omisiones o manipulaciones<\/strong> en la evidencia presentada anteriormente.<\/p>\n<p>Tras su declaraci\u00f3n, la Fiscal\u00eda solicit\u00f3 incorporar el <strong>audio completo<\/strong> al expediente, pese a la oposici\u00f3n de la defensa del m\u00e9dico <strong>Leopoldo Luque<\/strong>, principal acusado.<\/p>\n<ul class=\"wp-block-list\">\n<li>Finalmente, el tribunal acept\u00f3 la prueba al considerarla <strong>relevante para esclarecer los hechos<\/strong>.<\/li>\n<\/ul>\n<p>El juez <strong>Alberto Gaig<\/strong> indic\u00f3 que se realizar\u00e1 una <strong>comparaci\u00f3n de audios<\/strong> en la pr\u00f3xima audiencia para verificar su integridad.<\/p>\n<p>En el proceso tambi\u00e9n son juzgados otros profesionales, incluyendo la psiquiatra <strong>Agustina Cosachov<\/strong> y el psic\u00f3logo <strong>Carlos D\u00edaz<\/strong>, se\u00f1alados por su rol en la atenci\u00f3n m\u00e9dica del exfutbolista.<\/p>\n<p>La muerte de Diego Armando Maradona el <strong>25 de noviembre de 2020<\/strong> gener\u00f3 un fuerte impacto mundial y abri\u00f3 una investigaci\u00f3n judicial sobre las condiciones en las que el exfutbolista pas\u00f3 sus \u00faltimos d\u00edas.<\/p>\n<p>Maradona falleci\u00f3 a los <strong>60 a\u00f1os<\/strong> mientras se encontraba en un proceso de <strong>recuperaci\u00f3n domiciliaria<\/strong>, luego de haber sido operado por un <strong>hematoma subdural<\/strong> en la cabeza. Su salida de la cl\u00ednica fue parte de una decisi\u00f3n m\u00e9dica y familiar que buscaba continuar su tratamiento en casa.<\/p>\n<p>Sin embargo, con el paso del tiempo, surgieron cuestionamientos sobre si la <strong>atenci\u00f3n recibida<\/strong> fue la adecuada para su estado de salud, especialmente por la falta de monitoreo constante y la complejidad de su cuadro cl\u00ednico.<\/p>\n","protected":false},"excerpt":{"rendered":"<p>Buenos Aires.- Ver\u00f3nica Ojeda, expareja de Diego Armando Maradona y madre de su hijo menor, declar\u00f3 este martes en el juicio por la muerte del exfutbolista y aport\u00f3 una grabaci\u00f3n completa de una reuni\u00f3n clave sobre su tratamiento. El astro argentino muri\u00f3 el 25 de noviembre de 2020, a los 60 a\u00f1os, mientras recib\u00eda cuidados<\/p>\n","protected":false},"author":1,"featured_media":37720,"comment_status":"open","ping_status":"open","sticky":false,"template":"","format":"standard","meta":{"footnotes":""},"categories":[3],"tags":[],"class_list":["post-37719","post","type-post","status-publish","format-standard","has-post-thumbnail","hentry","category-internacionales"],"_links":{"self":[{"href":"https:\/\/acronoticias.com\/index.php\/wp-json\/wp\/v2\/posts\/37719","targetHints":{"allow":["GET"]}}],"collection":[{"href":"https:\/\/acronoticias.com\/index.php\/wp-json\/wp\/v2\/posts"}],"about":[{"href":"https:\/\/acronoticias.com\/index.php\/wp-json\/wp\/v2\/types\/post"}],"author":[{"embeddable":true,"href":"https:\/\/acronoticias.com\/index.php\/wp-json\/wp\/v2\/users\/1"}],"replies":[{"embeddable":true,"href":"https:\/\/acronoticias.com\/index.php\/wp-json\/wp\/v2\/comments?post=37719"}],"version-history":[{"count":0,"href":"https:\/\/acronoticias.com\/index.php\/wp-json\/wp\/v2\/posts\/37719\/revisions"}],"wp:featuredmedia":[{"embeddable":true,"href":"https:\/\/acronoticias.com\/index.php\/wp-json\/wp\/v2\/media\/37720"}],"wp:attachment":[{"href":"https:\/\/acronoticias.com\/index.php\/wp-json\/wp\/v2\/media?parent=37719"}],"wp:term":[{"taxonomy":"category","embeddable":true,"href":"https:\/\/acronoticias.com\/index.php\/wp-json\/wp\/v2\/categories?post=37719"},{"taxonomy":"post_tag","embeddable":true,"href":"https:\/\/acronoticias.com\/index.php\/wp-json\/wp\/v2\/tags?post=37719"}],"curies":[{"name":"wp","href":"https:\/\/api.w.org\/{rel}","templated":true}]}}