{"id":37716,"date":"2026-04-28T21:04:38","date_gmt":"2026-04-28T21:04:38","guid":{"rendered":"https:\/\/acronoticias.com\/index.php\/2026\/04\/28\/hay-tres-profugos-apresan-dos-mujeres-acusadas-de-muerte-a-tiros-de-hombre-reportado-como-desaparecido\/"},"modified":"2026-04-28T21:04:38","modified_gmt":"2026-04-28T21:04:38","slug":"hay-tres-profugos-apresan-dos-mujeres-acusadas-de-muerte-a-tiros-de-hombre-reportado-como-desaparecido","status":"publish","type":"post","link":"https:\/\/acronoticias.com\/index.php\/2026\/04\/28\/hay-tres-profugos-apresan-dos-mujeres-acusadas-de-muerte-a-tiros-de-hombre-reportado-como-desaparecido\/","title":{"rendered":"\u201cHay tres pr\u00f3fugos\u201d: Apresan dos mujeres acusadas de muerte a tiros de hombre reportado como desaparecido"},"content":{"rendered":"<div id=\"mvp-content-main\">\n<p><strong>Santo Domingo.-<\/strong> La Polic\u00eda Nacional inform\u00f3 que, como resultado de labores de investigaci\u00f3n e inteligencia realizadas por miembros de la <strong>Divisi\u00f3n de Homicidios,<\/strong> en coordinaci\u00f3n con el Departamento II de Desaparecidos, fueron detenidas dos mujeres y un hombre con relaci\u00f3n a la muerte del ciudadano C\u00e1ndido Figueroa de los Santos, de 45 a\u00f1os, quien hab\u00eda sido reportado como desaparecido el 22 de abril de 2026.<\/p>\n<p>El cuerpo sin vida del se\u00f1or<strong> Figueroa de los Santos<\/strong> fue localizado en estado de descomposici\u00f3n en el interior de una vivienda en construcci\u00f3n, ubicada en la calle Provisional del sector Vista del Parque, en Los Guaricanos,<strong> Santo Domingo Norte.<\/strong><\/p>\n<p>El levantamiento del cad\u00e1ver fue realizado por la <strong>m\u00e9dico legista actuante<\/strong>, quien indic\u00f3 que la causa de muerte est\u00e1 pendiente de determinaci\u00f3n.<\/p>\n<p>La identificaci\u00f3n del occiso fue realizada por su esposa, quien hab\u00eda interpuesto formal denuncia de desaparici\u00f3n ante las autoridades competentes.<\/p>\n<p>A partir de ese momento, se activaron los protocolos de b\u00fasqueda, incluyendo el an\u00e1lisis de c\u00e1maras de videovigilancia y registros del <strong>Sistema Nacional de Atenci\u00f3n a Emergencias<\/strong> y Seguridad 9-1-1, lo que permiti\u00f3 trazar la ruta de los implicados.<\/p>\n<p>Como resultado de estas diligencias investigativas, fueron identificadas como presuntas <strong>autoras del hecho<\/strong> las nombradas <strong>Yarlin Carmona y Glennys Mart\u00ednez Fr\u00edas,<\/strong> quienes se encuentran bajo custodia policial en virtud de la orden de arresto No. 2026-AJ0033274.<\/p>\n<p>Tambi\u00e9n fue detenido, para fines de investigaci\u00f3n, Alexander Valdez (a) \u201cVaca\u201d.<\/p>\n<p><strong>Pr\u00f3fugos<\/strong><\/p>\n<p>Asimismo, <strong>permanecen pr\u00f3fugos<\/strong> otros implicados identificados \u00fanicamente por los apodos \u201cChon\u201d, \u201cRoni\u201d y \u201cNariz\u201d, quienes son activamente buscados por las autoridades. Se exhorta a la ciudadan\u00eda a colaborar con cualquier informaci\u00f3n que contribuya a su captura.<\/p>\n<p>En la escena del hecho, t\u00e9cnicos de la Polic\u00eda Cient\u00edfica realizaron el procesamiento correspondiente, recolectando evidencias materiales, incluido un <strong>cargador para arma de fuego<\/strong>, las cuales ser\u00e1n sometidas a los an\u00e1lisis periciales de rigor como parte del proceso investigativo.<\/p>\n<p>Los detenidos ser\u00e1n puestos a disposici\u00f3n del Ministerio P\u00fablico, mientras contin\u00faan las investigaciones para esclarecer totalmente las circunstancias en que ocurri\u00f3 este hecho y capturar a los dem\u00e1s implicados.<\/p>\n<\/div>\n","protected":false},"excerpt":{"rendered":"<p>Santo Domingo.- La Polic\u00eda Nacional inform\u00f3 que, como resultado de labores de investigaci\u00f3n e inteligencia realizadas por miembros de la Divisi\u00f3n de Homicidios, en coordinaci\u00f3n con el Departamento II de Desaparecidos, fueron detenidas dos mujeres y un hombre con relaci\u00f3n a la muerte del ciudadano C\u00e1ndido Figueroa de los Santos, de 45 a\u00f1os, quien hab\u00eda<\/p>\n","protected":false},"author":1,"featured_media":13661,"comment_status":"open","ping_status":"open","sticky":false,"template":"","format":"standard","meta":{"footnotes":""},"categories":[1],"tags":[],"class_list":["post-37716","post","type-post","status-publish","format-standard","has-post-thumbnail","hentry","category-nacionales"],"_links":{"self":[{"href":"https:\/\/acronoticias.com\/index.php\/wp-json\/wp\/v2\/posts\/37716","targetHints":{"allow":["GET"]}}],"collection":[{"href":"https:\/\/acronoticias.com\/index.php\/wp-json\/wp\/v2\/posts"}],"about":[{"href":"https:\/\/acronoticias.com\/index.php\/wp-json\/wp\/v2\/types\/post"}],"author":[{"embeddable":true,"href":"https:\/\/acronoticias.com\/index.php\/wp-json\/wp\/v2\/users\/1"}],"replies":[{"embeddable":true,"href":"https:\/\/acronoticias.com\/index.php\/wp-json\/wp\/v2\/comments?post=37716"}],"version-history":[{"count":0,"href":"https:\/\/acronoticias.com\/index.php\/wp-json\/wp\/v2\/posts\/37716\/revisions"}],"wp:featuredmedia":[{"embeddable":true,"href":"https:\/\/acronoticias.com\/index.php\/wp-json\/wp\/v2\/media\/13661"}],"wp:attachment":[{"href":"https:\/\/acronoticias.com\/index.php\/wp-json\/wp\/v2\/media?parent=37716"}],"wp:term":[{"taxonomy":"category","embeddable":true,"href":"https:\/\/acronoticias.com\/index.php\/wp-json\/wp\/v2\/categories?post=37716"},{"taxonomy":"post_tag","embeddable":true,"href":"https:\/\/acronoticias.com\/index.php\/wp-json\/wp\/v2\/tags?post=37716"}],"curies":[{"name":"wp","href":"https:\/\/api.w.org\/{rel}","templated":true}]}}