{"id":37710,"date":"2026-04-28T20:35:35","date_gmt":"2026-04-28T20:35:35","guid":{"rendered":"https:\/\/acronoticias.com\/index.php\/2026\/04\/28\/el-futuro-primer-ministro-hungaro-peter-magyar-propone-reunirse-con-zelenski-en-ucrania\/"},"modified":"2026-04-28T20:35:35","modified_gmt":"2026-04-28T20:35:35","slug":"el-futuro-primer-ministro-hungaro-peter-magyar-propone-reunirse-con-zelenski-en-ucrania","status":"publish","type":"post","link":"https:\/\/acronoticias.com\/index.php\/2026\/04\/28\/el-futuro-primer-ministro-hungaro-peter-magyar-propone-reunirse-con-zelenski-en-ucrania\/","title":{"rendered":"El futuro primer ministro h\u00fangaro, P\u00e9ter Magyar, propone reunirse con Zelenski en Ucrania"},"content":{"rendered":"<p>El futuro primer ministro de <strong>Hungr\u00eda<\/strong>, el conservador <strong>P\u00e9ter Magyar<\/strong>, propuso este martes reunirse en <strong>Ucrania<\/strong> con el presidente ucraniano, <strong>Volod\u00edmir Zelenski<\/strong>, para mejorar las relaciones bilaterales, que con el saliente jefe de Gobierno, el ultranacionalista <strong>Viktor Orb\u00e1n<\/strong>, fueron muy tensas.<\/p>\n<p>Es un inter\u00e9s de los h\u00fangaros de <strong>Transcarpatia<\/strong> (en <strong>Ucrania<\/strong>) que las relaciones entre <strong>Hungr\u00eda<\/strong> y <strong>Ucrania<\/strong> se reconstruyan sobre nuevas bases\u201d, dijo <strong>Magyar<\/strong> en un comunicado.<\/p>\n<p>Propongo, por eso, para principios de junio, un encuentro con el presidente ucraniano\u201d, agreg\u00f3 el primer ministro, que ocupar\u00e1 su cargo en la segunda mitad de mayo, tras ganar las elecciones del 12 de abril con una mayor\u00eda contundente sobre <strong>Orb\u00e1n<\/strong>, que gobern\u00f3 desde 2010.<\/p>\n<figure class=\"wp-block-image size-full is-resized\"><img loading=\"lazy\" decoding=\"async\" width=\"1536\" height=\"864\" src=\"https:\/\/multimedia.noticiassin.com\/wp-content\/uploads\/2026\/04\/el-futuro-primer-ministro-hungaro-peter-magyar-propone-reunirse-con-zelenski-e-20260428-201613-ACdF.webp\" alt=\"\" class=\"wp-image-1988016\" style=\"width:518px;height:auto\" \/><\/figure>\n<h3 class=\"wp-block-heading\">Propuesta de acercamiento<\/h3>\n<p><strong>Magyar<\/strong> propuso como lugar \u201csimb\u00f3lico\u201d del encuentro la ciudad ucraniana de <strong>B\u00e9rejove<\/strong>, con una poblaci\u00f3n mayoritariamente h\u00fangara en el oeste de <strong>Ucrania<\/strong>.<\/p>\n<p>El pr\u00f3ximo jefe de Gobierno h\u00fangaro agreg\u00f3 que lleg\u00f3 el momento de que el pa\u00eds vecino \u201cponga fin a la restricci\u00f3n de derechos\u201d de la minor\u00eda \u00e9tnica magiar, que<strong> \u00abpersiste desde hace m\u00e1s de una d\u00e9cada\u00bb.<\/strong><\/p>\n<p>En este sentido, <strong>Magyar<\/strong> pidi\u00f3 que los h\u00fangaros de <strong>Transcarpatia<\/strong> recuperen todos sus derechos culturales, ling\u00fc\u00edsticos, administrativos y de educaci\u00f3n superior.<\/p>\n<ul class=\"wp-block-list\">\n<li>\u00abSi logramos resolver estas cuestiones, sin duda podremos abrir un nuevo cap\u00edtulo en las relaciones bilaterales ucraniano-h\u00fangaras\u00bb, dijo.<\/li>\n<\/ul>\n<h3 class=\"wp-block-heading\">Relaci\u00f3n marcada por tensiones<\/h3>\n<p>Las relaciones entre los dos pa\u00edses empeoraron considerablemente durante el Gobierno de <strong>Orb\u00e1n<\/strong>.<\/p>\n<p><strong>Budapest<\/strong> acusa a <strong>Kiev<\/strong> de no respetar los derechos de las minor\u00edas \u00e9tnicas, entre ellas la h\u00fangara, mientras que <strong>Zelenski<\/strong> acusa a <strong>Orb\u00e1n<\/strong> de apoyar los intereses de <strong>Rusia<\/strong>, que invadi\u00f3 <strong>Ucrania<\/strong> en 2022.<\/p>\n<p>En <strong>Ucrania<\/strong> viv\u00eda, hasta el inicio de la guerra, una minor\u00eda h\u00fangara de unas 150.000 personas.<\/p>\n<p><strong>Orb\u00e1n<\/strong> es el l\u00edder comunitario mejor aliado de <strong>Mosc\u00fa<\/strong> y, en los \u00faltimos meses, bloque\u00f3 un pr\u00e9stamo de la <strong>Uni\u00f3n Europea<\/strong> (<strong>UE<\/strong>) de 90.000 millones de euros a <strong>Ucrania<\/strong>.<\/p>\n<p>En el foco de los \u00faltimos conflictos estuvo la interrupci\u00f3n del tr\u00e1nsito de crudo procedente de <strong>Rusia<\/strong> por el oleoducto &#8216;Druzhba&#8217;, que cruza <strong>Ucrania<\/strong>, tras un ataque ruso, mientras que <strong>Orb\u00e1n<\/strong> acus\u00f3 a <strong>Zelenski<\/strong> de cortar el flujo por una decisi\u00f3n pol\u00edtica.<\/p>\n<p>El tr\u00e1nsito por el oleoducto se reanud\u00f3 hace unos d\u00edas y <strong>Orb\u00e1n<\/strong> levant\u00f3 su veto al pr\u00e9stamo a <strong>Ucrania<\/strong>.<\/p>\n","protected":false},"excerpt":{"rendered":"<p>El futuro primer ministro de Hungr\u00eda, el conservador P\u00e9ter Magyar, propuso este martes reunirse en Ucrania con el presidente ucraniano, Volod\u00edmir Zelenski, para mejorar las relaciones bilaterales, que con el saliente jefe de Gobierno, el ultranacionalista Viktor Orb\u00e1n, fueron muy tensas. Es un inter\u00e9s de los h\u00fangaros de Transcarpatia (en Ucrania) que las relaciones entre<\/p>\n","protected":false},"author":1,"featured_media":37711,"comment_status":"open","ping_status":"open","sticky":false,"template":"","format":"standard","meta":{"footnotes":""},"categories":[3],"tags":[],"class_list":["post-37710","post","type-post","status-publish","format-standard","has-post-thumbnail","hentry","category-internacionales"],"_links":{"self":[{"href":"https:\/\/acronoticias.com\/index.php\/wp-json\/wp\/v2\/posts\/37710","targetHints":{"allow":["GET"]}}],"collection":[{"href":"https:\/\/acronoticias.com\/index.php\/wp-json\/wp\/v2\/posts"}],"about":[{"href":"https:\/\/acronoticias.com\/index.php\/wp-json\/wp\/v2\/types\/post"}],"author":[{"embeddable":true,"href":"https:\/\/acronoticias.com\/index.php\/wp-json\/wp\/v2\/users\/1"}],"replies":[{"embeddable":true,"href":"https:\/\/acronoticias.com\/index.php\/wp-json\/wp\/v2\/comments?post=37710"}],"version-history":[{"count":0,"href":"https:\/\/acronoticias.com\/index.php\/wp-json\/wp\/v2\/posts\/37710\/revisions"}],"wp:featuredmedia":[{"embeddable":true,"href":"https:\/\/acronoticias.com\/index.php\/wp-json\/wp\/v2\/media\/37711"}],"wp:attachment":[{"href":"https:\/\/acronoticias.com\/index.php\/wp-json\/wp\/v2\/media?parent=37710"}],"wp:term":[{"taxonomy":"category","embeddable":true,"href":"https:\/\/acronoticias.com\/index.php\/wp-json\/wp\/v2\/categories?post=37710"},{"taxonomy":"post_tag","embeddable":true,"href":"https:\/\/acronoticias.com\/index.php\/wp-json\/wp\/v2\/tags?post=37710"}],"curies":[{"name":"wp","href":"https:\/\/api.w.org\/{rel}","templated":true}]}}