{"id":37706,"date":"2026-04-28T20:16:43","date_gmt":"2026-04-28T20:16:43","guid":{"rendered":"https:\/\/acronoticias.com\/index.php\/2026\/04\/28\/zona-caribe-abre-camino-hacia-xxi-congreso-regional-con-encuentro-brasileritos\/"},"modified":"2026-04-28T20:16:43","modified_gmt":"2026-04-28T20:16:43","slug":"zona-caribe-abre-camino-hacia-xxi-congreso-regional-con-encuentro-brasileritos","status":"publish","type":"post","link":"https:\/\/acronoticias.com\/index.php\/2026\/04\/28\/zona-caribe-abre-camino-hacia-xxi-congreso-regional-con-encuentro-brasileritos\/","title":{"rendered":"Zona Caribe abre camino hacia XXI Congreso Regional con encuentro \u00abBrasileritos\u00bb"},"content":{"rendered":"<p><img loading=\"lazy\" decoding=\"async\" width=\"355\" height=\"200\" src=\"https:\/\/nuevodiario-assets.s3.us-east-2.amazonaws.com\/wp-content\/uploads\/2026\/04\/Participantes-en-XXI-Congreso-Regional-con-encuentro-Brasileritos-Foto-Zona-Caribe-355x200.jpeg\" class=\"webfeedsFeaturedVisual not-transparent wp-post-image\" alt=\"\" style=\"--dominant-color: #827974;margin-bottom: 5px;clear:both;max-width: 100%\" data-has-transparency=\"false\" data-dominant-color=\"827974\" \/><\/p>\n<p>EL NUEVO DIARIO, SANTO DOMINGO.- Bajo el lema jubilar \u00abEl amor de Cristo nos urge\u00bb, la Zona Caribe de C\u00e1ritas Am\u00e9rica Latina y el Caribe celebr\u00f3 entre 25 y 27 de abril el primer encuentro zonal denominado \u00abBrasileritos\u00bb. Este espacio de tres d\u00edas representa el punto de partida de un proceso de discernimiento sinodal que culminar\u00e1 en el XXI Congreso Regional de C\u00e1ritas Am\u00e9rica Latina y el Caribe, previsto para febrero de 2027 en Brasilia, Brasil.<\/p>\n<p>El encuentro congreg\u00f3 en Santo Domingo a delegados de las C\u00e1ritas Nacionales de Antillas, Cuba, Hait\u00ed, Puerto Rico y Rep\u00fablica Dominicana, quienes buscan identificar los desaf\u00edos y esperanzas de sus territorios tras 70 a\u00f1os de historia institucional, destaca una nota de prensa enviada este martes.<\/p>\n<p>El nombre \u201cBrasilerito\u201d hace referencia al pa\u00eds anfitri\u00f3n del Congreso, en el diminutivo, una tradici\u00f3n desde los congresos anteriores y que motiva a los participantes a entrar en una preparaci\u00f3n m\u00e1s consciente, fraterna y cercana.<\/p>\n<p><strong>Hoja de ruta hacia al Congreso Regional<\/strong><\/p>\n<p>El subsidio orientador define una hoja de ruta clara para estos d\u00edas de trabajo, buscando que cada reflexi\u00f3n zonal se convierta en un insumo fundamental para la asamblea regional. El objetivo principal este espacio es:<\/p>\n<p>promover un espacio de encuentro, escucha y discernimiento sinodal a nivel zonal que, partiendo de la realidad territorial y la memoria agradecida de nuestros 70 a\u00f1os, identifique los desaf\u00edos y esperanzas para renovar el compromiso de C\u00e1ritas con la opci\u00f3n preferencial por los pobres y el Desarrollo Humano Integral, sirviendo como<br \/>\ninsumo fundamental para el XXI Congreso Regional.<\/p>\n<p><strong>Como objetivos espec\u00edficos, los participantes de las C\u00e1ritas nacionales deben<\/strong><\/p>\n<p>1. Discernir los signos de los tiempos en la realidad social, pol\u00edtica y eclesial de la Zona a la luz de la exhortaci\u00f3n Dilexi te, reconociendo en nuestra historia com\u00fan los frutos del Esp\u00edritu y el testimonio de quienes nos precedieron en el servicio de la caridad.<br \/>\n2. Proponer l\u00edneas orientativas hacia la sostenibilidad y la mejora del Sistema de Cooperaci\u00f3n Regional, fortaleciendo la articulaci\u00f3n entre las C\u00e1ritas Nacionales y los Equipos Regionales proyectando una misi\u00f3n prof\u00e9tica, fraterna y eficaz en nuestras acciones de cara al 2031.<\/p>\n<p><strong>Realidad, memoria y sinodalidad operativa<\/strong><\/p>\n<p>Durante las jornadas, los delegados son invitados a un an\u00e1lisis profundo de los \u00abgritos de la tierra y de los pobres\u00bb, abordando realidades cr\u00edticas como la inseguridad alimentaria y la crisis de seguridad ciudadana que afecta a la regi\u00f3n.<\/p>\n<p>Este ejercicio se complementa con una memoria agradecida por los 70 a\u00f1os de servicio, honrando el testimonio de voluntarios y agentes pastorales que han defendido la dignidad humana en contextos hostiles.<\/p>\n<p>Finalmente, el encuentro busca traducir estas reflexiones en una \u00absinodalidad operativa\u00bb, definiendo modelos de sostenibilidad y estrategias conjuntas que permitan a C\u00e1ritas seguir siendo la \u00abcaricia de la Iglesia\u00bb y una voz prof\u00e9tica ante cada realidad local.<\/p>\n<p>ADDP\/<\/p>\n<p>La entrada <a href=\"https:\/\/elnuevodiario.com.do\/zona-caribe-abre-camino-hacia-xxi-congreso-regional-con-encuentro-brasileritos\/\">Zona Caribe abre camino hacia XXI Congreso Regional con encuentro \u00abBrasileritos\u00bb<\/a> se public\u00f3 primero en <a href=\"https:\/\/elnuevodiario.com.do\">El Nuevo Diario (Rep\u00fablica Dominicana)<\/a>.<\/p>\n","protected":false},"excerpt":{"rendered":"<p>EL NUEVO DIARIO, SANTO DOMINGO.- Bajo el lema jubilar \u00abEl amor de Cristo nos urge\u00bb, la Zona Caribe de C\u00e1ritas Am\u00e9rica Latina y el Caribe celebr\u00f3 entre 25 y 27 de abril el primer encuentro zonal denominado \u00abBrasileritos\u00bb. Este espacio de tres d\u00edas representa el punto de partida de un proceso de discernimiento sinodal que<\/p>\n","protected":false},"author":1,"featured_media":37707,"comment_status":"open","ping_status":"open","sticky":false,"template":"","format":"standard","meta":{"footnotes":""},"categories":[1],"tags":[],"class_list":["post-37706","post","type-post","status-publish","format-standard","has-post-thumbnail","hentry","category-nacionales"],"_links":{"self":[{"href":"https:\/\/acronoticias.com\/index.php\/wp-json\/wp\/v2\/posts\/37706","targetHints":{"allow":["GET"]}}],"collection":[{"href":"https:\/\/acronoticias.com\/index.php\/wp-json\/wp\/v2\/posts"}],"about":[{"href":"https:\/\/acronoticias.com\/index.php\/wp-json\/wp\/v2\/types\/post"}],"author":[{"embeddable":true,"href":"https:\/\/acronoticias.com\/index.php\/wp-json\/wp\/v2\/users\/1"}],"replies":[{"embeddable":true,"href":"https:\/\/acronoticias.com\/index.php\/wp-json\/wp\/v2\/comments?post=37706"}],"version-history":[{"count":0,"href":"https:\/\/acronoticias.com\/index.php\/wp-json\/wp\/v2\/posts\/37706\/revisions"}],"wp:featuredmedia":[{"embeddable":true,"href":"https:\/\/acronoticias.com\/index.php\/wp-json\/wp\/v2\/media\/37707"}],"wp:attachment":[{"href":"https:\/\/acronoticias.com\/index.php\/wp-json\/wp\/v2\/media?parent=37706"}],"wp:term":[{"taxonomy":"category","embeddable":true,"href":"https:\/\/acronoticias.com\/index.php\/wp-json\/wp\/v2\/categories?post=37706"},{"taxonomy":"post_tag","embeddable":true,"href":"https:\/\/acronoticias.com\/index.php\/wp-json\/wp\/v2\/tags?post=37706"}],"curies":[{"name":"wp","href":"https:\/\/api.w.org\/{rel}","templated":true}]}}