{"id":37704,"date":"2026-04-28T20:00:08","date_gmt":"2026-04-28T20:00:08","guid":{"rendered":"https:\/\/acronoticias.com\/index.php\/2026\/04\/28\/iglesia-dominicana-respalda-defensa-ambiental-de-las-cordilleras-central-y-septentrional\/"},"modified":"2026-04-28T20:00:08","modified_gmt":"2026-04-28T20:00:08","slug":"iglesia-dominicana-respalda-defensa-ambiental-de-las-cordilleras-central-y-septentrional","status":"publish","type":"post","link":"https:\/\/acronoticias.com\/index.php\/2026\/04\/28\/iglesia-dominicana-respalda-defensa-ambiental-de-las-cordilleras-central-y-septentrional\/","title":{"rendered":"Iglesia dominicana respalda defensa ambiental de las cordilleras Central y Septentrional"},"content":{"rendered":"<p><img loading=\"lazy\" decoding=\"async\" width=\"355\" height=\"200\" src=\"https:\/\/nuevodiario-assets.s3.us-east-2.amazonaws.com\/wp-content\/uploads\/2026\/04\/WhatsApp-Image-2026-04-28-at-3.43.01-PM-355x200.jpeg\" class=\"webfeedsFeaturedVisual not-transparent wp-post-image\" alt=\"\" style=\"--dominant-color: #dee7ea;margin-bottom: 5px;clear:both;max-width: 100%\" data-has-transparency=\"false\" data-dominant-color=\"dee7ea\" \/><\/p>\n<p><strong>EL NUEVO DIARIO, SANTIAGO. \u2013<\/strong>La Comisi\u00f3n Nacional de Pastoral de Ecolog\u00eda y Medio Ambiente de la Conferencia del Episcopado Dominicano (CED) expres\u00f3 su respaldo a las comunidades que promueven, de manera pac\u00edfica, la preservaci\u00f3n de las cordilleras Central y Septentrional, al tiempo que rechaz\u00f3 posibles proyectos mineros en estas zonas por su impacto ambiental.<\/p>\n<p>En un comunicado, la entidad advirti\u00f3 que las actividades mineras podr\u00edan comprometer la integridad ecol\u00f3gica de estas \u00e1reas monta\u00f1osas, especialmente por su incidencia en el ciclo hidrol\u00f3gico del pa\u00eds. En ese sentido, hizo un llamado a las autoridades a escuchar el clamor de las comunidades que demandan la protecci\u00f3n de estos territorios, considerados fundamentales para el equilibrio ambiental y la sostenibilidad de la vida.<\/p>\n<p>La comisi\u00f3n subray\u00f3 que las cordilleras funcionan como importantes reservorios h\u00eddricos que captan, almacenan y distribuyen agua hacia r\u00edos, acu\u00edferos y sistemas de riego en gran parte del territorio nacional. Alert\u00f3 que cualquier intervenci\u00f3n significativa podr\u00eda afectar la cantidad y calidad del agua, con consecuencias directas para la poblaci\u00f3n y las futuras generaciones.<\/p>\n<p>Asimismo, indic\u00f3 que la miner\u00eda implica la remoci\u00f3n de suelos y el uso de sustancias qu\u00edmicas, lo que genera desechos potencialmente t\u00f3xicos que representan riesgos para las fuentes de agua. Se\u00f1al\u00f3 que la posible contaminaci\u00f3n por metales pesados y sedimentos podr\u00eda alterar los cursos naturales de los r\u00edos y da\u00f1ar los ecosistemas dependientes de estas cuencas, citando como referencia la situaci\u00f3n de la presa de Hatillo.<\/p>\n<p>Apoy\u00e1ndose en la enc\u00edclica <em>Laudato Si\u2019<\/em> del Papa Francisco, la comisi\u00f3n record\u00f3 que el acceso al agua potable es un derecho humano fundamental, por lo que proteger las monta\u00f1as constituye una acci\u00f3n de justicia social y respeto a la dignidad humana.<\/p>\n<p>Finalmente, la Pastoral de Ecolog\u00eda reafirm\u00f3 su compromiso con un modelo de desarrollo sostenible e inst\u00f3 a la implementaci\u00f3n de pol\u00edticas que armonicen el crecimiento econ\u00f3mico con la protecci\u00f3n ambiental. Tambi\u00e9n exhort\u00f3 a fomentar el di\u00e1logo entre autoridades y ciudadan\u00eda para garantizar soluciones que prioricen la vida, el agua y la conservaci\u00f3n de los ecosistemas.<\/p>\n<p>&nbsp;<\/p>\n<p>&nbsp;<\/p>\n<p>&nbsp;<\/p>\n<p>La entrada <a href=\"https:\/\/elnuevodiario.com.do\/iglesia-dominicana-respalda-defensa-ambiental-de-las-cordilleras-central-y-septentrional\/\">Iglesia dominicana respalda defensa ambiental de las cordilleras Central y Septentrional<\/a> se public\u00f3 primero en <a href=\"https:\/\/elnuevodiario.com.do\">El Nuevo Diario (Rep\u00fablica Dominicana)<\/a>.<\/p>\n","protected":false},"excerpt":{"rendered":"<p>EL NUEVO DIARIO, SANTIAGO. \u2013La Comisi\u00f3n Nacional de Pastoral de Ecolog\u00eda y Medio Ambiente de la Conferencia del Episcopado Dominicano (CED) expres\u00f3 su respaldo a las comunidades que promueven, de manera pac\u00edfica, la preservaci\u00f3n de las cordilleras Central y Septentrional, al tiempo que rechaz\u00f3 posibles proyectos mineros en estas zonas por su impacto ambiental. En<\/p>\n","protected":false},"author":1,"featured_media":37705,"comment_status":"open","ping_status":"open","sticky":false,"template":"","format":"standard","meta":{"footnotes":""},"categories":[1],"tags":[],"class_list":["post-37704","post","type-post","status-publish","format-standard","has-post-thumbnail","hentry","category-nacionales"],"_links":{"self":[{"href":"https:\/\/acronoticias.com\/index.php\/wp-json\/wp\/v2\/posts\/37704","targetHints":{"allow":["GET"]}}],"collection":[{"href":"https:\/\/acronoticias.com\/index.php\/wp-json\/wp\/v2\/posts"}],"about":[{"href":"https:\/\/acronoticias.com\/index.php\/wp-json\/wp\/v2\/types\/post"}],"author":[{"embeddable":true,"href":"https:\/\/acronoticias.com\/index.php\/wp-json\/wp\/v2\/users\/1"}],"replies":[{"embeddable":true,"href":"https:\/\/acronoticias.com\/index.php\/wp-json\/wp\/v2\/comments?post=37704"}],"version-history":[{"count":0,"href":"https:\/\/acronoticias.com\/index.php\/wp-json\/wp\/v2\/posts\/37704\/revisions"}],"wp:featuredmedia":[{"embeddable":true,"href":"https:\/\/acronoticias.com\/index.php\/wp-json\/wp\/v2\/media\/37705"}],"wp:attachment":[{"href":"https:\/\/acronoticias.com\/index.php\/wp-json\/wp\/v2\/media?parent=37704"}],"wp:term":[{"taxonomy":"category","embeddable":true,"href":"https:\/\/acronoticias.com\/index.php\/wp-json\/wp\/v2\/categories?post=37704"},{"taxonomy":"post_tag","embeddable":true,"href":"https:\/\/acronoticias.com\/index.php\/wp-json\/wp\/v2\/tags?post=37704"}],"curies":[{"name":"wp","href":"https:\/\/api.w.org\/{rel}","templated":true}]}}