{"id":37698,"date":"2026-04-28T19:34:36","date_gmt":"2026-04-28T19:34:36","guid":{"rendered":"https:\/\/acronoticias.com\/index.php\/2026\/04\/28\/mexico-destaca-golpes-muy-relevantes-contra-narcos-tras-capturas-de-lideres-del-cjng\/"},"modified":"2026-04-28T19:34:36","modified_gmt":"2026-04-28T19:34:36","slug":"mexico-destaca-golpes-muy-relevantes-contra-narcos-tras-capturas-de-lideres-del-cjng","status":"publish","type":"post","link":"https:\/\/acronoticias.com\/index.php\/2026\/04\/28\/mexico-destaca-golpes-muy-relevantes-contra-narcos-tras-capturas-de-lideres-del-cjng\/","title":{"rendered":"M\u00e9xico destaca golpes \u00abmuy relevantes\u00bb contra narcos, tras capturas de l\u00edderes del CJNG"},"content":{"rendered":"<p>Ciudad de M\u00e9xico.- La presidenta de M\u00e9xico, <strong>Claudia Sheinbaum<\/strong>, destac\u00f3 este martes las detenciones <strong>muy relevantes<\/strong> de <strong>El Jardinero<\/strong>, identificado por las autoridades como uno de los principales l\u00edderes del <strong>Cartel Jalisco Nueva Generaci\u00f3n (CJNG)<\/strong>, y de su <strong>operador financiero<\/strong> por parte de las Fuerzas Armadas.<\/p>\n<p>Estos hechos ocurrieron en sendos <strong>operativos<\/strong> que la mandataria vincul\u00f3 al <strong>avance<\/strong> en las labores de combate al <strong>crimen organizado<\/strong>, resaltando la importancia de la <strong>inteligencia<\/strong> en las acciones de seguridad.<\/p>\n<p>\u00abAyer hubo dos detenciones <strong>muy relevantes<\/strong> (&#8230;) Tiene que ver con el avance de la <strong>inteligencia<\/strong> e <strong>investigaci\u00f3n<\/strong> en el pa\u00eds, que es uno de nuestros ejes, y los resultados que se dan\u00bb, declar\u00f3 la mandataria en su <strong>conferencia de prensa<\/strong> diaria desde Ciudad de M\u00e9xico.<\/p>\n<figure class=\"wp-block-image size-full\"><img loading=\"lazy\" decoding=\"async\" width=\"960\" height=\"640\" src=\"https:\/\/multimedia.noticiassin.com\/wp-content\/uploads\/2026\/04\/mexico-destaca-golpes-muy-relevantes-contra-narcos-tras-capturas-de-lideres-d-20260428-192002-95mu.png\" alt=\"\" class=\"wp-image-1987982\" \/><\/figure>\n<h3 class=\"wp-block-heading\">Detenciones clave en operativos recientes<\/h3>\n<p>En la v\u00edspera, la <strong>Marina mexicana<\/strong> detuvo en el estado occidental de <strong>Nayarit<\/strong> a <strong>Audias Flores Silva<\/strong>, alias <strong>El Jardinero<\/strong>, uno de los l\u00edderes del CJNG e identificado como posible sucesor de <strong>El Mencho<\/strong>.<\/p>\n<p>Este \u00faltimo fue abatido en un <strong>operativo federal<\/strong> hace dos meses y era considerado uno de los <strong>capos narcotraficantes<\/strong> m\u00e1s buscados del mundo, lo que elev\u00f3 el perfil del detenido.<\/p>\n<p>Horas despu\u00e9s, las fuerzas especiales del <strong>Ej\u00e9rcito mexicano<\/strong> y de la <strong>Guardia Nacional<\/strong> capturaron a <strong>C\u00e9sar Alejandro &#8216;N&#8217;<\/strong>, alias <strong>El G\u00fcero Conta<\/strong>, presunto operador financiero de Flores Silva.<\/p>\n<h3 class=\"wp-block-heading\">Coordinaci\u00f3n y mensajes del Gobierno<\/h3>\n<p>Al respecto, <strong>Sheinbaum<\/strong> indic\u00f3 que el <strong>Gabinete de Seguridad<\/strong> ofrecer\u00e1 m\u00e1s detalles en una rueda de prensa posterior, pero afirm\u00f3 que estos operativos muestran la <strong>coordinaci\u00f3n<\/strong> entre instituciones de la <strong>seguridad p\u00fablica<\/strong>.<\/p>\n<p>\u00abPorque no solamente es que se detenga a un personaje de la <strong>delincuencia organizada<\/strong> (El Jardinero), un presunto delincuente mayor. Lo que representaba esta persona, en t\u00e9rminos de <strong>extorsi\u00f3n<\/strong>, de robo y de tr\u00e1fico de <strong>estupefacientes<\/strong>\u00ab, a\u00f1adi\u00f3 la mandataria.<\/p>\n<p>Tambi\u00e9n subray\u00f3 el impacto que estas actividades ten\u00edan para la <strong>poblaci\u00f3n<\/strong>, especialmente en delitos como la extorsi\u00f3n y otros actos que afectaban directamente a la ciudadan\u00eda.<\/p>\n<p><strong>Sheinbaum<\/strong> record\u00f3 que estos operativos fueron ejecutados por <strong>militares mexicanos<\/strong>, en medio de cuestionamientos sobre la presencia de <strong>agentes estadounidenses<\/strong> en territorio nacional.<\/p>\n<p>Esto ocurre tras el reciente fallecimiento de dos funcionarios de <strong>EE.UU.<\/strong>, presuntamente vinculados a la <strong>CIA<\/strong>, despu\u00e9s de un operativo antidroga en <strong>Chihuahua<\/strong>, en el norte de M\u00e9xico.<\/p>\n<p>\u00abPuede haber informaci\u00f3n que proporcione alguna instituci\u00f3n del <strong>Gobierno de los Estados Unidos<\/strong>, pero tiene que ser necesariamente en el marco del <strong>entendimiento<\/strong> que se tiene\u00bb, afirm\u00f3 la jefa de Estado.<\/p>\n<p>Adem\u00e1s, enfatiz\u00f3 que no debe haber participaci\u00f3n directa en <strong>operaciones en tierra<\/strong> por parte de agencias extranjeras, apelando a la <strong>independencia nacional<\/strong> como principio fundamental.<\/p>\n<p>El Ejecutivo mexicano inform\u00f3 que en estas capturas no se produjeron <strong>bajas militares<\/strong> y que llevaban meses siguiendo a estos individuos mediante labores de <strong>inteligencia<\/strong>.<\/p>\n<p>En estas acciones tambi\u00e9n se cont\u00f3 con informaci\u00f3n proporcionada por el <strong>Gobierno estadounidense<\/strong>, lo que evidencia cooperaci\u00f3n, aunque bajo condiciones espec\u00edficas.<\/p>\n<ul class=\"wp-block-list\">\n<li>En el caso de <strong>El Jardinero<\/strong>, por quien Estados Unidos ofrec\u00eda una recompensa de <strong>cinco millones de d\u00f3lares<\/strong>, su detenci\u00f3n provoc\u00f3 varios <strong>bloqueos viales<\/strong>.<\/li>\n<\/ul>\n<p>Estos incluyeron la quema de veh\u00edculos y ataques a <strong>establecimientos comerciales<\/strong> en Nayarit, aunque las autoridades federales minimizaron el impacto de estos hechos frente a eventos anteriores.<\/p>\n","protected":false},"excerpt":{"rendered":"<p>Ciudad de M\u00e9xico.- La presidenta de M\u00e9xico, Claudia Sheinbaum, destac\u00f3 este martes las detenciones muy relevantes de El Jardinero, identificado por las autoridades como uno de los principales l\u00edderes del Cartel Jalisco Nueva Generaci\u00f3n (CJNG), y de su operador financiero por parte de las Fuerzas Armadas. Estos hechos ocurrieron en sendos operativos que la mandataria<\/p>\n","protected":false},"author":1,"featured_media":37699,"comment_status":"open","ping_status":"open","sticky":false,"template":"","format":"standard","meta":{"footnotes":""},"categories":[3],"tags":[],"class_list":["post-37698","post","type-post","status-publish","format-standard","has-post-thumbnail","hentry","category-internacionales"],"_links":{"self":[{"href":"https:\/\/acronoticias.com\/index.php\/wp-json\/wp\/v2\/posts\/37698","targetHints":{"allow":["GET"]}}],"collection":[{"href":"https:\/\/acronoticias.com\/index.php\/wp-json\/wp\/v2\/posts"}],"about":[{"href":"https:\/\/acronoticias.com\/index.php\/wp-json\/wp\/v2\/types\/post"}],"author":[{"embeddable":true,"href":"https:\/\/acronoticias.com\/index.php\/wp-json\/wp\/v2\/users\/1"}],"replies":[{"embeddable":true,"href":"https:\/\/acronoticias.com\/index.php\/wp-json\/wp\/v2\/comments?post=37698"}],"version-history":[{"count":0,"href":"https:\/\/acronoticias.com\/index.php\/wp-json\/wp\/v2\/posts\/37698\/revisions"}],"wp:featuredmedia":[{"embeddable":true,"href":"https:\/\/acronoticias.com\/index.php\/wp-json\/wp\/v2\/media\/37699"}],"wp:attachment":[{"href":"https:\/\/acronoticias.com\/index.php\/wp-json\/wp\/v2\/media?parent=37698"}],"wp:term":[{"taxonomy":"category","embeddable":true,"href":"https:\/\/acronoticias.com\/index.php\/wp-json\/wp\/v2\/categories?post=37698"},{"taxonomy":"post_tag","embeddable":true,"href":"https:\/\/acronoticias.com\/index.php\/wp-json\/wp\/v2\/tags?post=37698"}],"curies":[{"name":"wp","href":"https:\/\/api.w.org\/{rel}","templated":true}]}}