{"id":37696,"date":"2026-04-28T19:26:45","date_gmt":"2026-04-28T19:26:45","guid":{"rendered":"https:\/\/acronoticias.com\/index.php\/2026\/04\/28\/minerd-reitera-propuestas-para-garantizar-servicios-en-cecapci-y-mantiene-dialogo-abierto\/"},"modified":"2026-04-28T19:26:45","modified_gmt":"2026-04-28T19:26:45","slug":"minerd-reitera-propuestas-para-garantizar-servicios-en-cecapci-y-mantiene-dialogo-abierto","status":"publish","type":"post","link":"https:\/\/acronoticias.com\/index.php\/2026\/04\/28\/minerd-reitera-propuestas-para-garantizar-servicios-en-cecapci-y-mantiene-dialogo-abierto\/","title":{"rendered":"MINERD reitera propuestas para garantizar servicios en CECAPCI y mantiene di\u00e1logo abierto"},"content":{"rendered":"<p><img loading=\"lazy\" decoding=\"async\" width=\"355\" height=\"200\" src=\"https:\/\/nuevodiario-assets.s3.us-east-2.amazonaws.com\/wp-content\/uploads\/2026\/04\/WhatsApp-Image-2026-04-28-at-3.18.46-PM-355x200.jpeg\" class=\"webfeedsFeaturedVisual not-transparent wp-post-image\" alt=\"\" style=\"--dominant-color: #a09398;margin-bottom: 5px;clear:both;max-width: 100%\" data-has-transparency=\"false\" data-dominant-color=\"a09398\" \/><\/p>\n<p><strong>EL NUEVO DIARIO, SANTIAGO. \u2013<\/strong>El Ministerio de Educaci\u00f3n de la Rep\u00fablica Dominicana (MINERD) reiter\u00f3 que mantiene su disposici\u00f3n al di\u00e1logo con el Centro de Capacitaci\u00f3n para Ciegos (CECAPCI), con el objetivo de garantizar la continuidad de los servicios que ofrece esta entidad a personas con discapacidad visual.<\/p>\n<p>El director de la Regional 08 del MINERD, Pedro Pablo Marte, asegur\u00f3 que las autoridades educativas han sostenido diversos encuentros con representantes del centro, en los que se han presentado propuestas ajustadas al marco legal vigente, especialmente en lo relativo a la Ley 47-25 de Compras y Contrataciones P\u00fablicas.<\/p>\n<p>Entre los puntos abordados, el ministerio explic\u00f3 que los contratos de alquiler no pueden exceder el per\u00edodo de un a\u00f1o, conforme a la legislaci\u00f3n, contrario a la solicitud de cuatro a\u00f1os planteada por CECAPCI. En ese sentido, se propuso un esquema de trabajo en tres fases para atender las necesidades del centro.<\/p>\n<p>En una primera etapa, el MINERD contempla la contrataci\u00f3n del alquiler por un a\u00f1o, junto con la cobertura del personal pedag\u00f3gico sin l\u00edmite de tiempo, adem\u00e1s de la presentaci\u00f3n de un proyecto por parte del centro para su posible inclusi\u00f3n en el presupuesto del a\u00f1o 2027.<\/p>\n<p>Posteriormente, se prev\u00e9 la evaluaci\u00f3n del proyecto, su eventual traslado desde el Consejo Nacional de Discapacidad (CONADIS) al MINERD y un aumento en la subvenci\u00f3n, incluyendo apoyo en alquiler, personal y materiales, as\u00ed como acompa\u00f1amiento t\u00e9cnico en las \u00e1reas pedag\u00f3gicas y de atenci\u00f3n integral.<\/p>\n<p>Finalmente, a partir de 2027, el ministerio proyecta implementar el programa bajo el esquema de Asociaci\u00f3n Sin Fines de Lucro (ASFL), conforme a los procedimientos establecidos.<\/p>\n<p>El MINERD destac\u00f3 que su actuaci\u00f3n est\u00e1 orientada a ofrecer soluciones sostenibles y responsables, en apego al ordenamiento jur\u00eddico, con el prop\u00f3sito de garantizar los derechos de las personas con discapacidad y sus familias.<\/p>\n<p>CECAPCI, con sede en Santiago, ofrece servicios de evaluaci\u00f3n, orientaci\u00f3n, terapias, capacitaci\u00f3n e inclusi\u00f3n laboral a personas con discapacidad visual, con alcance tambi\u00e9n en las provincias de Montecristi y La Vega.<\/p>\n<p>&nbsp;<\/p>\n<p>La entrada <a href=\"https:\/\/elnuevodiario.com.do\/minerd-reitera-propuestas-para-garantizar-servicios-en-cecapci-y-mantiene-dialogo-abierto\/\">MINERD reitera propuestas para garantizar servicios en CECAPCI y mantiene di\u00e1logo abierto<\/a> se public\u00f3 primero en <a href=\"https:\/\/elnuevodiario.com.do\">El Nuevo Diario (Rep\u00fablica Dominicana)<\/a>.<\/p>\n","protected":false},"excerpt":{"rendered":"<p>EL NUEVO DIARIO, SANTIAGO. \u2013El Ministerio de Educaci\u00f3n de la Rep\u00fablica Dominicana (MINERD) reiter\u00f3 que mantiene su disposici\u00f3n al di\u00e1logo con el Centro de Capacitaci\u00f3n para Ciegos (CECAPCI), con el objetivo de garantizar la continuidad de los servicios que ofrece esta entidad a personas con discapacidad visual. El director de la Regional 08 del MINERD,<\/p>\n","protected":false},"author":1,"featured_media":37697,"comment_status":"open","ping_status":"open","sticky":false,"template":"","format":"standard","meta":{"footnotes":""},"categories":[1],"tags":[],"class_list":["post-37696","post","type-post","status-publish","format-standard","has-post-thumbnail","hentry","category-nacionales"],"_links":{"self":[{"href":"https:\/\/acronoticias.com\/index.php\/wp-json\/wp\/v2\/posts\/37696","targetHints":{"allow":["GET"]}}],"collection":[{"href":"https:\/\/acronoticias.com\/index.php\/wp-json\/wp\/v2\/posts"}],"about":[{"href":"https:\/\/acronoticias.com\/index.php\/wp-json\/wp\/v2\/types\/post"}],"author":[{"embeddable":true,"href":"https:\/\/acronoticias.com\/index.php\/wp-json\/wp\/v2\/users\/1"}],"replies":[{"embeddable":true,"href":"https:\/\/acronoticias.com\/index.php\/wp-json\/wp\/v2\/comments?post=37696"}],"version-history":[{"count":0,"href":"https:\/\/acronoticias.com\/index.php\/wp-json\/wp\/v2\/posts\/37696\/revisions"}],"wp:featuredmedia":[{"embeddable":true,"href":"https:\/\/acronoticias.com\/index.php\/wp-json\/wp\/v2\/media\/37697"}],"wp:attachment":[{"href":"https:\/\/acronoticias.com\/index.php\/wp-json\/wp\/v2\/media?parent=37696"}],"wp:term":[{"taxonomy":"category","embeddable":true,"href":"https:\/\/acronoticias.com\/index.php\/wp-json\/wp\/v2\/categories?post=37696"},{"taxonomy":"post_tag","embeddable":true,"href":"https:\/\/acronoticias.com\/index.php\/wp-json\/wp\/v2\/tags?post=37696"}],"curies":[{"name":"wp","href":"https:\/\/api.w.org\/{rel}","templated":true}]}}