{"id":37688,"date":"2026-04-28T18:38:55","date_gmt":"2026-04-28T18:38:55","guid":{"rendered":"https:\/\/acronoticias.com\/index.php\/2026\/04\/28\/protestan-por-tiempo-indefinido-para-reapertura-del-centro-de-capacitacion-para-ciegos\/"},"modified":"2026-04-28T18:38:55","modified_gmt":"2026-04-28T18:38:55","slug":"protestan-por-tiempo-indefinido-para-reapertura-del-centro-de-capacitacion-para-ciegos","status":"publish","type":"post","link":"https:\/\/acronoticias.com\/index.php\/2026\/04\/28\/protestan-por-tiempo-indefinido-para-reapertura-del-centro-de-capacitacion-para-ciegos\/","title":{"rendered":"Protestan por \u201ctiempo indefinido\u201d para reapertura del Centro de Capacitaci\u00f3n para Ciegos"},"content":{"rendered":"<p><img loading=\"lazy\" decoding=\"async\" width=\"355\" height=\"200\" src=\"https:\/\/nuevodiario-assets.s3.us-east-2.amazonaws.com\/wp-content\/uploads\/2026\/04\/Ana-Garcia-junto-a-otras-personas-no-videntes-Foto-Felix-Lara-El-Nuevo-Diario-355x200.jpeg\" class=\"webfeedsFeaturedVisual not-transparent wp-post-image\" alt=\"\" style=\"--dominant-color: #55544a;margin-bottom: 5px;clear:both;max-width: 100%\" data-has-transparency=\"false\" data-dominant-color=\"55544a\" \/><\/p>\n<p>EL NUEVO DIARIO, SANTO DOMINGO.- Personas con discapacidad visual, estudiantes y padres de ni\u00f1os con Trastorno del Espectro Autista (TEA), iniciaron este martes una jornada de protesta pac\u00edfica por tiempo indefinido frente al Palacio Nacional, en demanda de la reapertura del Centro de Capacitaci\u00f3n para Ciegos (Cecapci), que lleva cuatro meses sin ofrecer sus servicios de manera regular.<\/p>\n<p>Los manifestantes expresaron su preocupaci\u00f3n debido a que, pese al tiempo transcurrido y a m\u00faltiples reuniones sostenidas con las autoridades, el proceso supuestamente ha estado marcado por t\u00e1cticas dilatorias y compromisos verbales sin una soluci\u00f3n concreta.<\/p>\n<p>En ese orden se\u00f1alaron que, en el \u00faltimo momento, las autoridades presentaron la propuesta de asumir el pago del local por un a\u00f1o y para 2027, trasladar el financiamiento de la instituci\u00f3n desde el Consejo Nacional de Discapacidad (Conadis) hacia el Ministerio de Educaci\u00f3n, agregando un monto mayor al actualmente recibido para cubrir de forma permanente el alquiler.<\/p>\n<p><a href=\"https:\/\/videos.files.wordpress.com\/lASUnCZl\/ana-garcia-video-felix-lara-el-nuevo-diario.mp4\">Ana Garc\u00eda (Video: F\u00e9lix Lara\/ El Nuevo Diario)<\/a><\/p>\n<p>Para los manifestantes esta propuesta no constituye una soluci\u00f3n real, ya que seg\u00fan dijeron, las autoridades no pueden garantizar algo que no depende completamente de ellas, pues los cambios de funcionarios dentro del Gobierno podr\u00edan modificar cualquier compromiso verbal, lo que impide confiar en promesas que no est\u00e9n formalmente aseguradas.<\/p>\n<p>Asimismo, recordaron que la aprobaci\u00f3n de ese presupuesto no depende \u00fanicamente del Ministerio de Educaci\u00f3n, sino tambi\u00e9n del Centro Nacional de Fomento y Promoci\u00f3n de las Asociaciones Sin Fines de Lucro, la Direcci\u00f3n General de Presupuesto y, posteriormente, del Congreso Nacional, entidades que pueden aprobar, reducir, modificar o rechazar cualquier partida presupuestaria.<\/p>\n<p>A\u00f1adieron que, a\u00fan en caso de aprobarse un presupuesto significativo, la Ley 122-05 que regula las asociaciones sin fines de lucro solo permite destinar un 20 % a gastos administrativos, lo que hace inviable cubrir el costo real del local, especialmente ante los aumentos anuales de la renta.<\/p>\n<p><a href=\"https:\/\/videos.files.wordpress.com\/Rl7bcIJh\/personas-no-videntes-video-felix-lara-el-nuevo-diario.mp4\">Personas no videntes (Video: F\u00e9lix Lara\/ El Nuevo Diario)<\/a><\/p>\n<p>Aseguraron que por esa limitaci\u00f3n legal, durante a\u00f1os el local fue sostenido con fondos propios de los miembros fundadores del centro, quienes realizaron grandes sacrificios personales para mantener en funcionamiento una instituci\u00f3n que hoy representa una necesidad vital para cientos de familias.<\/p>\n<p>Recordaron que el Cecapci tuvo que cerrar de manera urgente debido al grave deterioro estructural del local donde operaba, el cual se encontraba y a\u00fan se encuentra al borde del colapso, representando un riesgo para estudiantes, usuarios, docentes y personal administrativo.<\/p>\n<p>La directora del centro, Ana Garc\u00eda, inform\u00f3 que el pasado 13 de marzo sostuvo una reuni\u00f3n con el ministro de Educaci\u00f3n, quien manifest\u00f3 su disposici\u00f3n de colaborar en la b\u00fasqueda de una soluci\u00f3n.<\/p>\n<figure id=\"attachment_3100323\" aria-describedby=\"caption-attachment-3100323\" style=\"width: 1280px\" class=\"wp-caption alignnone\"><img loading=\"lazy\" decoding=\"async\" data-recalc-dims=\"1\" data-dominant-color=\"8c7b55\" data-has-transparency=\"false\" style=\"--dominant-color: #8c7b55\" class=\"size-full wp-image-3100323 not-transparent\" src=\"https:\/\/i0.wp.com\/nuevodiario-assets.s3.us-east-2.amazonaws.com\/wp-content\/uploads\/2026\/04\/Ana-Garcia-Foto-Felix-Lara-El-Nuevo-Diario.jpeg?resize=640%2C426&#038;quality=100&#038;ssl=1\" alt=\"\" width=\"640\" height=\"426\" \/><figcaption id=\"caption-attachment-3100323\" class=\"wp-caption-text\"><strong>Ana Garc\u00eda (Foto: F\u00e9lix Lara\/ El Nuevo Diario)<\/strong><\/figcaption><\/figure>\n<p>\u00abNo dudamos de la buena intenci\u00f3n del se\u00f1or ministro, sin embargo, el proceso ha sido dilatado y, en lugar de una soluci\u00f3n formal, se nos presenta una propuesta que no resuelve el problema de fondo ni garantiza la estabilidad futura del centro\u00bb, explic\u00f3.<\/p>\n<p>Garcia aclar\u00f3 que la protesta no tiene fines pol\u00edticos ni busca presionar o afectar la gesti\u00f3n de ninguna autoridad, sino responder a la urgente necesidad que existe en Santiago y toda la regi\u00f3n del Cibao de contar con este centro especializado<\/p>\n<p><strong>Protesta organizada por tiempo indefinido.<\/strong><\/p>\n<p>Los manifestantes explicaron que esta protesta ser\u00e1 por tiempo indefinido, bajo sol, agua y sereno, y que no saben cu\u00e1nto tiempo tendr\u00e1n que permanecer all\u00ed hasta obtener una respuesta concreta.<\/p>\n<p>La jornada de protesta inici\u00f3 con 20 manifestantes, como parte de una estrategia organizada para sostener la permanencia de la lucha sin agotar los recursos humanos y f\u00edsicos del colectivo. Durante esta semana permanecer\u00e1 este primer grupo, que luego ser\u00e1 relevado por otros.<\/p>\n<p><strong>Un centro clave para la inclusi\u00f3n en el Cibao<\/strong><\/p>\n<p>El Cecapci atiende estudiantes de m\u00e1s de la mitad de los diez distritos educativos que conforman la Regional 08 del Ministerio de Educaci\u00f3n, as\u00ed como de otras regiones del pa\u00eds.<\/p>\n<p>Adem\u00e1s, brinda servicios al personal docente, incluyendo apoyo a maestras con situaciones emocionales derivadas del estr\u00e9s laboral, y a empleados administrativos del Ministerio de Educaci\u00f3n<\/p>\n<p>Es el \u00fanico centro en toda la regi\u00f3n del Cibao que ofrece evaluaciones psicol\u00f3gicas especializadas y atenci\u00f3n integral gratuita para personas con discapacidad visual y otras condiciones, lo que lo convierte en una instituci\u00f3n esencial para la inclusi\u00f3n educativa y social.<\/p>\n<p><strong>Impacto en estudiantes y familias.<\/strong><\/p>\n<p>Entre las consecuencias m\u00e1s graves del cierre, los manifestantes se\u00f1alaron el retroceso significativo que han mostrado muchos ni\u00f1os en el aprendizaje, la conducta, el desarrollo del lenguaje y los procesos terap\u00e9uticos, especialmente en terapia del habla. Algunos padres incluso han sido notificados de que sus hijos podr\u00edan repetir el a\u00f1o escolar. 20 participantes en la siguiente, y as\u00ed sucesivamente.<\/p>\n<p>\u201cTambi\u00e9n denunciaron que, ante la falta de funcionamiento del centro, muchos docentes han tenido que trasladarse a las viviendas de estudiantes con discapacidad visual para continuar el proceso educativo y evitar mavares atrasas en su formaci\u00f3n acad\u00e9mica.<\/p>\n<p><strong>Llaman una soluci\u00f3n definitiva<\/strong><\/p>\n<p>\u00abNo podemos permitir m\u00e1s abandono. Aqu\u00ed estaremos hasta obtener una respuesta definitiva, concreta y responsable. Cecapci representa esperanza, inclusi\u00f3n y oportunidades para cientos de familias que hoy se sienten desamparadas\u00bb, concluyeron los manifestantes.<\/p>\n<p>La jornada de protesta continuar\u00e1 de manera indefinida hasta que el Gobierno y el Ministerio de Educaci\u00f3n presenten una soluci\u00f3n formal que garantice la continuidad de los servicios y la permanencia de esta instituci\u00f3n indispensable para la poblaci\u00f3n m\u00e1s vulnerable.<\/p>\n<p>ADDP\/<\/p>\n<p>La entrada <a href=\"https:\/\/elnuevodiario.com.do\/protestan-por-tiempo-indefinido-para-reapertura-del-centro-de-capacitacion-para-ciegos\/\">Protestan por \u201ctiempo indefinido\u201d para reapertura del Centro de Capacitaci\u00f3n para Ciegos<\/a> se public\u00f3 primero en <a href=\"https:\/\/elnuevodiario.com.do\">El Nuevo Diario (Rep\u00fablica Dominicana)<\/a>.<\/p>\n","protected":false},"excerpt":{"rendered":"<p>EL NUEVO DIARIO, SANTO DOMINGO.- Personas con discapacidad visual, estudiantes y padres de ni\u00f1os con Trastorno del Espectro Autista (TEA), iniciaron este martes una jornada de protesta pac\u00edfica por tiempo indefinido frente al Palacio Nacional, en demanda de la reapertura del Centro de Capacitaci\u00f3n para Ciegos (Cecapci), que lleva cuatro meses sin ofrecer sus servicios<\/p>\n","protected":false},"author":1,"featured_media":37689,"comment_status":"open","ping_status":"open","sticky":false,"template":"","format":"standard","meta":{"footnotes":""},"categories":[1],"tags":[],"class_list":["post-37688","post","type-post","status-publish","format-standard","has-post-thumbnail","hentry","category-nacionales"],"_links":{"self":[{"href":"https:\/\/acronoticias.com\/index.php\/wp-json\/wp\/v2\/posts\/37688","targetHints":{"allow":["GET"]}}],"collection":[{"href":"https:\/\/acronoticias.com\/index.php\/wp-json\/wp\/v2\/posts"}],"about":[{"href":"https:\/\/acronoticias.com\/index.php\/wp-json\/wp\/v2\/types\/post"}],"author":[{"embeddable":true,"href":"https:\/\/acronoticias.com\/index.php\/wp-json\/wp\/v2\/users\/1"}],"replies":[{"embeddable":true,"href":"https:\/\/acronoticias.com\/index.php\/wp-json\/wp\/v2\/comments?post=37688"}],"version-history":[{"count":0,"href":"https:\/\/acronoticias.com\/index.php\/wp-json\/wp\/v2\/posts\/37688\/revisions"}],"wp:featuredmedia":[{"embeddable":true,"href":"https:\/\/acronoticias.com\/index.php\/wp-json\/wp\/v2\/media\/37689"}],"wp:attachment":[{"href":"https:\/\/acronoticias.com\/index.php\/wp-json\/wp\/v2\/media?parent=37688"}],"wp:term":[{"taxonomy":"category","embeddable":true,"href":"https:\/\/acronoticias.com\/index.php\/wp-json\/wp\/v2\/categories?post=37688"},{"taxonomy":"post_tag","embeddable":true,"href":"https:\/\/acronoticias.com\/index.php\/wp-json\/wp\/v2\/tags?post=37688"}],"curies":[{"name":"wp","href":"https:\/\/api.w.org\/{rel}","templated":true}]}}