{"id":37678,"date":"2026-04-28T17:50:44","date_gmt":"2026-04-28T17:50:44","guid":{"rendered":"https:\/\/acronoticias.com\/index.php\/2026\/04\/28\/santos-badia-aboga-por-transformacion-educativa-alineada-con-demandas-del-mercado-laboral\/"},"modified":"2026-04-28T17:50:44","modified_gmt":"2026-04-28T17:50:44","slug":"santos-badia-aboga-por-transformacion-educativa-alineada-con-demandas-del-mercado-laboral","status":"publish","type":"post","link":"https:\/\/acronoticias.com\/index.php\/2026\/04\/28\/santos-badia-aboga-por-transformacion-educativa-alineada-con-demandas-del-mercado-laboral\/","title":{"rendered":"Santos Bad\u00eda aboga por transformaci\u00f3n educativa alineada con demandas del mercado laboral"},"content":{"rendered":"<p><img loading=\"lazy\" decoding=\"async\" width=\"355\" height=\"200\" src=\"https:\/\/nuevodiario-assets.s3.us-east-2.amazonaws.com\/wp-content\/uploads\/2026\/04\/Santos-Badia-aboga-por-transformacion-educativa-alineada-con-demandas-del-mercado-laboral-1-1-355x200.jpeg\" class=\"webfeedsFeaturedVisual not-transparent wp-post-image\" alt=\"\" style=\"--dominant-color: #c9ac88;margin-bottom: 5px;clear:both;max-width: 100%\" data-has-transparency=\"false\" data-dominant-color=\"c9ac88\" \/><\/p>\n<p>EL NUEVO DIARIO, LA ALTAGRACIA.\u2013 El ministro de Educaci\u00f3n Superior, Ciencia y Tecnolog\u00eda (Mescyt), Rafael Santos Bad\u00eda, llam\u00f3 a impulsar una reforma profunda del sistema educativo dominicano que responda de manera efectiva a las demandas actuales y futuras del mercado laboral.<\/p>\n<p>Durante su participaci\u00f3n en el Foro de L\u00edderes de la Asamblea General de WorldSkills Punta Cana 2026, el funcionario inst\u00f3 a orientar la formaci\u00f3n acad\u00e9mica hacia la calidad, la pertinencia y la eficiencia, como parte de una visi\u00f3n estrat\u00e9gica de pa\u00eds con miras al a\u00f1o 2036.<\/p>\n<p>Santos Bad\u00eda advirti\u00f3 que la Rep\u00fablica Dominicana debe replantear su modelo educativo para enfrentar los cambios acelerados que experimenta el mundo del trabajo, se\u00f1alando que el sistema actual no logra responder de manera adecuada a la diversidad de talentos ni a las necesidades reales del sector productivo.<\/p>\n<figure id=\"attachment_3100265\" aria-describedby=\"caption-attachment-3100265\" style=\"width: 1600px\" class=\"wp-caption alignnone\"><img loading=\"lazy\" decoding=\"async\" data-recalc-dims=\"1\" data-dominant-color=\"7d6d60\" data-has-transparency=\"false\" style=\"--dominant-color: #7d6d60\" class=\"size-full wp-image-3100265 not-transparent\" src=\"https:\/\/i0.wp.com\/nuevodiario-assets.s3.us-east-2.amazonaws.com\/wp-content\/uploads\/2026\/04\/Santos-Badia-aboga-por-transformacion-educativa-alineada-con-demandas-del-mercado-laboral-2.jpeg?resize=640%2C480&#038;quality=100&#038;ssl=1\" alt=\"\" width=\"640\" height=\"480\" \/><figcaption id=\"caption-attachment-3100265\" class=\"wp-caption-text\"><em><strong>Rafael Santos Bad\u00eda. (Foto: Direcci\u00f3n Comunicaciones Mescyt)<\/strong><\/em><\/figcaption><\/figure>\n<p>\u201cUrge conectar la universidad cl\u00e1sica con las necesidades concretas de la sociedad y del sector productivo. El modelo educativo actual, basado en la uniformidad, mismos contenidos, ritmos y metodolog\u00edas para todos no responde a la diversidad de talentos ni a las demandas del mercado laboral\u201d, afirm\u00f3 ante delegados internacionales vinculados al \u00e1mbito educativo y productivo.<\/p>\n<p>En ese contexto, el ministro propuso avanzar hacia un sistema m\u00e1s flexible e inclusivo, capaz de integrar diversas trayectorias formativas, tales como la formaci\u00f3n t\u00e9cnico-profesional, la educaci\u00f3n dual y el aprendizaje continuo a lo largo de la vida, como herramientas clave para mejorar la empleabilidad y la competitividad del capital humano.<\/p>\n<p>Santos Bad\u00eda subray\u00f3 que esta transformaci\u00f3n permitir\u00eda que los j\u00f3venes dominicanos no solo accedan a empleos de calidad, sino que tambi\u00e9n desarrollen capacidades para adaptarse, innovar y liderar en entornos laborales din\u00e1micos y en constante evoluci\u00f3n.<\/p>\n<p>Asimismo, destac\u00f3 la importancia de fortalecer las alianzas entre el Estado, el sector educativo, el sector productivo y la sociedad civil, como base fundamental para enfrentar los retos presentes y futuros del desarrollo econ\u00f3mico y social del pa\u00eds.<\/p>\n<p><strong>Sobre WorldSkills<\/strong><\/p>\n<p>WorldSkills Am\u00e9ricas es una organizaci\u00f3n internacional que agrupa a 25 pa\u00edses de la regi\u00f3n con el objetivo de promover el desarrollo de habilidades t\u00e9cnicas y profesionales. A trav\u00e9s de sus encuentros y competencias, impulsa la cooperaci\u00f3n internacional, el intercambio de buenas pr\u00e1cticas y la formulaci\u00f3n de estrategias orientadas al fortalecimiento de la formaci\u00f3n t\u00e9cnico-profesional a nivel global.<\/p>\n<p>La entrada <a href=\"https:\/\/elnuevodiario.com.do\/santos-badia-aboga-por-transformacion-educativa-alineada-con-demandas-del-mercado-laboral\/\">Santos Bad\u00eda aboga por transformaci\u00f3n educativa alineada con demandas del mercado laboral<\/a> se public\u00f3 primero en <a href=\"https:\/\/elnuevodiario.com.do\">El Nuevo Diario (Rep\u00fablica Dominicana)<\/a>.<\/p>\n","protected":false},"excerpt":{"rendered":"<p>EL NUEVO DIARIO, LA ALTAGRACIA.\u2013 El ministro de Educaci\u00f3n Superior, Ciencia y Tecnolog\u00eda (Mescyt), Rafael Santos Bad\u00eda, llam\u00f3 a impulsar una reforma profunda del sistema educativo dominicano que responda de manera efectiva a las demandas actuales y futuras del mercado laboral. Durante su participaci\u00f3n en el Foro de L\u00edderes de la Asamblea General de WorldSkills<\/p>\n","protected":false},"author":1,"featured_media":37679,"comment_status":"open","ping_status":"open","sticky":false,"template":"","format":"standard","meta":{"footnotes":""},"categories":[1],"tags":[],"class_list":["post-37678","post","type-post","status-publish","format-standard","has-post-thumbnail","hentry","category-nacionales"],"_links":{"self":[{"href":"https:\/\/acronoticias.com\/index.php\/wp-json\/wp\/v2\/posts\/37678","targetHints":{"allow":["GET"]}}],"collection":[{"href":"https:\/\/acronoticias.com\/index.php\/wp-json\/wp\/v2\/posts"}],"about":[{"href":"https:\/\/acronoticias.com\/index.php\/wp-json\/wp\/v2\/types\/post"}],"author":[{"embeddable":true,"href":"https:\/\/acronoticias.com\/index.php\/wp-json\/wp\/v2\/users\/1"}],"replies":[{"embeddable":true,"href":"https:\/\/acronoticias.com\/index.php\/wp-json\/wp\/v2\/comments?post=37678"}],"version-history":[{"count":0,"href":"https:\/\/acronoticias.com\/index.php\/wp-json\/wp\/v2\/posts\/37678\/revisions"}],"wp:featuredmedia":[{"embeddable":true,"href":"https:\/\/acronoticias.com\/index.php\/wp-json\/wp\/v2\/media\/37679"}],"wp:attachment":[{"href":"https:\/\/acronoticias.com\/index.php\/wp-json\/wp\/v2\/media?parent=37678"}],"wp:term":[{"taxonomy":"category","embeddable":true,"href":"https:\/\/acronoticias.com\/index.php\/wp-json\/wp\/v2\/categories?post=37678"},{"taxonomy":"post_tag","embeddable":true,"href":"https:\/\/acronoticias.com\/index.php\/wp-json\/wp\/v2\/tags?post=37678"}],"curies":[{"name":"wp","href":"https:\/\/api.w.org\/{rel}","templated":true}]}}