{"id":37676,"date":"2026-04-28T17:34:38","date_gmt":"2026-04-28T17:34:38","guid":{"rendered":"https:\/\/acronoticias.com\/index.php\/2026\/04\/28\/cesar-zapata-denuncia-complicidad-y-encubrimiento-de-irregularidades-en-el-minerd\/"},"modified":"2026-04-28T17:34:38","modified_gmt":"2026-04-28T17:34:38","slug":"cesar-zapata-denuncia-complicidad-y-encubrimiento-de-irregularidades-en-el-minerd","status":"publish","type":"post","link":"https:\/\/acronoticias.com\/index.php\/2026\/04\/28\/cesar-zapata-denuncia-complicidad-y-encubrimiento-de-irregularidades-en-el-minerd\/","title":{"rendered":"C\u00e9sar Zapata denuncia \u201ccomplicidad\u201d y encubrimiento de irregularidades en el MINERD"},"content":{"rendered":"<p><img loading=\"lazy\" decoding=\"async\" width=\"355\" height=\"200\" src=\"https:\/\/nuevodiario-assets.s3.us-east-2.amazonaws.com\/wp-content\/uploads\/2026\/04\/WhatsApp-Image-2026-04-28-at-9.59.23-AM-355x200.jpeg\" class=\"webfeedsFeaturedVisual not-transparent wp-post-image\" alt=\"El psic\u00f3logo y escritor C\u00e9sar Zapata. (Fotos: Wandel Almonte)\" style=\"--dominant-color: #d08481;margin-bottom: 5px;clear:both;max-width: 100%\" data-has-transparency=\"false\" data-dominant-color=\"d08481\" \/><\/p>\n<p><span style=\"font-weight: 400\">Por: Carolina Alvarez\u00a0<\/span><\/p>\n<p><span style=\"font-weight: 400\">EL NUEVO DIARIO, SANTO DOMINGO.- El psic\u00f3logo y escritor C\u00e9sar Zapata afirm\u00f3 que el sistema educativo dominicano enfrenta graves problemas estructurales marcados por desorganizaci\u00f3n interna, conflictos de gesti\u00f3n, distorsiones salariales y falta de planificaci\u00f3n, tras su experiencia dentro del Ministerio de Educaci\u00f3n.<\/span><\/p>\n<p><span style=\"font-weight: 400\">\u201cEl ministro me recibi\u00f3, me escuch\u00f3 junto a un director importante, pero la negativa a una auditor\u00eda cuyo objetivo era transparentar procesos deja mucho que pensar. Si no hay nada que ocultar, \u00bfpor qu\u00e9 negarse?\u201d, cuestion\u00f3 Zapata, al referirse a su solicitud de revisi\u00f3n de la gesti\u00f3n anterior.<\/span><\/p>\n<p><span style=\"font-weight: 400\">El escritor sostuvo que la intenci\u00f3n de esa auditor\u00eda era evitar que posibles irregularidades afectaran la actual administraci\u00f3n. \u201cLo que se buscaba era que errores del pasado no mancharan el presente, pero hubo resistencia. Los ministros se suceden, pero muchas veces con la intenci\u00f3n de encubrir lo que hizo el anterior\u201d, indic\u00f3 calificandolo como una \u201ccomplicidad absoluta\u201d entre gestiones.<\/span><\/p>\n<p><span style=\"font-weight: 400\"><a href=\"https:\/\/www.escueladefilosofia.org\/biografia-cesar-augusto-zapata\/\">Zapata<\/a> revel\u00f3 que incluso fue advertido sobre el costo pol\u00edtico de su postura. \u201cMe dijeron que me equivoqu\u00e9, que el propio gobierno no exhibe sus errores. Y ah\u00ed est\u00e1 el problema, cuando ocultar fallas se convierte en pol\u00edtica\u201d, expres\u00f3.<\/span><\/p>\n<p><span style=\"font-weight: 400\">El docente universitario critic\u00f3 la distorsi\u00f3n del concepto de pol\u00edtica. \u201cHemos pasado de la visi\u00f3n del bien com\u00fan, como la planteaba Arist\u00f3teles, a una pr\u00e1ctica donde el encubrimiento y el desorden se normalizan\u201d, sostuvo.<\/span><\/p>\n<p><strong>VER PROGRAMA:<\/strong><\/p>\n<div class=\"jetpack-video-wrapper\"><\/div>\n<p><span style=\"font-weight: 400\">El especialista tambi\u00e9n denunci\u00f3 fallas operativas dentro del sistema educativo. \u201cEl \u00e1rea de personal termina tomando decisiones cuando la pol\u00edtica deber\u00eda emanar del curr\u00edculo. Hay una confrontaci\u00f3n entre el \u00e1rea curricular y la editorial, lo cual es un absurdo\u201d, explic\u00f3.<\/span><\/p>\n<p><span style=\"font-weight: 400\">Asimismo, cuestion\u00f3 la efectividad de la pol\u00edtica de libros gratuitos. \u201cEs una buena iniciativa, pero muchos de esos materiales no est\u00e1n impactando en las aulas. Incluso hay duplicidad de libros producidos por distintas \u00e1reas, lo que evidencia desorganizaci\u00f3n\u201d, se\u00f1al\u00f3.<\/span><\/p>\n<p><span style=\"font-weight: 400\">Al ser entrevistado en el espacio <a href=\"https:\/\/elnuevodiario.com.do\/programa\/alternativa\/\">Alternativa<\/a>, conducido por los comunicadores Alberto Tav\u00e1rez y Luis Reyes, y transmitido por la plataforma digital El Nuevo Diario TV,\u00a0 Zapata insisti\u00f3 en que el problema central es la formaci\u00f3n docente. \u201cCuando se aplic\u00f3 el 4% a la educaci\u00f3n, no hab\u00eda un plan claro. Ese dinero debi\u00f3 invertirse principalmente en capacitar a los maestros, porque nadie puede ense\u00f1ar lo que no sabe\u201d, afirm\u00f3.<\/span><\/p>\n<p><span style=\"font-weight: 400\">Advirti\u00f3 que cualquier reforma pierde efectividad sin docentes preparados. \u201cPuedes tener un curr\u00edculo excelente, pero si el docente no tiene la formaci\u00f3n adecuada, no habr\u00e1 resultados\u201d, agreg\u00f3.<\/span><\/p>\n<p>La entrada <a href=\"https:\/\/elnuevodiario.com.do\/cesar-zapata-denuncia-complicidad-y-encubrimiento-de-irregularidades-en-el-minerd\/\">C\u00e9sar Zapata denuncia \u201ccomplicidad\u201d y encubrimiento de irregularidades en el MINERD<\/a> se public\u00f3 primero en <a href=\"https:\/\/elnuevodiario.com.do\">El Nuevo Diario (Rep\u00fablica Dominicana)<\/a>.<\/p>\n","protected":false},"excerpt":{"rendered":"<p>Por: Carolina Alvarez\u00a0 EL NUEVO DIARIO, SANTO DOMINGO.- El psic\u00f3logo y escritor C\u00e9sar Zapata afirm\u00f3 que el sistema educativo dominicano enfrenta graves problemas estructurales marcados por desorganizaci\u00f3n interna, conflictos de gesti\u00f3n, distorsiones salariales y falta de planificaci\u00f3n, tras su experiencia dentro del Ministerio de Educaci\u00f3n. \u201cEl ministro me recibi\u00f3, me escuch\u00f3 junto a un director<\/p>\n","protected":false},"author":1,"featured_media":37677,"comment_status":"open","ping_status":"open","sticky":false,"template":"","format":"standard","meta":{"footnotes":""},"categories":[1],"tags":[],"class_list":["post-37676","post","type-post","status-publish","format-standard","has-post-thumbnail","hentry","category-nacionales"],"_links":{"self":[{"href":"https:\/\/acronoticias.com\/index.php\/wp-json\/wp\/v2\/posts\/37676","targetHints":{"allow":["GET"]}}],"collection":[{"href":"https:\/\/acronoticias.com\/index.php\/wp-json\/wp\/v2\/posts"}],"about":[{"href":"https:\/\/acronoticias.com\/index.php\/wp-json\/wp\/v2\/types\/post"}],"author":[{"embeddable":true,"href":"https:\/\/acronoticias.com\/index.php\/wp-json\/wp\/v2\/users\/1"}],"replies":[{"embeddable":true,"href":"https:\/\/acronoticias.com\/index.php\/wp-json\/wp\/v2\/comments?post=37676"}],"version-history":[{"count":0,"href":"https:\/\/acronoticias.com\/index.php\/wp-json\/wp\/v2\/posts\/37676\/revisions"}],"wp:featuredmedia":[{"embeddable":true,"href":"https:\/\/acronoticias.com\/index.php\/wp-json\/wp\/v2\/media\/37677"}],"wp:attachment":[{"href":"https:\/\/acronoticias.com\/index.php\/wp-json\/wp\/v2\/media?parent=37676"}],"wp:term":[{"taxonomy":"category","embeddable":true,"href":"https:\/\/acronoticias.com\/index.php\/wp-json\/wp\/v2\/categories?post=37676"},{"taxonomy":"post_tag","embeddable":true,"href":"https:\/\/acronoticias.com\/index.php\/wp-json\/wp\/v2\/tags?post=37676"}],"curies":[{"name":"wp","href":"https:\/\/api.w.org\/{rel}","templated":true}]}}