{"id":37672,"date":"2026-04-28T17:18:37","date_gmt":"2026-04-28T17:18:37","guid":{"rendered":"https:\/\/acronoticias.com\/index.php\/2026\/04\/28\/derechos-humanos-sin-rostro-juramenta-al-periodista-javis-felix-como-vocero-de-la-institucion\/"},"modified":"2026-04-28T17:18:37","modified_gmt":"2026-04-28T17:18:37","slug":"derechos-humanos-sin-rostro-juramenta-al-periodista-javis-felix-como-vocero-de-la-institucion","status":"publish","type":"post","link":"https:\/\/acronoticias.com\/index.php\/2026\/04\/28\/derechos-humanos-sin-rostro-juramenta-al-periodista-javis-felix-como-vocero-de-la-institucion\/","title":{"rendered":"Derechos Humanos Sin Rostro juramenta al periodista Javis F\u00e9lix como vocero de la instituci\u00f3n"},"content":{"rendered":"<p><img loading=\"lazy\" decoding=\"async\" width=\"355\" height=\"200\" src=\"https:\/\/nuevodiario-assets.s3.us-east-2.amazonaws.com\/wp-content\/uploads\/2025\/12\/DSC_3227-355x200.jpg\" class=\"webfeedsFeaturedVisual not-transparent wp-post-image\" alt=\"\" style=\"--dominant-color: #757582;margin-bottom: 5px;clear:both;max-width: 100%\" data-has-transparency=\"false\" data-dominant-color=\"757582\" \/><\/p>\n<p>EL NUEVO DIARIO, SANTO DOMINGO.- La organizaci\u00f3n Derechos Humanos Sin Rostro, presidida por Eugenio Torre, dej\u00f3 formalmente juramentado al periodista Javis F\u00e9lix como nuevo vocero oficial de la instituci\u00f3n, en un acto que reafirma el compromiso de fortalecer la comunicaci\u00f3n y la defensa de los derechos fundamentales.<\/p>\n<p>De acuerdo con una nota de prensa, durante la ceremonia, el presidente de la entidad, Eugenio Torre, destac\u00f3 la trayectoria, responsabilidad y capacidad profesional de F\u00e9lix, se\u00f1alando que su designaci\u00f3n responde a la necesidad de proyectar una voz firme, coherente y transparente ante la sociedad.<\/p>\n<p>De su lado, Javis F\u00e9lix asumi\u00f3 el compromiso de trabajar en la elevaci\u00f3n de la imagen institucional, impulsando una comunicaci\u00f3n clara, oportuna y cercana a la ciudadan\u00eda.<\/p>\n<p>\u201cHoy asumimos este reto con responsabilidad. Vamos a demostrar que tambi\u00e9n los hombres buenos tienen derechos y que, cuando se defienden, se fortalece la justicia y el equilibrio social\u201d, expres\u00f3 F\u00e9lix tras ser juramentado.<\/p>\n<p>Asimismo, afirm\u00f3 que su gesti\u00f3n estar\u00e1 enfocada en visibilizar las acciones de la organizaci\u00f3n, promover la defensa de los derechos humanos sin distinci\u00f3n y consolidar la credibilidad de la instituci\u00f3n en el \u00e1mbito nacional.<\/p>\n<p>Con esta designaci\u00f3n, Derechos Humanos Sin Rostro contin\u00faa fortaleciendo su estructura organizativa, apostando a una comunicaci\u00f3n estrat\u00e9gica como herramienta clave para la defensa de los derechos y la construcci\u00f3n de una sociedad m\u00e1s justa.<\/p>\n<p>La entrada <a href=\"https:\/\/elnuevodiario.com.do\/derechos-humanos-sin-rostro-juramenta-al-periodista-javis-felix-como-vocero-de-la-institucion\/\">Derechos Humanos Sin Rostro juramenta al periodista Javis F\u00e9lix como vocero de la instituci\u00f3n<\/a> se public\u00f3 primero en <a href=\"https:\/\/elnuevodiario.com.do\">El Nuevo Diario (Rep\u00fablica Dominicana)<\/a>.<\/p>\n","protected":false},"excerpt":{"rendered":"<p>EL NUEVO DIARIO, SANTO DOMINGO.- La organizaci\u00f3n Derechos Humanos Sin Rostro, presidida por Eugenio Torre, dej\u00f3 formalmente juramentado al periodista Javis F\u00e9lix como nuevo vocero oficial de la instituci\u00f3n, en un acto que reafirma el compromiso de fortalecer la comunicaci\u00f3n y la defensa de los derechos fundamentales. De acuerdo con una nota de prensa, durante<\/p>\n","protected":false},"author":1,"featured_media":37673,"comment_status":"open","ping_status":"open","sticky":false,"template":"","format":"standard","meta":{"footnotes":""},"categories":[1],"tags":[],"class_list":["post-37672","post","type-post","status-publish","format-standard","has-post-thumbnail","hentry","category-nacionales"],"_links":{"self":[{"href":"https:\/\/acronoticias.com\/index.php\/wp-json\/wp\/v2\/posts\/37672","targetHints":{"allow":["GET"]}}],"collection":[{"href":"https:\/\/acronoticias.com\/index.php\/wp-json\/wp\/v2\/posts"}],"about":[{"href":"https:\/\/acronoticias.com\/index.php\/wp-json\/wp\/v2\/types\/post"}],"author":[{"embeddable":true,"href":"https:\/\/acronoticias.com\/index.php\/wp-json\/wp\/v2\/users\/1"}],"replies":[{"embeddable":true,"href":"https:\/\/acronoticias.com\/index.php\/wp-json\/wp\/v2\/comments?post=37672"}],"version-history":[{"count":0,"href":"https:\/\/acronoticias.com\/index.php\/wp-json\/wp\/v2\/posts\/37672\/revisions"}],"wp:featuredmedia":[{"embeddable":true,"href":"https:\/\/acronoticias.com\/index.php\/wp-json\/wp\/v2\/media\/37673"}],"wp:attachment":[{"href":"https:\/\/acronoticias.com\/index.php\/wp-json\/wp\/v2\/media?parent=37672"}],"wp:term":[{"taxonomy":"category","embeddable":true,"href":"https:\/\/acronoticias.com\/index.php\/wp-json\/wp\/v2\/categories?post=37672"},{"taxonomy":"post_tag","embeddable":true,"href":"https:\/\/acronoticias.com\/index.php\/wp-json\/wp\/v2\/tags?post=37672"}],"curies":[{"name":"wp","href":"https:\/\/api.w.org\/{rel}","templated":true}]}}