{"id":37670,"date":"2026-04-28T17:02:38","date_gmt":"2026-04-28T17:02:38","guid":{"rendered":"https:\/\/acronoticias.com\/index.php\/2026\/04\/28\/recuerdan-el-61-aniversario-de-la-revolucion-de-abril-contra-intervencion-militar-norteamericana\/"},"modified":"2026-04-28T17:02:38","modified_gmt":"2026-04-28T17:02:38","slug":"recuerdan-el-61-aniversario-de-la-revolucion-de-abril-contra-intervencion-militar-norteamericana","status":"publish","type":"post","link":"https:\/\/acronoticias.com\/index.php\/2026\/04\/28\/recuerdan-el-61-aniversario-de-la-revolucion-de-abril-contra-intervencion-militar-norteamericana\/","title":{"rendered":"Recuerdan el 61 aniversario de la Revoluci\u00f3n de abril contra intervenci\u00f3n militar norteamericana\u00a0"},"content":{"rendered":"<p><img decoding=\"async\" width=\"355\" height=\"200\" src=\"https:\/\/nuevodiario-assets.s3.us-east-2.amazonaws.com\/wp-content\/uploads\/2026\/04\/Efemerides-Patria-355x200.jpeg\" class=\"webfeedsFeaturedVisual not-transparent wp-post-image\" alt=\"\" style=\"--dominant-color: #8a8877;margin-bottom: 5px;clear:both;max-width: 100%\" loading=\"lazy\" data-has-transparency=\"false\" data-dominant-color=\"8a8877\" \/><\/p>\n<p>EL NUEVO DIARIO, SANTO DOMINGO.- La Revoluci\u00f3n Constitucionalista de abril, convertida posteriormente en guerra patria contra la segunda intervenci\u00f3n militar norteamericana del siglo XX, un 28 de abril de 1965, constituy\u00f3 un doloroso cap\u00edtulo de injerencia militar y pol\u00edtica que violent\u00f3 nuestra soberan\u00eda nacional y nuestro derecho a la autodeterminaci\u00f3n, como pueblo que se hab\u00eda ganado su independencia nacional con valent\u00eda y hero\u00edsmo a partir del 27 de febrero de 1844.<\/p>\n<p>En tales t\u00e9rminos se expres\u00f3 Juan Pablo Uribe, presidente de la Comisi\u00f3n Permanente de Efem\u00e9rides Patrias, en un acto patri\u00f3tico organizado por el Comit\u00e9 Ruta de los Comandos de 1965 y la entidad que \u00e9l encabeza.<\/p>\n<p>Se\u00f1al\u00f3 que \u201cla intervenci\u00f3n extranjera fue confrontada con valent\u00eda, determinaci\u00f3n y honor patrio, haciendo que la peque\u00f1ez territorial del pa\u00eds se agigantara en t\u00e9rminos morales, militares y dominicanistas, convirti\u00e9ndose nuestro pa\u00eds en un referente mundial de dignidad y lucha ante el poder\u00edo imperial, escribiendo as\u00ed otro cap\u00edtulo glorioso de nuestra historia singular\u201d.<\/p>\n<p><img loading=\"lazy\" decoding=\"async\" data-recalc-dims=\"1\" data-dominant-color=\"7c7365\" data-has-transparency=\"false\" style=\"--dominant-color: #7c7365\" class=\"alignnone wp-image-3100198 size-full not-transparent\" src=\"https:\/\/i0.wp.com\/nuevodiario-assets.s3.us-east-2.amazonaws.com\/wp-content\/uploads\/2026\/04\/Efemerides-Patria.2.jpeg?resize=640%2C360&#038;quality=100&#038;ssl=1\" alt=\"\" width=\"640\" height=\"360\" \/><\/p>\n<p>Se record\u00f3 en la actividad que el Congreso Nacional declar\u00f3 mediante la ley 378-09 el 28 de abril como \u201cD\u00eda Nacional de la No Agresi\u00f3n contra los Pueblos\u201d.<\/p>\n<p>Hablaron en nombre del Comit\u00e9 Ruta de los Comandos, el coordinador Papito Jim\u00e9nez, el ingeniero Cocuyo B\u00e1ez, Andr\u00e9s Diroci\u00e9, Papi Cueva, todos combatientes constitucionalistas, adem\u00e1s Argelia de la Rosa, hija del militar constitucionalista y profesor universitario Jes\u00fas de la Rosa cuya memoria fue resaltada entregando a los asistentes el libro \u201cRevoluci\u00f3n de Abril\u201d, de su autor\u00eda.<\/p>\n<p>El acto concluy\u00f3 con la brillante participaci\u00f3n del cantautor de la patria Claudio Cohen, que fue realizado en el parque Ruina de San Francisco, donde funcion\u00f3 el comando San Ant\u00f3n.<\/p>\n<p><img loading=\"lazy\" decoding=\"async\" data-recalc-dims=\"1\" data-dominant-color=\"6a6869\" data-has-transparency=\"false\" style=\"--dominant-color: #6a6869\" class=\"alignnone wp-image-3100203 size-full not-transparent\" src=\"https:\/\/i0.wp.com\/nuevodiario-assets.s3.us-east-2.amazonaws.com\/wp-content\/uploads\/2026\/04\/Efemerides-Patria.4.jpeg?resize=640%2C300&#038;quality=100&#038;ssl=1\" alt=\"\" width=\"640\" height=\"300\" \/> <img decoding=\"async\" data-recalc-dims=\"1\" data-dominant-color=\"988a7e\" data-has-transparency=\"false\" style=\"--dominant-color: #988a7e\" loading=\"lazy\" class=\"alignnone wp-image-3100204 size-full not-transparent\" src=\"https:\/\/i0.wp.com\/nuevodiario-assets.s3.us-east-2.amazonaws.com\/wp-content\/uploads\/2026\/04\/Efemerides-Patria.3.jpeg?resize=640%2C313&#038;quality=100&#038;ssl=1\" alt=\"\" width=\"640\" height=\"313\" \/><\/p>\n<p>La entrada <a href=\"https:\/\/elnuevodiario.com.do\/recuerdan-el-61-aniversario-de-la-revolucion-de-abril-contra-intervencion-militar-norteamericana\/\">Recuerdan el 61 aniversario de la Revoluci\u00f3n de abril contra intervenci\u00f3n militar norteamericana\u00a0<\/a> se public\u00f3 primero en <a href=\"https:\/\/elnuevodiario.com.do\">El Nuevo Diario (Rep\u00fablica Dominicana)<\/a>.<\/p>\n","protected":false},"excerpt":{"rendered":"<p>EL NUEVO DIARIO, SANTO DOMINGO.- La Revoluci\u00f3n Constitucionalista de abril, convertida posteriormente en guerra patria contra la segunda intervenci\u00f3n militar norteamericana del siglo XX, un 28 de abril de 1965, constituy\u00f3 un doloroso cap\u00edtulo de injerencia militar y pol\u00edtica que violent\u00f3 nuestra soberan\u00eda nacional y nuestro derecho a la autodeterminaci\u00f3n, como pueblo que se hab\u00eda<\/p>\n","protected":false},"author":1,"featured_media":37671,"comment_status":"open","ping_status":"open","sticky":false,"template":"","format":"standard","meta":{"footnotes":""},"categories":[1],"tags":[],"class_list":["post-37670","post","type-post","status-publish","format-standard","has-post-thumbnail","hentry","category-nacionales"],"_links":{"self":[{"href":"https:\/\/acronoticias.com\/index.php\/wp-json\/wp\/v2\/posts\/37670","targetHints":{"allow":["GET"]}}],"collection":[{"href":"https:\/\/acronoticias.com\/index.php\/wp-json\/wp\/v2\/posts"}],"about":[{"href":"https:\/\/acronoticias.com\/index.php\/wp-json\/wp\/v2\/types\/post"}],"author":[{"embeddable":true,"href":"https:\/\/acronoticias.com\/index.php\/wp-json\/wp\/v2\/users\/1"}],"replies":[{"embeddable":true,"href":"https:\/\/acronoticias.com\/index.php\/wp-json\/wp\/v2\/comments?post=37670"}],"version-history":[{"count":0,"href":"https:\/\/acronoticias.com\/index.php\/wp-json\/wp\/v2\/posts\/37670\/revisions"}],"wp:featuredmedia":[{"embeddable":true,"href":"https:\/\/acronoticias.com\/index.php\/wp-json\/wp\/v2\/media\/37671"}],"wp:attachment":[{"href":"https:\/\/acronoticias.com\/index.php\/wp-json\/wp\/v2\/media?parent=37670"}],"wp:term":[{"taxonomy":"category","embeddable":true,"href":"https:\/\/acronoticias.com\/index.php\/wp-json\/wp\/v2\/categories?post=37670"},{"taxonomy":"post_tag","embeddable":true,"href":"https:\/\/acronoticias.com\/index.php\/wp-json\/wp\/v2\/tags?post=37670"}],"curies":[{"name":"wp","href":"https:\/\/api.w.org\/{rel}","templated":true}]}}