{"id":37666,"date":"2026-04-28T16:46:34","date_gmt":"2026-04-28T16:46:34","guid":{"rendered":"https:\/\/acronoticias.com\/index.php\/2026\/04\/28\/abinader-entrega-25-vehiculos-a-inespre-para-llegar-mas-rapido-entre-el-productor-y-el-consumidor\/"},"modified":"2026-04-28T16:46:34","modified_gmt":"2026-04-28T16:46:34","slug":"abinader-entrega-25-vehiculos-a-inespre-para-llegar-mas-rapido-entre-el-productor-y-el-consumidor","status":"publish","type":"post","link":"https:\/\/acronoticias.com\/index.php\/2026\/04\/28\/abinader-entrega-25-vehiculos-a-inespre-para-llegar-mas-rapido-entre-el-productor-y-el-consumidor\/","title":{"rendered":"Abinader entrega 25 veh\u00edculos a Inespre \u201cpara llegar m\u00e1s r\u00e1pido entre el productor y el consumidor\u201d"},"content":{"rendered":"<p><img loading=\"lazy\" decoding=\"async\" width=\"355\" height=\"200\" src=\"https:\/\/nuevodiario-assets.s3.us-east-2.amazonaws.com\/wp-content\/uploads\/2026\/04\/Entrega-de-flotilla-a-Inespre-355x200.jpeg\" class=\"webfeedsFeaturedVisual not-transparent wp-post-image\" alt=\"\" style=\"--dominant-color: #b3b8b2;margin-bottom: 5px;clear:both;max-width: 100%\" data-has-transparency=\"false\" data-dominant-color=\"b3b8b2\" \/><\/p>\n<p>EL NUEVO DIARIO, SANTO DOMINGO.- El presidente de la Rep\u00fablica, Luis Abinader, encabez\u00f3 este martes la primera entrega de 25 nuevos veh\u00edculos al Instituto de Estabilizaci\u00f3n de Precios (Inespre), instituci\u00f3n que dirige el director ejecutivo David Herrera D\u00edaz, como parte de una adquisici\u00f3n total de 60 unidades.<\/p>\n<p>Estos veh\u00edculos est\u00e1n destinados a fortalecer la capacidad operativa de esta instituci\u00f3n en todo el territorio, en un acto que reafirma el compromiso del Gobierno dominicano con la seguridad alimentaria y el bienestar de la poblaci\u00f3n, seg\u00fan el mandatario.<\/p>\n<figure id=\"attachment_3100170\" aria-describedby=\"caption-attachment-3100170\" style=\"width: 1280px\" class=\"wp-caption alignnone\"><img loading=\"lazy\" decoding=\"async\" data-recalc-dims=\"1\" data-dominant-color=\"8b907e\" data-has-transparency=\"false\" style=\"--dominant-color: #8b907e\" class=\"size-full wp-image-3100170 not-transparent\" src=\"https:\/\/i0.wp.com\/nuevodiario-assets.s3.us-east-2.amazonaws.com\/wp-content\/uploads\/2026\/04\/Camiones-entregados-a-Inespre.jpeg?resize=640%2C426&#038;quality=100&#038;ssl=1\" alt=\"\" width=\"640\" height=\"426\" \/><figcaption id=\"caption-attachment-3100170\" class=\"wp-caption-text\">Entrega de flotilla a Inespre (Foto: F\u00e9lix Lara\/ END)<\/figcaption><\/figure>\n<p>De acuerdo con una nota informativa, la flotilla, gestionada a trav\u00e9s del Ministerio Administrativo de la Presidencia (Mapre), bajo la direcci\u00f3n del ministro Andr\u00e9s Bautista, forma parte de las acciones impulsadas por el Gobierno para garantizar el acceso oportuno y equitativo de la poblaci\u00f3n a productos de la canasta b\u00e1sica a precios asequibles, ampliando su alcance en todo el territorio nacional.<\/p>\n<p>Durante el acto, se destac\u00f3 que esta primera entrega marca el inicio de un proceso de fortalecimiento institucional que permitir\u00e1 al Inespre ampliar significativamente su cobertura y eficiencia en la distribuci\u00f3n de alimentos impactando de manera directa a miles de familias dominicanas, especialmente en los sectores m\u00e1s vulnerables.<\/p>\n<p>De su lado, el presidente Abinader indic\u00f3 que, \u201choy m\u00e1s que nunca, ante esta situaci\u00f3n y esta crisis mundial,\u00a0estamos atendiendo diariamente con la mesa de precios, para que estabilizar los precios, cumplir con la visi\u00f3n y la misi\u00f3n del Inespre. Como dijo Andr\u00e9s, es llegar m\u00e1s r\u00e1pido, m\u00e1s eficiente entre el productor y el consumidor\u201d.<\/p>\n<p><a href=\"https:\/\/videos.files.wordpress.com\/FDoNz9r6\/abinader-en-inespre-.mp4\">abinader-en-inespre-mp4<\/a><\/p>\n<p>Manifest\u00f3 que, los 60 veh\u00edculos van a cumplir este objetivo, \u201cpara que cuando la gente vea a Inespre en los barrios, vea la garant\u00eda de un precio justo en los productos\u201d.<\/p>\n<p>En ese orden, destac\u00f3 el trabajo de Andr\u00e9s Bautista y se mostr\u00f3 confiado en que seguir\u00e1 haciendo un gran trabajo.<\/p>\n<p>La incorporaci\u00f3n de estos veh\u00edculos marca un avance significativo en la capacidad del programa de bodegas m\u00f3viles del Inespre, facilitando la distribuci\u00f3n de alimentos en comunidades de dif\u00edcil acceso y aumentando la frecuencia de abastecimiento en distintos puntos del pa\u00eds.<\/p>\n<p><a href=\"https:\/\/videos.files.wordpress.com\/Tex5byhb\/entrega-de-flotillas.-.mp4\">entrega-de-flotillas-mp4<\/a><\/p>\n<p>Esta entrega refleja una visi\u00f3n de Gobierno centrada en resultados, que prioriza el bienestar de la gente y ejecuta acciones para mejorar la calidad de vida de las familias dominicanas.<\/p>\n<p>&nbsp;<\/p>\n<p>&nbsp;<\/p>\n<p>JSB\/<\/p>\n<p>La entrada <a href=\"https:\/\/elnuevodiario.com.do\/abinader-entrega-25-vehiculos-a-inespre-para-llegar-mas-rapido-entre-el-productor-y-el-consumidor\/\">Abinader entrega 25 veh\u00edculos a Inespre \u201cpara llegar m\u00e1s r\u00e1pido entre el productor y el consumidor\u201d<\/a> se public\u00f3 primero en <a href=\"https:\/\/elnuevodiario.com.do\">El Nuevo Diario (Rep\u00fablica Dominicana)<\/a>.<\/p>\n","protected":false},"excerpt":{"rendered":"<p>EL NUEVO DIARIO, SANTO DOMINGO.- El presidente de la Rep\u00fablica, Luis Abinader, encabez\u00f3 este martes la primera entrega de 25 nuevos veh\u00edculos al Instituto de Estabilizaci\u00f3n de Precios (Inespre), instituci\u00f3n que dirige el director ejecutivo David Herrera D\u00edaz, como parte de una adquisici\u00f3n total de 60 unidades. Estos veh\u00edculos est\u00e1n destinados a fortalecer la capacidad<\/p>\n","protected":false},"author":1,"featured_media":37667,"comment_status":"open","ping_status":"open","sticky":false,"template":"","format":"standard","meta":{"footnotes":""},"categories":[1],"tags":[],"class_list":["post-37666","post","type-post","status-publish","format-standard","has-post-thumbnail","hentry","category-nacionales"],"_links":{"self":[{"href":"https:\/\/acronoticias.com\/index.php\/wp-json\/wp\/v2\/posts\/37666","targetHints":{"allow":["GET"]}}],"collection":[{"href":"https:\/\/acronoticias.com\/index.php\/wp-json\/wp\/v2\/posts"}],"about":[{"href":"https:\/\/acronoticias.com\/index.php\/wp-json\/wp\/v2\/types\/post"}],"author":[{"embeddable":true,"href":"https:\/\/acronoticias.com\/index.php\/wp-json\/wp\/v2\/users\/1"}],"replies":[{"embeddable":true,"href":"https:\/\/acronoticias.com\/index.php\/wp-json\/wp\/v2\/comments?post=37666"}],"version-history":[{"count":0,"href":"https:\/\/acronoticias.com\/index.php\/wp-json\/wp\/v2\/posts\/37666\/revisions"}],"wp:featuredmedia":[{"embeddable":true,"href":"https:\/\/acronoticias.com\/index.php\/wp-json\/wp\/v2\/media\/37667"}],"wp:attachment":[{"href":"https:\/\/acronoticias.com\/index.php\/wp-json\/wp\/v2\/media?parent=37666"}],"wp:term":[{"taxonomy":"category","embeddable":true,"href":"https:\/\/acronoticias.com\/index.php\/wp-json\/wp\/v2\/categories?post=37666"},{"taxonomy":"post_tag","embeddable":true,"href":"https:\/\/acronoticias.com\/index.php\/wp-json\/wp\/v2\/tags?post=37666"}],"curies":[{"name":"wp","href":"https:\/\/api.w.org\/{rel}","templated":true}]}}