{"id":37658,"date":"2026-04-28T15:59:01","date_gmt":"2026-04-28T15:59:01","guid":{"rendered":"https:\/\/acronoticias.com\/index.php\/2026\/04\/28\/coronan-en-puerto-plata-reina-de-las-patronales-san-felipe-apostol-2026\/"},"modified":"2026-04-28T15:59:01","modified_gmt":"2026-04-28T15:59:01","slug":"coronan-en-puerto-plata-reina-de-las-patronales-san-felipe-apostol-2026","status":"publish","type":"post","link":"https:\/\/acronoticias.com\/index.php\/2026\/04\/28\/coronan-en-puerto-plata-reina-de-las-patronales-san-felipe-apostol-2026\/","title":{"rendered":"Coronan en Puerto Plata reina de las Patronales San Felipe Ap\u00f3stol 2026"},"content":{"rendered":"<p><img loading=\"lazy\" decoding=\"async\" width=\"355\" height=\"200\" src=\"https:\/\/nuevodiario-assets.s3.us-east-2.amazonaws.com\/wp-content\/uploads\/2026\/04\/coronacion-puerto-plata-355x200.jpeg\" class=\"webfeedsFeaturedVisual not-transparent wp-post-image\" alt=\"\" style=\"--dominant-color: #b3a38e;margin-bottom: 5px;clear:both;max-width: 100%\" data-has-transparency=\"false\" data-dominant-color=\"b3a38e\" \/><\/p>\n<p>EL NUEVO DIARIO, PUERTO PLATA.- Con una misa en la catedral de esta ciudad la se\u00f1orita Juliana Lisanel Pl\u00e1cido Santana fue coronada reina de la Patronales San Felipe Ap\u00f3stol 2026.<\/p>\n<p>Dicha actividad que da continuidad a tradiciones y exalta lo mejor de la sociedad puertoplate\u00f1a, fue realizada en el principal templo cat\u00f3lico de esta demarcaci\u00f3n atl\u00e1ntica la noche del s\u00e1bado.<\/p>\n<p>El momento especial de celebraci\u00f3n de fe, cultura y esp\u00edritu comunitario fue auspiciado por el Obispado de Puerto Plata y ejecutada por el Comit\u00e9 Organizador de las Fiestas Patronales San Felipe Ap\u00f3stol que preside el empresario Elvis Peralta Cooper.<\/p>\n<p>Se destaca que la eucarist\u00eda fue oficiada por los sacerdotes Cruz Osvaldo Santos Cid y Cirilo Z\u00e1rate y entre aplausos, luz y emoci\u00f3n se procedi\u00f3 a la coronaci\u00f3n de la soberana Juliana Lisanel I por parte de la senadora de Puerto Plata, Ginette Bournigal del Jim\u00e9nez.<\/p>\n<p>La reina quien encarna un s\u00edmbolo de elegancia, compromiso y orgullo por las ra\u00edces de un pueblo unido, solidario y lleno de cultura, se present\u00f3 en un desfile con las 7 princesas acompa\u00f1adas con un despliegue de estudiantes abanderados de diferentes escuelas, incluyendo el Colegio San Jos\u00e9.<\/p>\n<p>La entrada <a href=\"https:\/\/elnuevodiario.com.do\/coronan-en-puerto-plata-reina-de-las-patronales-san-felipe-apostol-2026\/\">Coronan en Puerto Plata reina de las Patronales San Felipe Ap\u00f3stol 2026<\/a> se public\u00f3 primero en <a href=\"https:\/\/elnuevodiario.com.do\">El Nuevo Diario (Rep\u00fablica Dominicana)<\/a>.<\/p>\n","protected":false},"excerpt":{"rendered":"<p>EL NUEVO DIARIO, PUERTO PLATA.- Con una misa en la catedral de esta ciudad la se\u00f1orita Juliana Lisanel Pl\u00e1cido Santana fue coronada reina de la Patronales San Felipe Ap\u00f3stol 2026. Dicha actividad que da continuidad a tradiciones y exalta lo mejor de la sociedad puertoplate\u00f1a, fue realizada en el principal templo cat\u00f3lico de esta demarcaci\u00f3n<\/p>\n","protected":false},"author":1,"featured_media":37659,"comment_status":"open","ping_status":"open","sticky":false,"template":"","format":"standard","meta":{"footnotes":""},"categories":[1],"tags":[],"class_list":["post-37658","post","type-post","status-publish","format-standard","has-post-thumbnail","hentry","category-nacionales"],"_links":{"self":[{"href":"https:\/\/acronoticias.com\/index.php\/wp-json\/wp\/v2\/posts\/37658","targetHints":{"allow":["GET"]}}],"collection":[{"href":"https:\/\/acronoticias.com\/index.php\/wp-json\/wp\/v2\/posts"}],"about":[{"href":"https:\/\/acronoticias.com\/index.php\/wp-json\/wp\/v2\/types\/post"}],"author":[{"embeddable":true,"href":"https:\/\/acronoticias.com\/index.php\/wp-json\/wp\/v2\/users\/1"}],"replies":[{"embeddable":true,"href":"https:\/\/acronoticias.com\/index.php\/wp-json\/wp\/v2\/comments?post=37658"}],"version-history":[{"count":0,"href":"https:\/\/acronoticias.com\/index.php\/wp-json\/wp\/v2\/posts\/37658\/revisions"}],"wp:featuredmedia":[{"embeddable":true,"href":"https:\/\/acronoticias.com\/index.php\/wp-json\/wp\/v2\/media\/37659"}],"wp:attachment":[{"href":"https:\/\/acronoticias.com\/index.php\/wp-json\/wp\/v2\/media?parent=37658"}],"wp:term":[{"taxonomy":"category","embeddable":true,"href":"https:\/\/acronoticias.com\/index.php\/wp-json\/wp\/v2\/categories?post=37658"},{"taxonomy":"post_tag","embeddable":true,"href":"https:\/\/acronoticias.com\/index.php\/wp-json\/wp\/v2\/tags?post=37658"}],"curies":[{"name":"wp","href":"https:\/\/api.w.org\/{rel}","templated":true}]}}