{"id":37648,"date":"2026-04-28T15:10:44","date_gmt":"2026-04-28T15:10:44","guid":{"rendered":"https:\/\/acronoticias.com\/index.php\/2026\/04\/28\/movimiento-justicia-jet-set-convoca-vigilia-de-luz-y-esperanza-este-30-de-abril-en-el-palacio-de-justicia\/"},"modified":"2026-04-28T15:10:44","modified_gmt":"2026-04-28T15:10:44","slug":"movimiento-justicia-jet-set-convoca-vigilia-de-luz-y-esperanza-este-30-de-abril-en-el-palacio-de-justicia","status":"publish","type":"post","link":"https:\/\/acronoticias.com\/index.php\/2026\/04\/28\/movimiento-justicia-jet-set-convoca-vigilia-de-luz-y-esperanza-este-30-de-abril-en-el-palacio-de-justicia\/","title":{"rendered":"Movimiento Justicia Jet Set convoca vigilia de luz y esperanza este 30 de abril en el Palacio de Justicia"},"content":{"rendered":"<p><strong>SANTO DOMINGO<\/strong>.- El <strong>Movimiento Justicia Jet Set<\/strong> anunci\u00f3 la realizaci\u00f3n de una \u201cVigilia de luz y esperanza\u201d, a celebrarse el jueves 30 de abril a las 7:00 de la noche en el <strong>Palacio de Justicia<\/strong>.<\/p>\n<p>La actividad busca rendir <strong>homenaje a las personas fallecidas<\/strong>, encendiendo una vela por cada una de ellas. <\/p>\n<p>Los organizadores invitan a <strong>la ciudadan\u00eda a asistir con una vela<\/strong>, destacando que cada luz representar\u00e1 una oraci\u00f3n y cada oraci\u00f3n, un abrazo al cielo.<\/p>\n<figure class=\"wp-block-image size-full is-resized\"><img loading=\"lazy\" decoding=\"async\" width=\"960\" height=\"1280\" src=\"https:\/\/multimedia.noticiassin.com\/wp-content\/uploads\/2026\/04\/borrador-automatico-20260428-141645-eGwT.jpeg\" alt=\"\" class=\"wp-image-1987659\" style=\"width:352px;height:auto\" \/><\/figure>\n<p>\u00abPorque su memoria vive en nosotros\u2026 y por ellos seguimos firmes\u201d, expresa la convocatoria, que hace un llamado a la solidaridad y al recogimiento <strong>colectivo en honor a quienes ya no est\u00e1n.<\/strong><\/p>\n","protected":false},"excerpt":{"rendered":"<p>SANTO DOMINGO.- El Movimiento Justicia Jet Set anunci\u00f3 la realizaci\u00f3n de una \u201cVigilia de luz y esperanza\u201d, a celebrarse el jueves 30 de abril a las 7:00 de la noche en el Palacio de Justicia. La actividad busca rendir homenaje a las personas fallecidas, encendiendo una vela por cada una de ellas. Los organizadores invitan<\/p>\n","protected":false},"author":1,"featured_media":37649,"comment_status":"open","ping_status":"open","sticky":false,"template":"","format":"standard","meta":{"footnotes":""},"categories":[1],"tags":[],"class_list":["post-37648","post","type-post","status-publish","format-standard","has-post-thumbnail","hentry","category-nacionales"],"_links":{"self":[{"href":"https:\/\/acronoticias.com\/index.php\/wp-json\/wp\/v2\/posts\/37648","targetHints":{"allow":["GET"]}}],"collection":[{"href":"https:\/\/acronoticias.com\/index.php\/wp-json\/wp\/v2\/posts"}],"about":[{"href":"https:\/\/acronoticias.com\/index.php\/wp-json\/wp\/v2\/types\/post"}],"author":[{"embeddable":true,"href":"https:\/\/acronoticias.com\/index.php\/wp-json\/wp\/v2\/users\/1"}],"replies":[{"embeddable":true,"href":"https:\/\/acronoticias.com\/index.php\/wp-json\/wp\/v2\/comments?post=37648"}],"version-history":[{"count":0,"href":"https:\/\/acronoticias.com\/index.php\/wp-json\/wp\/v2\/posts\/37648\/revisions"}],"wp:featuredmedia":[{"embeddable":true,"href":"https:\/\/acronoticias.com\/index.php\/wp-json\/wp\/v2\/media\/37649"}],"wp:attachment":[{"href":"https:\/\/acronoticias.com\/index.php\/wp-json\/wp\/v2\/media?parent=37648"}],"wp:term":[{"taxonomy":"category","embeddable":true,"href":"https:\/\/acronoticias.com\/index.php\/wp-json\/wp\/v2\/categories?post=37648"},{"taxonomy":"post_tag","embeddable":true,"href":"https:\/\/acronoticias.com\/index.php\/wp-json\/wp\/v2\/tags?post=37648"}],"curies":[{"name":"wp","href":"https:\/\/api.w.org\/{rel}","templated":true}]}}